{"id":50651,"date":"2019-07-01T09:10:21","date_gmt":"2019-07-01T12:10:21","guid":{"rendered":"http:\/\/catolicanet.net\/wp-cnet\/?p=50651"},"modified":"2019-07-02T10:11:18","modified_gmt":"2019-07-02T13:11:18","slug":"regional-oeste-1-tem-tres-representantes-em-comissoes-nacionais-da-cnbb","status":"publish","type":"post","link":"https:\/\/catolicanet.net\/wp-cnet\/regional-oeste-1-tem-tres-representantes-em-comissoes-nacionais-da-cnbb\/","title":{"rendered":"Regional Oeste 1 tem tr\u00eas representantes em Comiss\u00f5es Nacionais da CNBB"},"content":{"rendered":"<p>O Conselho Permanente da Confer\u00eancia Nacional dos Bispos do Brasil (CNBB), em sua primeira reuni\u00e3o do quadri\u00eanio 2019-2023, desde o dia 25 de junho em Bras\u00edlia, nomeou o padre Crispim Guimar\u00e3es do Clero da diocese de Dourados como Assessor Nacional da Comiss\u00e3o para Vida e a Fam\u00edlia. Padre Crispim at\u00e9 agora assessorava a Pastoral Familiar do Regional e, a partir de agora, se transferir\u00e1 para Bras\u00edlia onde residir\u00e1 e de l\u00e1 servir\u00e1 \u00e0s fam\u00edlias de todo Brasil.<\/p>\n<p>O mesmo Conselho, elegeu dois bispos do regional para duas comiss\u00f5es estrat\u00e9gicas: Dom Henrique Aparecido de Lima, bispo da Diocese de Dourados para a Comiss\u00e3o para A\u00e7\u00e3o S\u00f3cio Transformadora, e dom Dimas Lara Barbosa, Arcebispo de Campo Grande e Presidente do regional, para o Setor do Ensino Religioso da Comiss\u00e3o para a Cultura e Educa\u00e7\u00e3o da CNBB.<\/p>\n<p><a href=\"https:\/\/cnbboeste1.org.br\/regional-oeste-1-tem-tres-representantes-em-comissoes-nacionais-da-cnbb\/\">Confira a not\u00edcia na \u00edntegra<\/a>.<\/p>\n","protected":false},"excerpt":{"rendered":"<p>O Conselho Permanente da Confer\u00eancia Nacional dos Bispos do Brasil (CNBB), em sua primeira reuni\u00e3o do quadri\u00eanio 2019-2023, desde o dia 25 de junho em Bras\u00edlia, nomeou o padre Crispim Guimar\u00e3es do Clero da diocese de Dourados como Assessor Nacional da Comiss\u00e3o para Vida e a Fam\u00edlia. Padre Crispim at\u00e9 agora assessorava a Pastoral Familiar [&hellip;]<\/p>\n","protected":false},"author":1,"featured_media":50653,"comment_status":"open","ping_status":"closed","sticky":false,"template":"","format":"standard","meta":{"footnotes":""},"categories":[7],"tags":[],"class_list":["post-50651","post","type-post","status-publish","format-standard","has-post-thumbnail","hentry","category-cnbb"],"_links":{"self":[{"href":"https:\/\/catolicanet.net\/wp-cnet\/wp-json\/wp\/v2\/posts\/50651","targetHints":{"allow":["GET"]}}],"collection":[{"href":"https:\/\/catolicanet.net\/wp-cnet\/wp-json\/wp\/v2\/posts"}],"about":[{"href":"https:\/\/catolicanet.net\/wp-cnet\/wp-json\/wp\/v2\/types\/post"}],"author":[{"embeddable":true,"href":"https:\/\/catolicanet.net\/wp-cnet\/wp-json\/wp\/v2\/users\/1"}],"replies":[{"embeddable":true,"href":"https:\/\/catolicanet.net\/wp-cnet\/wp-json\/wp\/v2\/comments?post=50651"}],"version-history":[{"count":1,"href":"https:\/\/catolicanet.net\/wp-cnet\/wp-json\/wp\/v2\/posts\/50651\/revisions"}],"predecessor-version":[{"id":50654,"href":"https:\/\/catolicanet.net\/wp-cnet\/wp-json\/wp\/v2\/posts\/50651\/revisions\/50654"}],"wp:featuredmedia":[{"embeddable":true,"href":"https:\/\/catolicanet.net\/wp-cnet\/wp-json\/wp\/v2\/media\/50653"}],"wp:attachment":[{"href":"https:\/\/catolicanet.net\/wp-cnet\/wp-json\/wp\/v2\/media?parent=50651"}],"wp:term":[{"taxonomy":"category","embeddable":true,"href":"https:\/\/catolicanet.net\/wp-cnet\/wp-json\/wp\/v2\/categories?post=50651"},{"taxonomy":"post_tag","embeddable":true,"href":"https:\/\/catolicanet.net\/wp-cnet\/wp-json\/wp\/v2\/tags?post=50651"}],"curies":[{"name":"wp","href":"https:\/\/api.w.org\/{rel}","templated":true}]}}