{"id":50643,"date":"2019-07-01T10:02:04","date_gmt":"2019-07-01T13:02:04","guid":{"rendered":"http:\/\/catolicanet.net\/wp-cnet\/?p=50643"},"modified":"2019-07-02T10:04:25","modified_gmt":"2019-07-02T13:04:25","slug":"embaixador-da-boa-vontade-da-oms-para-a-hanseniase-busca-apoio-da-cnbb","status":"publish","type":"post","link":"https:\/\/catolicanet.net\/wp-cnet\/embaixador-da-boa-vontade-da-oms-para-a-hanseniase-busca-apoio-da-cnbb\/","title":{"rendered":"Embaixador da Boa Vontade da OMS para a Hansen\u00edase busca apoio da CNBB"},"content":{"rendered":"<p>O bispo auxiliar do Rio de Janeiro (RJ) e secret\u00e1rio-geral da Confer\u00eancia Nacional dos Bispos do Brasil, dom Joel Portella, recebeu na manh\u00e3 desta segunda-feira, 1\u00ba de julho, o presidente do Conselho de Administra\u00e7\u00e3o da Nippon Foundation e embaixador da Boa Vontade da Organiza\u00e7\u00e3o Mundial da Sa\u00fade (OMS) para a Elimina\u00e7\u00e3o da Hansen\u00edase, Yohei Sasakawa.<\/p>\n<p>A visita a CNBB integra uma s\u00e9rie de reuni\u00f5es do embaixador da Boa Vontade da OMS com l\u00edderes brasileiros com o objetivo de articular a\u00e7\u00f5es de combate \u00e0 hansen\u00edase. \u00c0 CNBB ele solicitou a abertura de espa\u00e7os em eventos organizados pela entidade para sensibilizar a Igreja no Brasil.<\/p>\n<p>O documento com a \u201cEstrat\u00e9gia Nacional para o Enfrentamento da Hansen\u00edase 2019 \u2013 2022\u201d do Minist\u00e9rio da Sa\u00fade do Brasil reconhece que o pa\u00eds est\u00e1 entre os 22 que possuem as mais altas cargas da doen\u00e7a em n\u00edvel global, ocupa a 2\u00aa posi\u00e7\u00e3o na detec\u00e7\u00e3o de casos novos e det\u00e9m 92% do total de casos dos pa\u00edses das Am\u00e9ricas.<\/p>\n<p>A CNBB prop\u00f4s apresentar o tema para o pr\u00f3ximo encontro nacional das Pastorais Sociais, marcada de 1\u00ba e 2 de agosto, e buscar articular um trabalho junto \u00e0s pastorais que atuam mais diretamente no campo da sa\u00fade, Pastoral da Sa\u00fade e Pastoral da Crian\u00e7a, entre outras, tendo em vista o seu alcance e capilaridade nacional. Prop\u00f4s ainda apresentar a a\u00e7\u00e3o para as lideran\u00e7as cat\u00f3licas que atuam no Conselho Nacional de Sa\u00fade.<\/p>\n<p>Os representantes da Nippon Foundation se comprometeram a enviar materiais \u2013 v\u00eddeos e folders \u2013 em portugu\u00eas, para dissemina\u00e7\u00e3o das informa\u00e7\u00f5es junto aos p\u00fablicos das pastorais da Igreja no Brasil. O embaixador da Boa Vontade da Organiza\u00e7\u00e3o Mundial da Sa\u00fade (OMS) para a Elimina\u00e7\u00e3o da Hansen\u00edase, Yohei Sasakawa viajar\u00e1 \u00e0 Bel\u00e9m e Marab\u00e1 (PA) e S\u00e3o Luiz do Maranh\u00e3o (MA). Ele pretende tamb\u00e9m se encontrar com os bispos destas regi\u00f5es.<\/p>\n<p>Tamb\u00e9m integraram a comitiva de oito pessoas, representantes do Movimento de Reintegra\u00e7\u00e3o das Pessoas Atingidas pela Hansen\u00edase (Morhan) e da Organiza\u00e7\u00e3o Pan-Americana de Sa\u00fade (Opas). O subsecret\u00e1rio adjunto geral da CNBB, padre Dirceu de Oliveira Medeiros, o subsecret\u00e1rio adjunto de pastoral, padre Marcus Barbosa, e o assessor da Comiss\u00e3o Episcopal Pastoral para a A\u00e7\u00e3o S\u00f3cio Transformadora, Frei Olavo Dotto acompanharam a agenda.<\/p>\n","protected":false},"excerpt":{"rendered":"<p>O bispo auxiliar do Rio de Janeiro (RJ) e secret\u00e1rio-geral da Confer\u00eancia Nacional dos Bispos do Brasil, dom Joel Portella, recebeu na manh\u00e3 desta segunda-feira, 1\u00ba de julho, o presidente do Conselho de Administra\u00e7\u00e3o da Nippon Foundation e embaixador da Boa Vontade da Organiza\u00e7\u00e3o Mundial da Sa\u00fade (OMS) para a Elimina\u00e7\u00e3o da Hansen\u00edase, Yohei Sasakawa. [&hellip;]<\/p>\n","protected":false},"author":1,"featured_media":50644,"comment_status":"open","ping_status":"closed","sticky":false,"template":"","format":"standard","meta":{"footnotes":""},"categories":[7],"tags":[],"class_list":["post-50643","post","type-post","status-publish","format-standard","has-post-thumbnail","hentry","category-cnbb"],"_links":{"self":[{"href":"https:\/\/catolicanet.net\/wp-cnet\/wp-json\/wp\/v2\/posts\/50643","targetHints":{"allow":["GET"]}}],"collection":[{"href":"https:\/\/catolicanet.net\/wp-cnet\/wp-json\/wp\/v2\/posts"}],"about":[{"href":"https:\/\/catolicanet.net\/wp-cnet\/wp-json\/wp\/v2\/types\/post"}],"author":[{"embeddable":true,"href":"https:\/\/catolicanet.net\/wp-cnet\/wp-json\/wp\/v2\/users\/1"}],"replies":[{"embeddable":true,"href":"https:\/\/catolicanet.net\/wp-cnet\/wp-json\/wp\/v2\/comments?post=50643"}],"version-history":[{"count":1,"href":"https:\/\/catolicanet.net\/wp-cnet\/wp-json\/wp\/v2\/posts\/50643\/revisions"}],"predecessor-version":[{"id":50646,"href":"https:\/\/catolicanet.net\/wp-cnet\/wp-json\/wp\/v2\/posts\/50643\/revisions\/50646"}],"wp:featuredmedia":[{"embeddable":true,"href":"https:\/\/catolicanet.net\/wp-cnet\/wp-json\/wp\/v2\/media\/50644"}],"wp:attachment":[{"href":"https:\/\/catolicanet.net\/wp-cnet\/wp-json\/wp\/v2\/media?parent=50643"}],"wp:term":[{"taxonomy":"category","embeddable":true,"href":"https:\/\/catolicanet.net\/wp-cnet\/wp-json\/wp\/v2\/categories?post=50643"},{"taxonomy":"post_tag","embeddable":true,"href":"https:\/\/catolicanet.net\/wp-cnet\/wp-json\/wp\/v2\/tags?post=50643"}],"curies":[{"name":"wp","href":"https:\/\/api.w.org\/{rel}","templated":true}]}}