{"id":50634,"date":"2019-07-02T09:53:44","date_gmt":"2019-07-02T12:53:44","guid":{"rendered":"http:\/\/catolicanet.net\/wp-cnet\/?p=50634"},"modified":"2019-07-02T09:53:44","modified_gmt":"2019-07-02T12:53:44","slug":"enviados-em-missao","status":"publish","type":"post","link":"https:\/\/catolicanet.net\/wp-cnet\/enviados-em-missao\/","title":{"rendered":"Enviados em miss\u00e3o!"},"content":{"rendered":"<p>Embora as leituras de hoje nos projetem em sentidos diversos, domina a tem\u00e1tica do \u201cenvio\u201d: na figura dos 72 disc\u00edpulos do Evangelho, na figura do profeta an\u00f4nimo que fala aos habitantes de Jerusal\u00e9m do Deus que os ama, ou na figura do ap\u00f3stolo Paulo que anuncia a gl\u00f3ria da cruz, somos convidados a tomar consci\u00eancia de que Deus nos envia a testemunhar o seu Reino.<\/p>\n<p>\u00c9, sobretudo, no Evangelho(Cf. Lc 10,1-12.17-20) que a tem\u00e1tica do \u201cenvio\u201d aparece mais desenvolvida. Os disc\u00edpulos de Jesus s\u00e3o enviados ao mundo para continuar a obra libertadora que Jesus come\u00e7ou e para propor a Boa Nova do Reino aos homens de toda a terra, sem excep\u00e7\u00e3o; devem faz\u00ea-lo com urg\u00eancia, com simplicidade e com amor. Na a\u00e7\u00e3o dos disc\u00edpulos, torna-se realidade a vit\u00f3ria do Reino sobre tudo o que oprime e escraviza o homem. Jesus, no Evangelho deste domingo, faz uma afirma\u00e7\u00e3o que pode muito bem retratar a nossa realidade de hoje. As pessoas que n\u00e3o acreditam em Deus ou os que desejam Deus s\u00e3o muitas, mas os evangelizadores s\u00e3o poucos(Cf. Lc 10,2). Como evangelizar o mundo como o nosso marcado pela descren\u00e7a, esfriamento de muitos crist\u00e3os cat\u00f3licos na f\u00e9 e indiferentismo, t\u00e3o caracter\u00edsticos de grande parte do povo? Hoje em dia, parece haver uma recusa de Deus, porque ele \u00e9 visto como rival e aquele que tolhe a liberdade da pessoa humana. Como disc\u00edpulos de Jesus, qual deve ser a nossa postura diante do grande desafio da descren\u00e7a das pessoas e do reduzido n\u00famero de oper\u00e1rios para a colheita? A Igreja sempre atravessou tempos dif\u00edcieis e de crises dos sacerdotes e religiosos. Precisamos, como crist\u00e3os cat\u00f3licos comprometidos com Jesus Cristo, encarar nossas defici\u00eancias, nossas debilidades, nossas car\u00eancias com um forte apelo para uma cont\u00ednua convers\u00e3o pessoal e comunit\u00e1ria. \u00c9 o nosso testemunho como disc\u00edpulos que impacta e questiona o mundo incr\u00e9dulo. A sociedade hodierna j\u00e1 est\u00e1 farta de propaganda, palavr\u00f3rio e messianismos enganosos e frustrantes. Hoje faltam testemunhas pessoais de uma f\u00e9 coerente, testemunhas de Cristo e testemunhas da ternura de Deus, conforme ouvimos na primeira leitura de hoje(Cf. Is 66,13).<\/p>\n<p>Cabe a cada um de n\u00f3s uma pergunta: Por que n\u00f3s, crist\u00e3os, j\u00e1 n\u00e3o mais arrastamos pessoas para o seguimento de Jesus Cristo? N\u00e3o ser\u00e1 porque nem mesmo entre n\u00f3s somos capazes de dar um testemunho de comprometimento com Jesus Cristo e testemunho da paz? Algumas pessoas, por qualquer motivo, s\u00e3o capazes de come\u00e7ar uma verdadeira guerra de palavr\u00f5es e improp\u00e9rios, capaz de n\u00e3o s\u00f3 machucar a outra pessoa, mas acabar com ela. O Evangelho n\u00e3o \u00e9 s\u00f3 uma doutrina a ser anunciada, mas \u00e9 a pr\u00f3pria pessoa de jesus! Se estamos dispostos a ser ap\u00f3stolos que anunciam o Evangelho, precisamos tornar presente no cora\u00e7\u00e3o de cada pessoa a for\u00e7a salvadora da pessoa de Jesus Cristo e de sua miseric\u00f3rdia pelo nosso testemunho de coer\u00eancia entre f\u00e9 e vida. Para que ser um lobo, se podemos ser simplesmente uma pessoa irm\u00e3 de todos, promotora do amor fraterno, da justi\u00e7a, da conc\u00f3rdia, da miseric\u00f3rdia, do perd\u00e3o e da paz? Que nossa f\u00e9 a Jesus seja motivo de alegria contagiante, que nossa op\u00e7\u00e3o destemida e convicta e nosso testemunho de vida possam levar outras pessoas a acreditar e optar tamb\u00e9m por Jesus Cristo.<\/p>\n<p>Na primeira leitura(Cf. Is 66,10-14c), apresenta-se a palavra de um profeta an\u00f4nimo, enviado a proclamar o amor de pai e de m\u00e3e que Deus tem pelo seu Povo. O profeta \u00e9 sempre um enviado que, em nome de Deus, consola os homens, liberta-os do medo e acena-lhes com a esperan\u00e7a do mundo novo que est\u00e1 para chegar.<\/p>\n<p>Na segunda leitura(Cf. Gl 6,14-18), o ap\u00f3stolo S\u00e3o Paulo deixa claro qual o caminho que o ap\u00f3stolo deve percorrer: n\u00e3o o podem mover interesses de orgulho e de gl\u00f3ria, mas apenas o testemunho da cruz \u2013 isto \u00e9, o testemunho desse Jesus, que amou radicalmente e fez da sua vida um dom a todos. Mesmo no sofrimento, o ap\u00f3stolo tem de testemunhar, com a pr\u00f3pria vida, o amor radical; \u00e9 da\u00ed que nasce a vida nova do Homem Novo.<\/p>\n","protected":false},"excerpt":{"rendered":"<p>Embora as leituras de hoje nos projetem em sentidos diversos, domina a tem\u00e1tica do \u201cenvio\u201d: na figura dos 72 disc\u00edpulos do Evangelho, na figura do profeta an\u00f4nimo que fala aos habitantes de Jerusal\u00e9m do Deus que os ama, ou na figura do ap\u00f3stolo Paulo que anuncia a gl\u00f3ria da cruz, somos convidados a tomar consci\u00eancia [&hellip;]<\/p>\n","protected":false},"author":10,"featured_media":32785,"comment_status":"open","ping_status":"closed","sticky":false,"template":"","format":"standard","meta":{"footnotes":""},"categories":[9],"tags":[],"class_list":["post-50634","post","type-post","status-publish","format-standard","has-post-thumbnail","hentry","category-artigos"],"_links":{"self":[{"href":"https:\/\/catolicanet.net\/wp-cnet\/wp-json\/wp\/v2\/posts\/50634","targetHints":{"allow":["GET"]}}],"collection":[{"href":"https:\/\/catolicanet.net\/wp-cnet\/wp-json\/wp\/v2\/posts"}],"about":[{"href":"https:\/\/catolicanet.net\/wp-cnet\/wp-json\/wp\/v2\/types\/post"}],"author":[{"embeddable":true,"href":"https:\/\/catolicanet.net\/wp-cnet\/wp-json\/wp\/v2\/users\/10"}],"replies":[{"embeddable":true,"href":"https:\/\/catolicanet.net\/wp-cnet\/wp-json\/wp\/v2\/comments?post=50634"}],"version-history":[{"count":1,"href":"https:\/\/catolicanet.net\/wp-cnet\/wp-json\/wp\/v2\/posts\/50634\/revisions"}],"predecessor-version":[{"id":50635,"href":"https:\/\/catolicanet.net\/wp-cnet\/wp-json\/wp\/v2\/posts\/50634\/revisions\/50635"}],"wp:featuredmedia":[{"embeddable":true,"href":"https:\/\/catolicanet.net\/wp-cnet\/wp-json\/wp\/v2\/media\/32785"}],"wp:attachment":[{"href":"https:\/\/catolicanet.net\/wp-cnet\/wp-json\/wp\/v2\/media?parent=50634"}],"wp:term":[{"taxonomy":"category","embeddable":true,"href":"https:\/\/catolicanet.net\/wp-cnet\/wp-json\/wp\/v2\/categories?post=50634"},{"taxonomy":"post_tag","embeddable":true,"href":"https:\/\/catolicanet.net\/wp-cnet\/wp-json\/wp\/v2\/tags?post=50634"}],"curies":[{"name":"wp","href":"https:\/\/api.w.org\/{rel}","templated":true}]}}