{"id":50628,"date":"2019-07-01T09:11:15","date_gmt":"2019-07-01T12:11:15","guid":{"rendered":"http:\/\/catolicanet.net\/wp-cnet\/?p=50628"},"modified":"2019-07-02T09:35:13","modified_gmt":"2019-07-02T12:35:13","slug":"papa-celebra-missa-para-os-migrantes","status":"publish","type":"post","link":"https:\/\/catolicanet.net\/wp-cnet\/papa-celebra-missa-para-os-migrantes\/","title":{"rendered":"Papa celebra Missa para os migrantes"},"content":{"rendered":"<div class=\"article__subTitle\">Por ocasi\u00e3o do sexto anivers\u00e1rio da sua visita a Lampedusa, o Santo Padre Francisco celebrar\u00e1 na segunda-feira, dia 8 de julho, \u00e0s 11h, (6h da manh\u00e3, hora de Bras\u00edlia) na Bas\u00edlica de S\u00e3o Pedro, uma Missa para os migrantes. A celebra\u00e7\u00e3o contar\u00e1 com a presen\u00e7a de cerca de 250 pessoas entre migrantes, refugiados e pessoas que trabalharam para salvar as suas vidas.<\/div>\n<div class=\"title__separator\"><\/div>\n<div class=\"article__text\">\n<p><b>Cidade do Vaticano<\/b><\/p>\n<p>A Missa, presidida pelo Papa no Altar da C\u00e1tedra, contar\u00e1 apenas com a presen\u00e7a dos convidados da Se\u00e7\u00e3o Migrantes e Refugiados do Dicast\u00e9rio para o Servi\u00e7o do Desenvolvimento Humano Integral, a quem o Santo Padre confiou a realiza\u00e7\u00e3o da celebra\u00e7\u00e3o.<\/p>\n<div>\n<div class=\"article__embed article__embed--unwrap article__embed--dark\">\n<div class=\"article__innerTitle\">Clique aqui para ouvir:<\/div>\n<!--[if lt IE 9]><script>document.createElement('audio');<\/script><![endif]-->\n<audio class=\"wp-audio-shortcode\" id=\"audio-50628-1\" preload=\"none\" style=\"width: 100%;\" controls=\"controls\"><source type=\"audio\/mpeg\" src=\"https:\/\/media.vaticannews.va\/media\/audio\/s1\/2019\/07\/01\/17\/135111113_F135111113.mp3?_=1\" \/><a href=\"https:\/\/media.vaticannews.va\/media\/audio\/s1\/2019\/07\/01\/17\/135111113_F135111113.mp3\">https:\/\/media.vaticannews.va\/media\/audio\/s1\/2019\/07\/01\/17\/135111113_F135111113.mp3<\/a><\/audio>\n<\/div>\n<\/div>\n<p>A Santa Missa ser\u00e1 transmitida ao vivo pela R\u00e1dio Vaticano \u2013 Vatican News, mas n\u00e3o \u00e9 prevista a presen\u00e7a da imprensa na Bas\u00edlica. O Santo Padre deseja que o momento seja o mais poss\u00edvel de recolhimento, em mem\u00f3ria daqueles que perderam a vida para fugir \u00e0 guerra e \u00e0 mis\u00e9ria e para encorajar aqueles que, todos os dias, se esfor\u00e7am por apoiar, acompanhar e acolher os migrantes e refugiados.<\/p>\n<\/div>\n","protected":false},"excerpt":{"rendered":"<p>Por ocasi\u00e3o do sexto anivers\u00e1rio da sua visita a Lampedusa, o Santo Padre Francisco celebrar\u00e1 na segunda-feira, dia 8 de julho, \u00e0s 11h, (6h da manh\u00e3, hora de Bras\u00edlia) na Bas\u00edlica de S\u00e3o Pedro, uma Missa para os migrantes. A celebra\u00e7\u00e3o contar\u00e1 com a presen\u00e7a de cerca de 250 pessoas entre migrantes, refugiados e pessoas [&hellip;]<\/p>\n","protected":false},"author":1,"featured_media":50629,"comment_status":"open","ping_status":"closed","sticky":false,"template":"","format":"standard","meta":{"footnotes":""},"categories":[3],"tags":[],"class_list":["post-50628","post","type-post","status-publish","format-standard","has-post-thumbnail","hentry","category-vaticano"],"_links":{"self":[{"href":"https:\/\/catolicanet.net\/wp-cnet\/wp-json\/wp\/v2\/posts\/50628","targetHints":{"allow":["GET"]}}],"collection":[{"href":"https:\/\/catolicanet.net\/wp-cnet\/wp-json\/wp\/v2\/posts"}],"about":[{"href":"https:\/\/catolicanet.net\/wp-cnet\/wp-json\/wp\/v2\/types\/post"}],"author":[{"embeddable":true,"href":"https:\/\/catolicanet.net\/wp-cnet\/wp-json\/wp\/v2\/users\/1"}],"replies":[{"embeddable":true,"href":"https:\/\/catolicanet.net\/wp-cnet\/wp-json\/wp\/v2\/comments?post=50628"}],"version-history":[{"count":1,"href":"https:\/\/catolicanet.net\/wp-cnet\/wp-json\/wp\/v2\/posts\/50628\/revisions"}],"predecessor-version":[{"id":50630,"href":"https:\/\/catolicanet.net\/wp-cnet\/wp-json\/wp\/v2\/posts\/50628\/revisions\/50630"}],"wp:featuredmedia":[{"embeddable":true,"href":"https:\/\/catolicanet.net\/wp-cnet\/wp-json\/wp\/v2\/media\/50629"}],"wp:attachment":[{"href":"https:\/\/catolicanet.net\/wp-cnet\/wp-json\/wp\/v2\/media?parent=50628"}],"wp:term":[{"taxonomy":"category","embeddable":true,"href":"https:\/\/catolicanet.net\/wp-cnet\/wp-json\/wp\/v2\/categories?post=50628"},{"taxonomy":"post_tag","embeddable":true,"href":"https:\/\/catolicanet.net\/wp-cnet\/wp-json\/wp\/v2\/tags?post=50628"}],"curies":[{"name":"wp","href":"https:\/\/api.w.org\/{rel}","templated":true}]}}