{"id":50613,"date":"2019-07-01T08:01:24","date_gmt":"2019-07-01T11:01:24","guid":{"rendered":"http:\/\/catolicanet.net\/wp-cnet\/?p=50613"},"modified":"2019-07-02T08:02:01","modified_gmt":"2019-07-02T11:02:01","slug":"sao-pedro-e-sao-paulo-4","status":"publish","type":"post","link":"https:\/\/catolicanet.net\/wp-cnet\/sao-pedro-e-sao-paulo-4\/","title":{"rendered":"S\u00e3o Pedro e S\u00e3o Paulo"},"content":{"rendered":"<p>Estamos celebrando neste final de semana a solenidade de S\u00e3o Pedro e S\u00e3o Paulo. Cada ano a liturgia nos leva a meditar sobre a vida destes dois grandes Ap\u00f3stolos. No Brasil esta solenidade \u00e9 transferida por proposi\u00e7\u00e3o da CNBB para o domingo pr\u00f3ximo ao dia 29. Pedro que \u00e9 considerado como \u201co cabe\u00e7a dos ap\u00f3stolos\u201d, por ter sido o principal l\u00edder da Igreja Crist\u00e3 primitiva, tanto por sua f\u00e9 e prega\u00e7\u00e3o, como pelo ardor de amor a Jesus.<\/p>\n<p>Pedro, que tinha como primeiro nome de Sim\u00e3o, era natural de Betsaida, irm\u00e3o do Ap\u00f3stolo Andr\u00e9. Pescador, foi chamado pelo pr\u00f3prio Jesus e, deixando tudo, seguiu ao Mestre, estando presente nos momentos mais importantes da vida do Senhor, que lhe deu o nome de Pedro. Em princ\u00edpio, fraco na f\u00e9, chegou a negar Jesus durante o processo que culminaria em sua morte por crucifix\u00e3o.<\/p>\n<p>O pr\u00f3prio Senhor o confirmou na f\u00e9 ap\u00f3s Sua ressurrei\u00e7\u00e3o (da qual o ap\u00f3stolo foi testemunha), tornando-o intr\u00e9pido pregador do Evangelho iniciando sua miss\u00e3o ap\u00f3s o Dia de Pentecostes, o que o tornou l\u00edder da primeira comunidade. Selou seu apostolado com o pr\u00f3prio sangue, pois foi martirizado em uma das persegui\u00e7\u00f5es aos crist\u00e3os, sendo crucificado de cabe\u00e7a para baixo a seu pr\u00f3prio pedido, por n\u00e3o se julgar digno de morrer como Seu Senhor, Jesus Cristo. S\u00e3o Pedro escreveu duas cartas e, tamb\u00e9m, serviu como fonte de informa\u00e7\u00f5es para que S\u00e3o Marcos escrevesse seu Evangelho.<\/p>\n<p>Jesus perguntara aos disc\u00edpulos que opini\u00f5es corriam a seu respeito. Eram muitas. Todas incompletas, v\u00e1rias totalmente erradas. Haja opini\u00f5es, ontem como hoje! E, ent\u00e3o, Jesus volta-se para os disc\u00edpulos \u2013 os Doze e os de todas as \u00e9pocas: eu, voc\u00ea \u2013 e dispara, como uma flecha: \u201cE v\u00f3s, quem dizeis que eu sou?\u201d (Cf. Mt 16,15) \u00c9 Pedro quem responde em nome de todos: \u201cTu \u00e9s o Messias, o Filho do Deus vivo!\u201d(Cf. Mt 16,16) A resposta \u00e9 perfeita; \u00e9 a ess\u00eancia mesma da f\u00e9 da Igreja. E Jesus, ent\u00e3o, revela: \u201cN\u00e3o foi tua intelig\u00eancia; foi o Pai quem te revelou isso! E eu revelo quem tu \u00e9s: Tu \u00e9s Pedro (= Pedra) e sobre esta Pedra edificarei a minha Igreja. E dar-te-ei as chaves do Reino&#8230; para ligares e desligares&#8230;\u201d (Cf. Mt 16,17-19) Uma observa\u00e7\u00e3o importante: a raz\u00e3o humana, entregue a si mesma, n\u00e3o poder\u00e1 jamais penetrar na ess\u00eancia do mist\u00e9rio de Cristo: \u201cNingu\u00e9m pode vir a mim se o Pai n\u00e3o o atrair\u201d (Cf. Jo 6,44).<\/p>\n<p>Paulo nasceu entre o ano 5 e 10 da era crist\u00e3, em Tarso, capital da Cil\u00edcia, na \u00c1sia Menor, cidade aberta \u00e0s influ\u00eancias culturais e \u00e0s trocas comerciais entre o Oriente e o Ocidente. Descende de uma fam\u00edlia de judeus da di\u00e1spora, pertencente \u00e0 tribo de Benjamim, que observava rigorosamente a religi\u00e3o dos seus pais, sem recusar os contatos com a vida e a cultura do Imp\u00e9rio Romano.<\/p>\n<p>Os pais deram-lhe o nome de Saul (nome do primeiro rei dos judeus). O nome Saul passou para Saulo porque assim era este nome em grego. Mais tarde, a partir da sua primeira viagem mission\u00e1ria no mundo greco-romano, Paulo usa exclusivamente o sobrenome latino Paulus.<\/p>\n<p>Recebeu a sua primeira educa\u00e7\u00e3o religiosa em Tarso tendo por base o Pentateuco e a lei de Mois\u00e9s. A partir do ano 25 d.C. vai para Jerusal\u00e9m onde frequenta as aulas de Gamaliel, mestre de grande prest\u00edgio, aprofundando com ele o conhecimento do Pentateuco escrito e oral. Aprende a falar e a escrever aramaico, hebraico, grego e latim. Pode falar publicamente em grego ao tribuno romano, em hebraico \u00e0 multid\u00e3o em Jerusal\u00e9m (At 21, 37.40) e catequizar hebreus, gregos e romanos.<\/p>\n<p>Paulo \u00e9 chamado \u201co Ap\u00f3stolo dos gentios\u201d por ter sido o grande anunciador de Cristo \u00e0s na\u00e7\u00f5es pag\u00e3s. Entre as grandes figuras do cristianismo nascente, a seguir a Cristo, Paulo \u00e9 uma das personalidades mais importante que conhecemos. \u00c9 uma das pessoas mais interessantes e modernas de toda a literatura grega, e a sua Carta aos Cor\u00edntios \u00e9 das obras mais significativas da humanidade. Escreveu 13 cartas \u00e0s igrejas por ele fundadas: cartas grandes: duas aos tessalonicenses; duas aos cor\u00edntios; aos g\u00e1latas; aos romanos. Da pris\u00e3o: aos filipenses; bilhete a Fil\u00e9mon; aos colossenses; aos ef\u00e9sios. Pastorais: duas a Tim\u00f3teo e uma a Tito.<\/p>\n<p>Nas suas cartas, Paulo afirma que Jesus Cristo est\u00e1 vivo e reconcilia os homens atrav\u00e9s do Esp\u00edrito Santo. Cristo traz a salva\u00e7\u00e3o ao mundo. A reconcilia\u00e7\u00e3o dos homens com Deus e entre si \u00e9 poss\u00edvel e j\u00e1 come\u00e7ou. \u00c9 atrav\u00e9s da Igreja que se realiza esta reconcilia\u00e7\u00e3o.<\/p>\n<p>Durante a viagem, Paulo n\u00e3o perdia a oportunidade de anunciar o Evangelho em todos os lugares por onde passava. Ap\u00f3s v\u00e1rias dificuldades ao longo da travessia e enfrentar um naufr\u00e1gio, fez escala em Siracusa, na Sic\u00edlia, e dali foi conduzido a Reggio (At 28, 12-13). Uma vez chegado \u00e0 capital do Imp\u00e9rio e instalado em pris\u00e3o domiciliar, Paulo realizava um anseio que havia tempos acalentava no cora\u00e7\u00e3o, como ele mesmo o expressara aos crist\u00e3os de Roma: \u201cDa\u00ed o ardente desejo que eu sinto de vos anunciar o Evangelho tamb\u00e9m a v\u00f3s, que habitais em Roma\u201d (Rm 1, 15). Dois anos haveria de durar seu doloroso cativeiro, mas ele, como afirma S\u00e3o Jo\u00e3o Cris\u00f3stomo, \u201cconsiderava como brinquedo de crian\u00e7a os mil supl\u00edcios, os tormentos e a pr\u00f3pria morte, desde que pudesse sofrer alguma coisa por Cristo\u201d. Aproveitou o tempo para pregar o Reino de Deus (cf. At 28, 31), escrever numerosas cartas \u00e0s comunidades da Gr\u00e9cia e da \u00c1sia, as chamadas Ep\u00edstolas do cativeiro.<\/p>\n<p>Os ap\u00f3stolos testemunharam Jesus n\u00e3o somente com a palavra, mas tamb\u00e9m com o modo de viver e com a pr\u00f3pria morte. Por isso mesmo, seu mart\u00edrio \u00e9 uma festa para a Igreja, pois \u00e9 o selo de tudo quanto anunciara. O pr\u00f3prio S\u00e3o Paulo reconhecia<em>: <\/em><em>\u201cN\u00e3o pregamos a n\u00f3s mesmos, mas a Cristo Jesus, o Senhor. Trazemos, por\u00e9m, este tesouro em vasos de argila para que esse incompar\u00e1vel poder seja de Deus e n\u00e3o nosso. Incessantemente trazemos em nosso corpo a agonia de Jesus, a fim de que a vida de Jesus seja tamb\u00e9m manifestada em nosso corpo. Assim, a morte trabalha em n\u00f3s; a vida, por\u00e9m, em v\u00f3s\u201d (2Cor 4, 5.7.10.12)<\/em><em>.<\/em><\/p>\n<p>Eis o sinal do verdadeiro Ap\u00f3stolo: dar a vida pelo rebanho, com Jesus e como Jesus, gastando-se, morrendo, para que os irm\u00e3os vivam no Senhor! Pedro e Paulo n\u00e3o s\u00f3 falaram, n\u00e3o s\u00f3 viveram, mas tamb\u00e9m morreram pelo seu Senhor; e j\u00e1 sabemos pelo pr\u00f3prio Cristo que n\u00e3o h\u00e1 maior prova de amor que d\u00e1 a vida por quem amamos! Bem-aventurado \u00e9 Pedro, bendito \u00e9 Paulo, que amaram tanto o Senhor a ponto de darem a vida por ele! Nisto s\u00e3o um exemplo, um modelo, uma norma de vida para todos n\u00f3s. Aprendamos com eles!<\/p>\n<p>Nesse dia de S\u00e3o Pedro e de S\u00e3o Paulo renovamos nossa filial ades\u00e3o ao minist\u00e9rio Petrino do Sucessor de Pedro, o amado Papa Francisco. Rezamos para que continue governando com sabedoria a Igreja e pastoreando em nome de Cristo o povo santo de Deus. Vamos fazer nosso gesto concreto e generoso de oferecer a nossa oferta para \u00f3bolo de S\u00e3o Pedro para que o Papa Francisco possa proceder com generosidade e caridade para com as necessidades dos pobres e colaborar frente \u00e0s calamidades p\u00fablicas. Que S\u00e3o Pedro e S\u00e3o Paulo guie o minist\u00e9rio do Papa Francisco e a a\u00e7\u00e3o mission\u00e1ria da Igreja para vivermos e testemunharmos o Evangelho da Salva\u00e7\u00e3o!<\/p>\n","protected":false},"excerpt":{"rendered":"<p>Estamos celebrando neste final de semana a solenidade de S\u00e3o Pedro e S\u00e3o Paulo. Cada ano a liturgia nos leva a meditar sobre a vida destes dois grandes Ap\u00f3stolos. No Brasil esta solenidade \u00e9 transferida por proposi\u00e7\u00e3o da CNBB para o domingo pr\u00f3ximo ao dia 29. Pedro que \u00e9 considerado como \u201co cabe\u00e7a dos ap\u00f3stolos\u201d, [&hellip;]<\/p>\n","protected":false},"author":5,"featured_media":32777,"comment_status":"open","ping_status":"closed","sticky":false,"template":"","format":"standard","meta":{"footnotes":""},"categories":[9],"tags":[],"class_list":["post-50613","post","type-post","status-publish","format-standard","has-post-thumbnail","hentry","category-artigos"],"_links":{"self":[{"href":"https:\/\/catolicanet.net\/wp-cnet\/wp-json\/wp\/v2\/posts\/50613","targetHints":{"allow":["GET"]}}],"collection":[{"href":"https:\/\/catolicanet.net\/wp-cnet\/wp-json\/wp\/v2\/posts"}],"about":[{"href":"https:\/\/catolicanet.net\/wp-cnet\/wp-json\/wp\/v2\/types\/post"}],"author":[{"embeddable":true,"href":"https:\/\/catolicanet.net\/wp-cnet\/wp-json\/wp\/v2\/users\/5"}],"replies":[{"embeddable":true,"href":"https:\/\/catolicanet.net\/wp-cnet\/wp-json\/wp\/v2\/comments?post=50613"}],"version-history":[{"count":1,"href":"https:\/\/catolicanet.net\/wp-cnet\/wp-json\/wp\/v2\/posts\/50613\/revisions"}],"predecessor-version":[{"id":50614,"href":"https:\/\/catolicanet.net\/wp-cnet\/wp-json\/wp\/v2\/posts\/50613\/revisions\/50614"}],"wp:featuredmedia":[{"embeddable":true,"href":"https:\/\/catolicanet.net\/wp-cnet\/wp-json\/wp\/v2\/media\/32777"}],"wp:attachment":[{"href":"https:\/\/catolicanet.net\/wp-cnet\/wp-json\/wp\/v2\/media?parent=50613"}],"wp:term":[{"taxonomy":"category","embeddable":true,"href":"https:\/\/catolicanet.net\/wp-cnet\/wp-json\/wp\/v2\/categories?post=50613"},{"taxonomy":"post_tag","embeddable":true,"href":"https:\/\/catolicanet.net\/wp-cnet\/wp-json\/wp\/v2\/tags?post=50613"}],"curies":[{"name":"wp","href":"https:\/\/api.w.org\/{rel}","templated":true}]}}