{"id":5061,"date":"2026-09-02T00:00:00","date_gmt":"2026-09-02T03:00:00","guid":{"rendered":"http:\/\/catolicanet.net\/wp-cnet\/ingrid\/"},"modified":"2026-05-15T16:10:18","modified_gmt":"2026-05-15T19:10:18","slug":"ingrid","status":"publish","type":"post","link":"https:\/\/catolicanet.net\/wp-cnet\/ingrid\/","title":{"rendered":"Santa Ingrid"},"content":{"rendered":"<p style=\"text-align: justify;\"><span style=\"line-height: 1.3em;\">Ingrid nasceu perto da metade do s\u00e9culo XIII, na nobre fam\u00edlia Elovsdotter, na Su\u00e9cia. Crist\u00e3os fervorosos, os pais deram a ela e aos outros filhos uma educa\u00e7\u00e3o digna dos fidalgos e no rigoroso seguimento de Cristo. A menina, desde os primeiros anos de vida, mostrou-se muito virtuosa, am\u00e1vel, caridosa e pia, surpreendendo a todos com seu c\u00e2ndido ideal religioso.<\/span><\/p>\n<p style=\"text-align: justify;\"><span style=\"line-height: 1.3em;\">No in\u00edcio da adolesc\u00eancia, como era costume da \u00e9poca, teve de contrair um riqu\u00edssimo casamento. Mesmo contrariando sua voca\u00e7\u00e3o, ela aceitou tudo com humilde resigna\u00e7\u00e3o, mas n\u00e3o deixou que o mundo de luxo, futilidades e poder contaminassem sua alma, apesar de ter de conviver nele. Continuou, serenamente, a cuidar das obras de caridade que fundara para os pobres e doentes abandonados, os quais atendia pessoalmente. Possuindo dons especiais de profecia e cura, gozava, entre a popula\u00e7\u00e3o, da fama de santidade.<\/span><\/p>\n<p style=\"text-align: justify;\"><span style=\"line-height: 1.3em;\">Ingrid enviuvou pouco tempo depois. Assim, decidiu fazer uma longa peregrina\u00e7\u00e3o para a Terra Santa, acompanhada por sua irm\u00e3 mais velha e algumas damas da corte. Ali seu amor ao Senhor Jesus aumentou ainda mais, alimentando o seu desejo de consagrar-se \u00e0 vida religiosa. Da Palestina viajou para Roma, onde visitou os t\u00famulos dos ap\u00f3stolos e dos primeiros m\u00e1rtires e de l\u00e1 foi para Santiago de Compostela, na Espanha, rezar junto \u00e0s rel\u00edquias do ap\u00f3stolo Tiago.<\/span><\/p>\n<p style=\"text-align: justify;\"><span style=\"line-height: 1.3em;\">S\u00f3 ent\u00e3o Ingrid retornou para a Su\u00e9cia. Logo depois, em 1281, seguindo seu confessor e orientador espiritual, padre dominicano Pedro de Dacia, e com a autoriza\u00e7\u00e3o do bispo e do rei, ela fez seus votos perp\u00e9tuos e fundou um mosteiro, sob as Regras de s\u00e3o Domingos, em Skanninge, Su\u00e9cia. Nele, junto com um grande n\u00famero de jovens da corte, dedicou-se, totalmente, \u00e0s ora\u00e7\u00f5es contemplativas e \u00e0 vida de rigorosa austeridade.<\/span><\/p>\n<p style=\"text-align: justify;\"><span style=\"line-height: 1.3em;\">Morreu como priora, com fama de santidade, no dia 2 de setembro de 1282, no seu convento em Skanninge. Seu culto se espalhou depressa entre as popula\u00e7\u00f5es vizinhas e difundiu-se entre os devotos. O papa Alexandre VI confirmou o culto \u00e0 bem-aventurada Ingrid e o dia de sua morte para sua celebra\u00e7\u00e3o.<\/span><\/p>\n<p style=\"text-align: justify;\">Santa Ingrid, rogai por n\u00f3s!<\/p>\n","protected":false},"excerpt":{"rendered":"<p>Ingrid nasceu perto da metade do s\u00e9culo XIII, na nobre fam\u00edlia Elovsdotter, na Su\u00e9cia. Crist\u00e3os fervorosos, os pais deram a ela e aos outros filhos uma educa\u00e7\u00e3o digna dos fidalgos e no rigoroso seguimento de Cristo. A menina, desde os primeiros anos de vida, mostrou-se muito virtuosa, am\u00e1vel, caridosa e pia, surpreendendo a todos com [&hellip;]<\/p>\n","protected":false},"author":1,"featured_media":22822,"comment_status":"closed","ping_status":"closed","sticky":false,"template":"","format":"standard","meta":{"footnotes":""},"categories":[32],"tags":[],"class_list":["post-5061","post","type-post","status-publish","format-standard","has-post-thumbnail","hentry","category-santo-do-dia"],"_links":{"self":[{"href":"https:\/\/catolicanet.net\/wp-cnet\/wp-json\/wp\/v2\/posts\/5061","targetHints":{"allow":["GET"]}}],"collection":[{"href":"https:\/\/catolicanet.net\/wp-cnet\/wp-json\/wp\/v2\/posts"}],"about":[{"href":"https:\/\/catolicanet.net\/wp-cnet\/wp-json\/wp\/v2\/types\/post"}],"author":[{"embeddable":true,"href":"https:\/\/catolicanet.net\/wp-cnet\/wp-json\/wp\/v2\/users\/1"}],"replies":[{"embeddable":true,"href":"https:\/\/catolicanet.net\/wp-cnet\/wp-json\/wp\/v2\/comments?post=5061"}],"version-history":[{"count":4,"href":"https:\/\/catolicanet.net\/wp-cnet\/wp-json\/wp\/v2\/posts\/5061\/revisions"}],"predecessor-version":[{"id":22824,"href":"https:\/\/catolicanet.net\/wp-cnet\/wp-json\/wp\/v2\/posts\/5061\/revisions\/22824"}],"wp:featuredmedia":[{"embeddable":true,"href":"https:\/\/catolicanet.net\/wp-cnet\/wp-json\/wp\/v2\/media\/22822"}],"wp:attachment":[{"href":"https:\/\/catolicanet.net\/wp-cnet\/wp-json\/wp\/v2\/media?parent=5061"}],"wp:term":[{"taxonomy":"category","embeddable":true,"href":"https:\/\/catolicanet.net\/wp-cnet\/wp-json\/wp\/v2\/categories?post=5061"},{"taxonomy":"post_tag","embeddable":true,"href":"https:\/\/catolicanet.net\/wp-cnet\/wp-json\/wp\/v2\/tags?post=5061"}],"curies":[{"name":"wp","href":"https:\/\/api.w.org\/{rel}","templated":true}]}}