{"id":5058,"date":"2014-09-01T14:27:16","date_gmt":"2014-09-01T17:27:16","guid":{"rendered":"http:\/\/catolicanet.net\/wp-cnet\/cenario-politico-nebuloso\/"},"modified":"2017-04-06T13:40:57","modified_gmt":"2017-04-06T16:40:57","slug":"cenario-politico-nebuloso","status":"publish","type":"post","link":"https:\/\/catolicanet.net\/wp-cnet\/cenario-politico-nebuloso\/","title":{"rendered":"Cen\u00e1rio Pol\u00edtico Nebuloso"},"content":{"rendered":"<p style=\"text-align: justify;\">Uma indaga\u00e7\u00e3o de Andr\u00e9 Singer num de seus \u00faltimos artigos sob a ep\u00edgrafe \u201cRumo ao desconhecido\u201d define bem o quadro pol\u00edtico do momento: \u201c Em que medida o eleitor prestar\u00e1 aten\u00e7\u00e3o e perceber\u00e1 tais incongru\u00eancias\u201d? Esta interroga\u00e7\u00e3o vale n\u00e3o apenas para a candidata do PSB, mas tamb\u00e9m para as explica\u00e7\u00f5es daqueles que est\u00e3o tamb\u00e9m encabe\u00e7ando os primeiros lugares na corrida eleitoral. That is question \u2013 esta \u00e9 a quest\u00e3o. Com efeito, se de um lado se sabe os rumos que ter\u00e1 o Brasil com a atual Presidente ou com o PSDB, voltando ao poder central, reina a incerteza no que resultar\u00e1 da elei\u00e7\u00e3o da acreana. No julgamento popular pesam as mais complexas influ\u00eancias e estas v\u00e3o desde os que preferem a atitude getuliana: \u201cDeixa como est\u00e1 para ver como \u00e9 que fica\u201d at\u00e9 os que desejam uma mudan\u00e7a pela mudan\u00e7a. Nestes dois p\u00f3los a situa\u00e7\u00e3o de A\u00e9cio Neves fica complicada. Ele significa, sem d\u00favida, uma nova dire\u00e7\u00e3o para o pa\u00eds, mas carrega uma heran\u00e7a nada favor\u00e1vel que lhe deixou FHC. O fator econ\u00f4mico pesar\u00e1 e muito e o PT sabe navegar com \u00eaxito nos mares dos mais carentes. O fato do candidato do PSDB ter j\u00e1 anunciado qual ser\u00e1 seu Ministro da Fazenda \u00e9 um indicador que \u00e9 decodificado mais pela classe\u00a0 esclarecida. Esta pode fazer melhor a compara\u00e7\u00e3o com Guido Mantega, tanto mais que o momento de\u00a0 recess\u00e3o n\u00e3o \u00e9 favor\u00e1vel \u00e0 situa\u00e7\u00e3o deste \u00faltimo. Os debates que se d\u00e3o pela m\u00eddia pouco ou quase nada esclarecem, pois as generalidades imperam e as \u201ccutucadas\u201d n\u00e3o fazem o efeito desejado por quem faz a provoca\u00e7\u00e3o. Um outro aspecto que merece aten\u00e7\u00e3o \u00e9 este: \u201cAte quando Marina da Silva usufruir\u00e1 do impacto emocional causado pela trag\u00e9dia que eliminou Eduardo Campos da disputa pelo Planalto?\u201d Nesta conjuntura atual cabe aos formadores de opini\u00e3o prosseguir na sua nobre tarefa de elucidar a rede complexa de promessas lan\u00e7adas pelo futuro Presidente da Rep\u00fablica e pelos demais pretendentes aos outros cargos eletivos. As opini\u00f5es podem contribuir para uma escolha acertada do eleitor. A este compete n\u00e3o ficar alheio ao momento pol\u00edtico t\u00e3o importante para o destino da P\u00e1tria. Mais do que nunca, \u00e9 preciso que cada um se conscientize da responsabilidade que tem e atue n\u00e3o em fun\u00e7\u00e3o de raz\u00f5es meramente partid\u00e1rias. A cidadania exige um apurado senso cr\u00edtico. \u00c9 preciso estar o cidad\u00e3o, sobretudo em \u00e9poca de elei\u00e7\u00f5es, a par do que se passa em seu derredor para poder discernir o que \u00e9 o melhor para o Brasil. Apenas, assim, poder\u00e1 captar o ufanismo dos vaidosos, o messianismo dos salvadores da p\u00e1tria, o ilusionismo dos sofistas. Estar bem informado \u00e9 a estrat\u00e9gia do habitante da Cidade, mas sem se deixar corromper pela influ\u00eancia\u00a0 dos manipuladores das not\u00edcias. Evitar a anamorfose que altera a correta vis\u00e3o dos fatos. \u00c9 mister fugir das vers\u00f5es que distorcem a realidade. Todo cuidado \u00e9 pouco.<\/p>\n","protected":false},"excerpt":{"rendered":"<p>Uma indaga\u00e7\u00e3o de Andr\u00e9 Singer num de seus \u00faltimos artigos sob a ep\u00edgrafe \u201cRumo ao desconhecido\u201d define bem o quadro pol\u00edtico do momento: \u201c Em que medida o eleitor prestar\u00e1 aten\u00e7\u00e3o e perceber\u00e1 tais incongru\u00eancias\u201d? Esta interroga\u00e7\u00e3o vale n\u00e3o apenas para a candidata do PSB, mas tamb\u00e9m para as explica\u00e7\u00f5es daqueles que est\u00e3o tamb\u00e9m encabe\u00e7ando [&hellip;]<\/p>\n","protected":false},"author":7,"featured_media":0,"comment_status":"closed","ping_status":"closed","sticky":false,"template":"","format":"standard","meta":{"footnotes":""},"categories":[9],"tags":[],"class_list":["post-5058","post","type-post","status-publish","format-standard","hentry","category-artigos"],"_links":{"self":[{"href":"https:\/\/catolicanet.net\/wp-cnet\/wp-json\/wp\/v2\/posts\/5058","targetHints":{"allow":["GET"]}}],"collection":[{"href":"https:\/\/catolicanet.net\/wp-cnet\/wp-json\/wp\/v2\/posts"}],"about":[{"href":"https:\/\/catolicanet.net\/wp-cnet\/wp-json\/wp\/v2\/types\/post"}],"author":[{"embeddable":true,"href":"https:\/\/catolicanet.net\/wp-cnet\/wp-json\/wp\/v2\/users\/7"}],"replies":[{"embeddable":true,"href":"https:\/\/catolicanet.net\/wp-cnet\/wp-json\/wp\/v2\/comments?post=5058"}],"version-history":[{"count":1,"href":"https:\/\/catolicanet.net\/wp-cnet\/wp-json\/wp\/v2\/posts\/5058\/revisions"}],"predecessor-version":[{"id":9946,"href":"https:\/\/catolicanet.net\/wp-cnet\/wp-json\/wp\/v2\/posts\/5058\/revisions\/9946"}],"wp:attachment":[{"href":"https:\/\/catolicanet.net\/wp-cnet\/wp-json\/wp\/v2\/media?parent=5058"}],"wp:term":[{"taxonomy":"category","embeddable":true,"href":"https:\/\/catolicanet.net\/wp-cnet\/wp-json\/wp\/v2\/categories?post=5058"},{"taxonomy":"post_tag","embeddable":true,"href":"https:\/\/catolicanet.net\/wp-cnet\/wp-json\/wp\/v2\/tags?post=5058"}],"curies":[{"name":"wp","href":"https:\/\/api.w.org\/{rel}","templated":true}]}}