{"id":50578,"date":"2019-06-27T14:30:57","date_gmt":"2019-06-27T17:30:57","guid":{"rendered":"http:\/\/catolicanet.net\/wp-cnet\/?p=50578"},"modified":"2019-06-27T14:30:57","modified_gmt":"2019-06-27T17:30:57","slug":"jesus-manso-e-humilde-de-coracao","status":"publish","type":"post","link":"https:\/\/catolicanet.net\/wp-cnet\/jesus-manso-e-humilde-de-coracao\/","title":{"rendered":"Jesus: manso e humilde de cora\u00e7\u00e3o"},"content":{"rendered":"<p>Fazer com que o nosso cora\u00e7\u00e3o seja semelhante ao cora\u00e7\u00e3o de Jesus \u00e9 a grande proposta da Solenidade do Cora\u00e7\u00e3o de Jesus e sua devo\u00e7\u00e3o. Isso nos leva \u00e0 contempla\u00e7\u00e3o de Jesus Cristo, que nos ensina, pela palavra e pelo testemunho, a li\u00e7\u00e3o de compaix\u00e3o e miseric\u00f3rdia. Seu cora\u00e7\u00e3o estava em sintonia com o povo sofredor, com predile\u00e7\u00e3o pelos marginalizados, pelos enfermos, pelos aflitos e pelos pecadores.<\/p>\n<p>Pensemos em Dom Helder, talhado que foi para as coisas elevadas, possuidor que era de uma for\u00e7a inabal\u00e1vel, na preciosa e maravilhosa utopia do reino de Deus, contido na virtude da esperan\u00e7a, totalmente convertido \u00e0 grande tarefa de levar adiante a miss\u00e3o de Jesus de Nazar\u00e9, no convite de nos voltarmos para ele: \u201cVinde a mim, todos os que estais cansados e oprimidos, e eu vos aliviarei; aprendei de mim, que sou manso e humilde de cora\u00e7\u00e3o, e encontrareis descanso para as vossas almas\u201d (Mt 11, 28-29).<\/p>\n<p>N\u00e3o confundir nosso caminho com nosso destino, s\u00f3 porque carregamos conosco marcas de turbul\u00eancias e tribula\u00e7\u00f5es. Mas elas n\u00e3o indicam jamais que estamos nos dirigindo ao p\u00f4r do Sol. Atentos \u00e0 Solenidade do Sagrado Cora\u00e7\u00e3o de Jesus, nas suas promessas, pela excessiva miseric\u00f3rdia e pelo amor fecundo e poderoso do seu Cora\u00e7\u00e3o, ao conceder a todos os que comungarem nas primeiras sextas-feiras de nove meses consecutivos, contritos e penitenciados, n\u00e3o morrer\u00e3o em sua inimizade, e nos promete, pelo seu divino cora\u00e7\u00e3o, seguro ref\u00fagio na \u00faltima hora.<\/p>\n<p>O Sagrado Cora\u00e7\u00e3o de Jesus \u00e9 uma das tr\u00eas solenidades do Tempo Comum, dentro da Liturgia da Igreja Cat\u00f3lica, comemorada na segunda sexta-feira, ap\u00f3s a solenidade de Corpus Christi. Al\u00e9m disso, essa devo\u00e7\u00e3o tamb\u00e9m \u00e9 cultivada pela Igreja Cat\u00f3lica ao longo de todas as primeiras sextas-feiras de cada m\u00eas. Consiste na venera\u00e7\u00e3o ao Cora\u00e7\u00e3o de Jesus, no mais \u00edntimo de Seu Amor.<\/p>\n<p>A origem dessa devo\u00e7\u00e3o se deve \u00e0 Santa Margarida Maria, uma freira da Ordem da Visita\u00e7\u00e3o de Santa Maria, ordem religiosa fundada por S\u00e3o Francisco de Sales e Francisca Joana de Chantal em 1610. Santa Margarida Maria de Alacoque teve extraordin\u00e1rias revela\u00e7\u00f5es por parte de Jesus Cristo, que a incumbiu pessoalmente de divulgar e propagar ao mundo a piedosa devo\u00e7\u00e3o. Foram tr\u00eas as apari\u00e7\u00f5es de Jesus: a primeira se deu em 27 de dezembro de 1673; a segunda, em 1674; e a terceira, em 1675.<\/p>\n<p>Jesus quer falar ao nosso cora\u00e7\u00e3o, ao nos deixar suas promessas. Cabe a n\u00f3s, portanto, nos apropriarmos de Sua Divina Miseric\u00f3rdia, na comunh\u00e3o reparadora das primeiras sextas-feiras, como Ele mesmo disse, por ocasi\u00e3o de uma das apari\u00e7\u00f5es \u00e0 Santa Margarida Maria de Alacoque, na imperscrut\u00e1vel intensidade do amor que Deus tem por cada um de n\u00f3s. Assim seja!<\/p>\n","protected":false},"excerpt":{"rendered":"<p>Fazer com que o nosso cora\u00e7\u00e3o seja semelhante ao cora\u00e7\u00e3o de Jesus \u00e9 a grande proposta da Solenidade do Cora\u00e7\u00e3o de Jesus e sua devo\u00e7\u00e3o. Isso nos leva \u00e0 contempla\u00e7\u00e3o de Jesus Cristo, que nos ensina, pela palavra e pelo testemunho, a li\u00e7\u00e3o de compaix\u00e3o e miseric\u00f3rdia. Seu cora\u00e7\u00e3o estava em sintonia com o povo [&hellip;]<\/p>\n","protected":false},"author":6,"featured_media":32779,"comment_status":"open","ping_status":"closed","sticky":false,"template":"","format":"standard","meta":{"footnotes":""},"categories":[9],"tags":[],"class_list":["post-50578","post","type-post","status-publish","format-standard","has-post-thumbnail","hentry","category-artigos"],"_links":{"self":[{"href":"https:\/\/catolicanet.net\/wp-cnet\/wp-json\/wp\/v2\/posts\/50578","targetHints":{"allow":["GET"]}}],"collection":[{"href":"https:\/\/catolicanet.net\/wp-cnet\/wp-json\/wp\/v2\/posts"}],"about":[{"href":"https:\/\/catolicanet.net\/wp-cnet\/wp-json\/wp\/v2\/types\/post"}],"author":[{"embeddable":true,"href":"https:\/\/catolicanet.net\/wp-cnet\/wp-json\/wp\/v2\/users\/6"}],"replies":[{"embeddable":true,"href":"https:\/\/catolicanet.net\/wp-cnet\/wp-json\/wp\/v2\/comments?post=50578"}],"version-history":[{"count":1,"href":"https:\/\/catolicanet.net\/wp-cnet\/wp-json\/wp\/v2\/posts\/50578\/revisions"}],"predecessor-version":[{"id":50580,"href":"https:\/\/catolicanet.net\/wp-cnet\/wp-json\/wp\/v2\/posts\/50578\/revisions\/50580"}],"wp:featuredmedia":[{"embeddable":true,"href":"https:\/\/catolicanet.net\/wp-cnet\/wp-json\/wp\/v2\/media\/32779"}],"wp:attachment":[{"href":"https:\/\/catolicanet.net\/wp-cnet\/wp-json\/wp\/v2\/media?parent=50578"}],"wp:term":[{"taxonomy":"category","embeddable":true,"href":"https:\/\/catolicanet.net\/wp-cnet\/wp-json\/wp\/v2\/categories?post=50578"},{"taxonomy":"post_tag","embeddable":true,"href":"https:\/\/catolicanet.net\/wp-cnet\/wp-json\/wp\/v2\/tags?post=50578"}],"curies":[{"name":"wp","href":"https:\/\/api.w.org\/{rel}","templated":true}]}}