{"id":50536,"date":"2019-06-27T09:09:08","date_gmt":"2019-06-27T12:09:08","guid":{"rendered":"http:\/\/catolicanet.net\/wp-cnet\/?p=50536"},"modified":"2019-06-27T09:09:08","modified_gmt":"2019-06-27T12:09:08","slug":"jornada-de-oracao-pelos-padres","status":"publish","type":"post","link":"https:\/\/catolicanet.net\/wp-cnet\/jornada-de-oracao-pelos-padres\/","title":{"rendered":"Jornada de ora\u00e7\u00e3o pelos padres"},"content":{"rendered":"<p>Na pr\u00f3xima sexta-feira, teremos a gra\u00e7a de celebramos a Solenidade do Sagrado Cora\u00e7\u00e3o de Jesus. A espiritualidade do Sagrado Cora\u00e7\u00e3o de Jesus, nos faz adentrar ainda mais no mist\u00e9rio D\u2019aquele que possui um cora\u00e7\u00e3o puro, humilde e que se compadece da fragilidade humana.<\/p>\n<p>Para este dia todo especial o Papa Francisco, como acontece desde o Papa S\u00e3o Jo\u00e3o Paulo II, convoca a Igreja para rezar pela santifica\u00e7\u00e3o dos padres. Aqui em nossa Arquidiocese, no dia que antecede a solenidade, n\u00f3s nos reunimos com os padres para um tempo de ora\u00e7\u00e3o, espiritualidade e vida fraterna. Rezemos para que Deus de a n\u00f3s a gra\u00e7a de sempre amar o Senhor com total afinco. Neste ano o tema est\u00e1 inserido nas 7 homilias pronunciadas pelo Papa Francisco por ocasi\u00e3o das Missas do Crisma desde o in\u00edcio do seu pontificado at\u00e9 este ano. As reflex\u00f5es do Papa Francisco continuam as que os \u00faltimos pont\u00edfices falaram sobre o sacerd\u00f3cio. S\u00e3o Jo\u00e3o XXIII &#8211; Enc\u00edclica sobre o Centen\u00e1rio de morte do Cura de Ars: \u201cFalar de S\u00e3o Jo\u00e3o Maria Vianney\u201a evocar a figura de um padre excepcionalmente mortificado que, por amor de Deus e pela convers\u00e3o dos pecadores, se privava de alimento e sono, se impunha rudes penit\u00eancias e, sobretudo, levava a ren\u00fancia de si mesmo a um grau her\u00f3ico. Se \u00e9 certo que comumente n\u00e3o \u00e9 pedido a todos os fi\u00e9is que sigam este caminho, a divina Provid\u00eancia disp\u00f4s que nunca faltem no mundo pastores de almas que, levados pelo Esp\u00edrito Santo, n\u00e3o hesitem em encaminhar-se por estas vias, porque tais homens operam com este exemplo o regresso de muitos, que se convertem da sedu\u00e7\u00e3o dos erros e dos v\u00edcios para o bom caminho e a pr\u00e1tica da vida crist\u00e3! A todos, o exemplo admir\u00e1vel de ren\u00fancia do cura de Ars, &#8220;severo para consigo e bondoso para com os outros&#8221;, lembra de forma eloquente e urgente o lugar primordial da ascese na vida sacerdotal. (Retirado da Carta: Sacerdotii Nostri primordia. N. 10. Retirado do site: <a href=\"http:\/\/w2.vatican.va\/content\/john-xxiii\/pt\/encyclicals\/documents\/hf_j-xxiii_enc_19590801_sacerdotii.html\">http:\/\/w2.vatican.va\/content\/john-xxiii\/pt\/encyclicals\/documents\/hf_j-xxiii_enc_19590801_sacerdotii.html<\/a>. \u00daltimo acesso 22\/06\/2019).<\/p>\n<p>S\u00e3o Jo\u00e3o Paulo II: \u201cA voca\u00e7\u00e3o n\u00e3o \u00e9 realidade est\u00e1tica: possui uma din\u00e2mica pr\u00f3pria. Queridos Irm\u00e3os no sacerd\u00f3cio, n\u00f3s confirmamos e realizamos cada vez mais a nossa voca\u00e7\u00e3o, na medida em que vivemos fielmente o \u201cmysterium\u201d da alian\u00e7a de Deus com o homem e, de modo particular, o \u201cmysterium\u201d da Eucaristia; realizamos a voca\u00e7\u00e3o, na medida em que, com crescente intensidade, amamos o sacerd\u00f3cio e o minist\u00e9rio sacerdotal, que somos chamados a desempenhar. Descobrimos ent\u00e3o que \u00e9 no ser sacerdotes que nos \u201crealizamos\u201d a n\u00f3s mesmos, corroborando a autenticidade da nossa voca\u00e7\u00e3o, segundo o des\u00edgnio singular e eterno de Deus para cada um de n\u00f3s. Este projeto divino concretiza-se na medida em que \u00e9 reconhecido e assumido por n\u00f3s, como nosso projeto e programa de vida\u201d. (Carta aos Sacerdotes de Jo\u00e3o Paulo II, 1996. Retirado do site:\u00a0 <a href=\"http:\/\/w2.vatican.va\/content\/john-xxiii\/pt\/encyclicals\/documents\/hf_j-xxiii_enc_19590801_sacerdotii.html\">http:\/\/w2.vatican.va\/content\/john-xxiii\/pt\/encyclicals\/documents\/hf_j-xxiii_enc_19590801_sacerdotii.html<\/a>. \u00daltimo acesso: 22\/06\/2019).<\/p>\n<p>Papa Bento XVI: \u201cse \u00e9 verdade que o convite de Jesus a \u201cpermanecer em seu amor\u201d (cf. Jo\u00e3o 15, 9) se dirige a todo batizado, na festa do Sagrado Cora\u00e7\u00e3o de Jesus, Dia de Santifica\u00e7\u00e3o Sacerdotal, este convite ressoa com maior for\u00e7a para n\u00f3s, sacerdotes,\u00a0em particular nesta tarde, solene in\u00edcio do Ano Sacerdotal, que convoquei por ocasi\u00e3o do 150\u00ba anivers\u00e1rio da morte do Santo Cura de Ars. Vem-me imediatamente \u00e0 mente uma bela e comovedora afirma\u00e7\u00e3o, referida no Catecismo da Igreja Cat\u00f3lica: \u201cO sacerd\u00f3cio \u00e9 o amor do Cora\u00e7\u00e3o de Jesus\u201d (n. 1589). Como n\u00e3o recordar com como\u00e7\u00e3o que diretamente desse Cora\u00e7\u00e3o manou o dom do nosso minist\u00e9rio sacerdotal? Como esquecer que n\u00f3s, presb\u00edteros, fomos consagrados para servir, humilde e autorizadamente, ao sacerd\u00f3cio comum dos fi\u00e9is? Nossa miss\u00e3o \u00e9 indispens\u00e1vel para a Igreja e para o mundo, que exige fidelidade plena a Cristo e uma incessante uni\u00e3o com Ele; isto\u00a0\u00e9, exige que busquemos constantemente a santidade,\u00a0como fez S\u00e3o Jo\u00e3o Maria Vianney. Na\u00a0<a href=\"http:\/\/www.zenit.org\/article-21905?l=portuguese\">carta<\/a>\u00a0que vos dirigi por ocasi\u00e3o deste ano jubilar especial, queridos sacerdotes, eu quis sublinhar\u00a0alguns aspectos que qualificam nosso minist\u00e9rio, fazendo refer\u00eancia ao exemplo e ao ensinamento do Santo Cura de Ars, modelo e protetor de todos os sacerdotes, em particular dos p\u00e1rocos. Espero que este meu texto vos sirva de ajuda e est\u00edmulo para fazer deste ano uma ocasi\u00e3o prop\u00edcia para crescer na intimidade com Jesus, que conta conosco, seus ministros,\u00a0para difundir e consolidar seu Reino, para difundir seu amor, sua verdade. E, portanto, \u201ca exemplo do Santo Cura de Ars, deixai-vos conquistar por Ele e sereis, tamb\u00e9m v\u00f3s, no mundo de hoje, mensageiros de esperan\u00e7a, reconcilia\u00e7\u00e3o e paz\u201d. (Homilia do Papa em\u00e9rito Bento XVI na abertura do Ano Sacerdotal. Retirado do site de: <a href=\"http:\/\/www.presbiteros.com.br\/site\/homilia-do-papa-bento-xvi-na-abertura-do-ano-sacerdotal\/\">http:\/\/www.presbiteros.com.br\/site\/homilia-do-papa-bento-xvi-na-abertura-do-ano-sacerdotal\/<\/a> \u00daltimo acesso: 22\/06\/2019).<\/p>\n<p>Papa Francisco reiterando a import\u00e2ncia da forma\u00e7\u00e3o humana afirmou que um padre em paz consigo mesmo saber\u00e1 \u201cdifundir serenidade\u201d at\u00e9 mesmo nos momentos mais dif\u00edceis, \u201ctransmitindo a beleza do encontro com o Senhor\u201d. \u201cN\u00e3o \u00e9 normal que um padre seja frequentemente triste, nervoso ou duro de car\u00e1ter; n\u00e3o est\u00e1 bem e n\u00e3o faz bem, nem ao padre, nem a seu povo. N\u00f3s, sacerdotes, somos ap\u00f3stolos da alegria, anunciamos o Evangelho, a \u2018boa nova\u2019\u201d. (Retirado do site: <a href=\"https:\/\/noticias.cancaonova.com\/mundo\/papa-francisco-sacerdotes-sao-apostolos-da-alegria\/\">https:\/\/noticias.cancaonova.com\/mundo\/papa-francisco-sacerdotes-sao-apostolos-da-alegria\/<\/a> \u00daltimo acesso: 22\/06\/2019).<\/p>\n<p>Neste tempo de tantas dificuldades, mas tamb\u00e9m de muitas alegrias e esperan\u00e7as convido-vos a rezar pelos padres, n\u00e3o somente nesta sexta-feira, mas, sempre. Precisamos de muitas ora\u00e7\u00f5es e a ora\u00e7\u00e3o \u00e9 o nosso sustendo. Rezemos para que o Senhor nos d\u00ea a gra\u00e7a de sempre am\u00e1-lo e servi-lo com todo ardor. Rezemos pelas voca\u00e7\u00f5es sacerdotais em nossa Arquidiocese, particularmente neste Ano Vocacional. Para que o Senhor, dono da messe, envie in\u00fameras e santas voca\u00e7\u00f5es.<\/p>\n","protected":false},"excerpt":{"rendered":"<p>Na pr\u00f3xima sexta-feira, teremos a gra\u00e7a de celebramos a Solenidade do Sagrado Cora\u00e7\u00e3o de Jesus. A espiritualidade do Sagrado Cora\u00e7\u00e3o de Jesus, nos faz adentrar ainda mais no mist\u00e9rio D\u2019aquele que possui um cora\u00e7\u00e3o puro, humilde e que se compadece da fragilidade humana. Para este dia todo especial o Papa Francisco, como acontece desde o [&hellip;]<\/p>\n","protected":false},"author":5,"featured_media":32777,"comment_status":"open","ping_status":"closed","sticky":false,"template":"","format":"standard","meta":{"footnotes":""},"categories":[9],"tags":[],"class_list":["post-50536","post","type-post","status-publish","format-standard","has-post-thumbnail","hentry","category-artigos"],"_links":{"self":[{"href":"https:\/\/catolicanet.net\/wp-cnet\/wp-json\/wp\/v2\/posts\/50536","targetHints":{"allow":["GET"]}}],"collection":[{"href":"https:\/\/catolicanet.net\/wp-cnet\/wp-json\/wp\/v2\/posts"}],"about":[{"href":"https:\/\/catolicanet.net\/wp-cnet\/wp-json\/wp\/v2\/types\/post"}],"author":[{"embeddable":true,"href":"https:\/\/catolicanet.net\/wp-cnet\/wp-json\/wp\/v2\/users\/5"}],"replies":[{"embeddable":true,"href":"https:\/\/catolicanet.net\/wp-cnet\/wp-json\/wp\/v2\/comments?post=50536"}],"version-history":[{"count":1,"href":"https:\/\/catolicanet.net\/wp-cnet\/wp-json\/wp\/v2\/posts\/50536\/revisions"}],"predecessor-version":[{"id":50537,"href":"https:\/\/catolicanet.net\/wp-cnet\/wp-json\/wp\/v2\/posts\/50536\/revisions\/50537"}],"wp:featuredmedia":[{"embeddable":true,"href":"https:\/\/catolicanet.net\/wp-cnet\/wp-json\/wp\/v2\/media\/32777"}],"wp:attachment":[{"href":"https:\/\/catolicanet.net\/wp-cnet\/wp-json\/wp\/v2\/media?parent=50536"}],"wp:term":[{"taxonomy":"category","embeddable":true,"href":"https:\/\/catolicanet.net\/wp-cnet\/wp-json\/wp\/v2\/categories?post=50536"},{"taxonomy":"post_tag","embeddable":true,"href":"https:\/\/catolicanet.net\/wp-cnet\/wp-json\/wp\/v2\/tags?post=50536"}],"curies":[{"name":"wp","href":"https:\/\/api.w.org\/{rel}","templated":true}]}}