{"id":50533,"date":"2019-06-27T09:05:03","date_gmt":"2019-06-27T12:05:03","guid":{"rendered":"http:\/\/catolicanet.net\/wp-cnet\/?p=50533"},"modified":"2019-06-27T09:05:03","modified_gmt":"2019-06-27T12:05:03","slug":"editoria-catolica-inicio-de-um-novo-caminho-comum","status":"publish","type":"post","link":"https:\/\/catolicanet.net\/wp-cnet\/editoria-catolica-inicio-de-um-novo-caminho-comum\/","title":{"rendered":"Editoria cat\u00f3lica: in\u00edcio de um novo caminho comum"},"content":{"rendered":"<div class=\"article__subTitle\">Na abertura das Jornadas Internacionais da Editoria Cat\u00f3lica, o Prefeito do Dicast\u00e9rio para a Comunica\u00e7\u00e3o, Paolo Ruffini anunciou o \u201cin\u00edcio de um novo caminho comum\u201d. O evento conta com a presen\u00e7a do padre Jamil Alves de Souza das Edi\u00e7\u00f5es CNBB que falou ao Vatican News sobre a realidade editorial no Brasil e os trabalhos para a publica\u00e7\u00e3o da B\u00edblia da CNBB<\/div>\n<div class=\"title__separator\"><\/div>\n<div class=\"article__text\">\n<p><b>Cidade do Vaticano<\/b><\/p>\n<p>\u00c9 o \u201cin\u00edcio de um novo caminho comum\u201d. Esta \u00e9 a esperan\u00e7a do Prefeito do Dicast\u00e9rio para a Comunica\u00e7\u00e3o, <b>Paolo Ruffini<\/b> na abertura na quarta-feira (26) em Roma das Jornadas Internacionais da Editoria Cat\u00f3lica, que prossegue at\u00e9 o dia 29 de junho. Propondo uma reflex\u00e3o sobre os desafios impostos ao ambiente digital a uma plateia de mais de 60 pessoas provenientes de todo o mundo, o Prefeito afirmou que se vive em \u201ctempos de crise\u201d, \u201ccrise ecol\u00f3gica\u201d, \u201ccrise humanit\u00e1ria\u201d e observou tamb\u00e9m da editoria. Mas talvez nunca como hoje \u2013 disse \u2013 compreendemos o quanto seja grande a necessidade de restituir um sentido ao tempo, uma unidade \u00e0 diversidade dos meios de comunica\u00e7\u00e3o\u201d. Por outro lado, \u201cas crises s\u00e3o um sinal de que n\u00e3o estamos parados, im\u00f3veis\u201d e o caminho para sair delas \u00e9 \u201crefor\u00e7ar a nossa vontade de sermos uma rede\u201d.<\/p>\n<div>\n<div class=\"article__embed article__embed--unwrap article__embed--dark\">\n<div class=\"article__innerTitle\">Ou\u00e7a e compartilhe!<\/div>\n<!--[if lt IE 9]><script>document.createElement('audio');<\/script><![endif]-->\n<audio class=\"wp-audio-shortcode\" id=\"audio-50533-1\" preload=\"none\" style=\"width: 100%;\" controls=\"controls\"><source type=\"audio\/mpeg\" src=\"https:\/\/media.vaticannews.va\/media\/audio\/s1\/2019\/06\/27\/12\/135104876_F135104876.mp3?_=1\" \/><a href=\"https:\/\/media.vaticannews.va\/media\/audio\/s1\/2019\/06\/27\/12\/135104876_F135104876.mp3\">https:\/\/media.vaticannews.va\/media\/audio\/s1\/2019\/06\/27\/12\/135104876_F135104876.mp3<\/a><\/audio>\n<\/div>\n<\/div>\n<h2><b>No Brasil, o papel ainda \u00e9 o maior instrumento de evangeliza\u00e7\u00e3o<\/b><\/h2>\n<p>\u201cA editoria da CNBB encontra-se em uma fase de expans\u00e3o\u201d, disse ao <i>Vatican News<\/i> Padre<b> Jamil Alves de Souza<\/b>, das edi\u00e7\u00f5es CNBB que participa das Jornadas. Conta que est\u00e3o presentes \u201cem todas as dioceses do Brasil com livros, publica\u00e7\u00f5es e livros digitais\u201d. E acrescenta \u201ca nossa miss\u00e3o como editoria da CNBB \u00e9 uma s\u00f3 e est\u00e1 bem expressa, tanto digital quanto no papel: a nossa miss\u00e3o \u00e9 evangelizar\u201d. No Brasil, conta \u201co papel ainda \u00e9 o maior instrumento. O digital ainda est\u00e1 na fase inicial e \u00e9 procurado principalmente pelas novas gera\u00e7\u00f5es\u201d.<\/p>\n<\/div>\n<div>\n<aside class=\"article__readmore\">\n<div class=\"teaser--labelEvidence teaser teaser--type-article\">\n<article>\n<div class=\"teaser__contentWrapper\">\n<div><\/div>\n<\/div>\n<\/article>\n<\/div>\n<\/aside>\n<\/div>\n<h2><b>B\u00edblia da CNBB<\/b><\/h2>\n<p>Falando sobre a B\u00edblia lan\u00e7ada pela CNBB, padre Jamil disse que a tradu\u00e7\u00e3o oficial \u201cfoi feita n\u00e3o s\u00f3 com a Nova Vulgata, como era a anterior, mas tamb\u00e9m com os textos originais. Um trabalho de 10 anos e constantemente atualizado\u201d. E que a B\u00edblia da CNBB \u201cse tornar\u00e1 a refer\u00eancia para o Brasil no mundo cat\u00f3lico\u201d.<\/p>\n<p>&nbsp;<\/p>\n","protected":false},"excerpt":{"rendered":"<p>Na abertura das Jornadas Internacionais da Editoria Cat\u00f3lica, o Prefeito do Dicast\u00e9rio para a Comunica\u00e7\u00e3o, Paolo Ruffini anunciou o \u201cin\u00edcio de um novo caminho comum\u201d. O evento conta com a presen\u00e7a do padre Jamil Alves de Souza das Edi\u00e7\u00f5es CNBB que falou ao Vatican News sobre a realidade editorial no Brasil e os trabalhos para [&hellip;]<\/p>\n","protected":false},"author":1,"featured_media":50534,"comment_status":"open","ping_status":"closed","sticky":false,"template":"","format":"standard","meta":{"footnotes":""},"categories":[3],"tags":[],"class_list":["post-50533","post","type-post","status-publish","format-standard","has-post-thumbnail","hentry","category-vaticano"],"_links":{"self":[{"href":"https:\/\/catolicanet.net\/wp-cnet\/wp-json\/wp\/v2\/posts\/50533","targetHints":{"allow":["GET"]}}],"collection":[{"href":"https:\/\/catolicanet.net\/wp-cnet\/wp-json\/wp\/v2\/posts"}],"about":[{"href":"https:\/\/catolicanet.net\/wp-cnet\/wp-json\/wp\/v2\/types\/post"}],"author":[{"embeddable":true,"href":"https:\/\/catolicanet.net\/wp-cnet\/wp-json\/wp\/v2\/users\/1"}],"replies":[{"embeddable":true,"href":"https:\/\/catolicanet.net\/wp-cnet\/wp-json\/wp\/v2\/comments?post=50533"}],"version-history":[{"count":1,"href":"https:\/\/catolicanet.net\/wp-cnet\/wp-json\/wp\/v2\/posts\/50533\/revisions"}],"predecessor-version":[{"id":50535,"href":"https:\/\/catolicanet.net\/wp-cnet\/wp-json\/wp\/v2\/posts\/50533\/revisions\/50535"}],"wp:featuredmedia":[{"embeddable":true,"href":"https:\/\/catolicanet.net\/wp-cnet\/wp-json\/wp\/v2\/media\/50534"}],"wp:attachment":[{"href":"https:\/\/catolicanet.net\/wp-cnet\/wp-json\/wp\/v2\/media?parent=50533"}],"wp:term":[{"taxonomy":"category","embeddable":true,"href":"https:\/\/catolicanet.net\/wp-cnet\/wp-json\/wp\/v2\/categories?post=50533"},{"taxonomy":"post_tag","embeddable":true,"href":"https:\/\/catolicanet.net\/wp-cnet\/wp-json\/wp\/v2\/tags?post=50533"}],"curies":[{"name":"wp","href":"https:\/\/api.w.org\/{rel}","templated":true}]}}