{"id":50530,"date":"2019-06-27T09:01:08","date_gmt":"2019-06-27T12:01:08","guid":{"rendered":"http:\/\/catolicanet.net\/wp-cnet\/?p=50530"},"modified":"2019-06-27T09:01:08","modified_gmt":"2019-06-27T12:01:08","slug":"papa-a-fao-falta-de-alimento-se-combate-com-compaixao-e-vontade-politica","status":"publish","type":"post","link":"https:\/\/catolicanet.net\/wp-cnet\/papa-a-fao-falta-de-alimento-se-combate-com-compaixao-e-vontade-politica\/","title":{"rendered":"Papa \u00e0 FAO: falta de alimento se combate com compaix\u00e3o e vontade pol\u00edtica"},"content":{"rendered":"<h1 class=\"article__title\"><\/h1>\n<div class=\"article__subTitle\">Na origem do drama da fome, o Papa apontou sobretudo a falta de compaix\u00e3o, o desinteresse de muitos e uma escassa vontade social e pol\u00edtica no momento de responder \u00e0s obriga\u00e7\u00f5es internacionais. Francisco agradeceu &#8220;de cora\u00e7\u00e3o&#8221; o trabalho de Graziano da Silva, que deixa a dire\u00e7\u00e3o da FAO depois de dois mandatos.<\/div>\n<div class=\"title__separator\"><\/div>\n<div class=\"article__text\">\n<p><b>Bianca Fraccalvieri \u2013 Cidade do Vaticano<\/b><\/p>\n<p>O Papa Francisco recebeu no final da manh\u00e3 desta quinta-feira (27\/06) os cerca de 500 participantes da 41\u00aa Sess\u00e3o da Confer\u00eancia da Organiza\u00e7\u00e3o das Na\u00e7\u00f5es Unidas para a Alimenta\u00e7\u00e3o e a Agricultura (FAO). O tema em debate \u00e9 \u201cMigra\u00e7\u00f5es, agricultura e desenvolvimento rural\u201d.<\/p>\n<p>No in\u00edcio do seu discurso, o Pont\u00edfice manifestou o seu agradecimento e reconhecimento ao Diretor-Geral, Jos\u00e9 Graziano da Silva, que daqui poucas semanas concluir\u00e1 o seu servi\u00e7o \u00e0 frente da FAO. &#8220;Obrigado de cora\u00e7\u00e3o por seu trabalho.&#8221; O Papa felicitou o sucessor, tamb\u00e9m presente na audi\u00eancia, o chin\u00eas Qu Dongyu.<\/p>\n<div>\n<div class=\"article__embed article__embed--unwrap article__embed--dark\">\n<div class=\"article__innerTitle\">Ou\u00e7a a reportagem completa com a voz do Papa Francisco<\/div>\n<!--[if lt IE 9]><script>document.createElement('audio');<\/script><![endif]-->\n<audio class=\"wp-audio-shortcode\" id=\"audio-50530-1\" preload=\"none\" style=\"width: 100%;\" controls=\"controls\"><source type=\"audio\/mpeg\" src=\"https:\/\/media.vaticannews.va\/media\/audio\/s1\/2019\/06\/27\/11\/135104806_F135104806.mp3?_=1\" \/><a href=\"https:\/\/media.vaticannews.va\/media\/audio\/s1\/2019\/06\/27\/11\/135104806_F135104806.mp3\">https:\/\/media.vaticannews.va\/media\/audio\/s1\/2019\/06\/27\/11\/135104806_F135104806.mp3<\/a><\/audio>\n<\/div>\n<\/div>\n<h2>Desafio do &#8220;Fome Zero&#8221;<\/h2>\n<p>&nbsp;<\/p>\n<p>Em m\u00e9rito ao tema da Confer\u00eancia, Francisco afirmou que o objetivo \u201cFome Zero\u201d permanece ainda um grande desafio, mesmo reconhecendo que nas \u00faltimas d\u00e9cadas houve um grande avan\u00e7o.<\/p>\n<p>O Pont\u00edfice recordou que para combater a falta de alimento e acesso \u00e0 agua pot\u00e1vel, \u00e9 preciso trabalhar sobre as causas que as provocam. E na origem deste drama, o Papa apontou sobretudo a falta de compaix\u00e3o, o desinteresse de muitos e uma escassa vontade social e pol\u00edtica no momento de responder \u00e0s obriga\u00e7\u00f5es internacionais.<\/p>\n<div>\n<div class=\"article__embed article__embed--border embed_style\">\n<blockquote><p>\u201c A falta de alimento e de \u00e1gua n\u00e3o \u00e9 um assunto interno e exclusivo dos pa\u00edses mais pobres e fr\u00e1geis, mas diz respeito a cada um de n\u00f3s. Todos estamos chamados a escutar o grito desesperado de nossos irm\u00e3os. \u201d<\/p><\/blockquote>\n<\/div>\n<\/div>\n<p>Como um dos meios a nosso alcance, Francisco indicou a redu\u00e7\u00e3o do desperd\u00edcio de alimentos e de \u00e1gua; para isso, a educa\u00e7\u00e3o e a sensibiliza\u00e7\u00e3o social \u00e9 um investimento a curto e longo prazos.<\/p>\n<h2>O problema de um \u00e9 o problema de todos<\/h2>\n<p>O Papa reiterou a conex\u00e3o que existe entre a fragilidade ambiental, a inseguran\u00e7a alimentar e os movimentos migrat\u00f3rios.<\/p>\n<p>\u201cO aumento do n\u00famero de refugiados no mundo durante os \u00faltimos anos nos demonstrou que o problema de um pa\u00eds \u00e9 o problema de toda a fam\u00edlia humana\u201d, afirmou Francisco.<\/p>\n<p>Para isso, \u00e9 necess\u00e1rio promover um desenvolvimento agr\u00edcola nas regi\u00f5es mais vulner\u00e1veis, fortalecendo a resili\u00eancia e a sustentabilidade do territ\u00f3rio.<\/p>\n<p>O Pont\u00edfice refor\u00e7ou a legitimimidade da FAO como institui\u00e7\u00e3o para coordenar medidas incisivas, em parceria com outras organiza\u00e7\u00f5es internacionais. \u201cO esfor\u00e7o conjunto de todos far\u00e1 tornar realidade as metas e os compromissos assumidos.\u201d<\/p>\n<p>O Papa concluiu reafirmando a disponibilidade da Santa S\u00e9 em cooperar com a FAO, apoiando o esfor\u00e7o internacional para a elimina\u00e7\u00e3o da fome no mundo e garantindo um futuro melhor para o nosso planeta e para a humanidade inteira.<\/p>\n<\/div>\n","protected":false},"excerpt":{"rendered":"<p>Na origem do drama da fome, o Papa apontou sobretudo a falta de compaix\u00e3o, o desinteresse de muitos e uma escassa vontade social e pol\u00edtica no momento de responder \u00e0s obriga\u00e7\u00f5es internacionais. Francisco agradeceu &#8220;de cora\u00e7\u00e3o&#8221; o trabalho de Graziano da Silva, que deixa a dire\u00e7\u00e3o da FAO depois de dois mandatos. Bianca Fraccalvieri \u2013 [&hellip;]<\/p>\n","protected":false},"author":1,"featured_media":50531,"comment_status":"open","ping_status":"closed","sticky":false,"template":"","format":"standard","meta":{"footnotes":""},"categories":[13],"tags":[],"class_list":["post-50530","post","type-post","status-publish","format-standard","has-post-thumbnail","hentry","category-featured"],"_links":{"self":[{"href":"https:\/\/catolicanet.net\/wp-cnet\/wp-json\/wp\/v2\/posts\/50530","targetHints":{"allow":["GET"]}}],"collection":[{"href":"https:\/\/catolicanet.net\/wp-cnet\/wp-json\/wp\/v2\/posts"}],"about":[{"href":"https:\/\/catolicanet.net\/wp-cnet\/wp-json\/wp\/v2\/types\/post"}],"author":[{"embeddable":true,"href":"https:\/\/catolicanet.net\/wp-cnet\/wp-json\/wp\/v2\/users\/1"}],"replies":[{"embeddable":true,"href":"https:\/\/catolicanet.net\/wp-cnet\/wp-json\/wp\/v2\/comments?post=50530"}],"version-history":[{"count":1,"href":"https:\/\/catolicanet.net\/wp-cnet\/wp-json\/wp\/v2\/posts\/50530\/revisions"}],"predecessor-version":[{"id":50532,"href":"https:\/\/catolicanet.net\/wp-cnet\/wp-json\/wp\/v2\/posts\/50530\/revisions\/50532"}],"wp:featuredmedia":[{"embeddable":true,"href":"https:\/\/catolicanet.net\/wp-cnet\/wp-json\/wp\/v2\/media\/50531"}],"wp:attachment":[{"href":"https:\/\/catolicanet.net\/wp-cnet\/wp-json\/wp\/v2\/media?parent=50530"}],"wp:term":[{"taxonomy":"category","embeddable":true,"href":"https:\/\/catolicanet.net\/wp-cnet\/wp-json\/wp\/v2\/categories?post=50530"},{"taxonomy":"post_tag","embeddable":true,"href":"https:\/\/catolicanet.net\/wp-cnet\/wp-json\/wp\/v2\/tags?post=50530"}],"curies":[{"name":"wp","href":"https:\/\/api.w.org\/{rel}","templated":true}]}}