{"id":5053,"date":"2014-08-29T13:56:18","date_gmt":"2014-08-29T16:56:18","guid":{"rendered":"http:\/\/catolicanet.net\/wp-cnet\/tv-aparecida-na-abert\/"},"modified":"2017-04-06T13:37:48","modified_gmt":"2017-04-06T16:37:48","slug":"tv-aparecida-na-abert","status":"publish","type":"post","link":"https:\/\/catolicanet.net\/wp-cnet\/tv-aparecida-na-abert\/","title":{"rendered":"TV Aparecida na ABERT"},"content":{"rendered":"<p style=\"text-align: justify;\"><img decoding=\"async\" src=\"http:\/\/catolicanet.com.br\/images\/stories\/tvaparecida.jpg\" border=\"0\" align=\"left\" \/>A Associa\u00e7\u00e3o Brasileira de Emissoras de R\u00e1dio e de Televis\u00e3o, a ABERT, elegeu na \u00faltima quarta-feira (27) a sua nova presid\u00eancia. Daniel Pimentel do SBT foi escolhido presidente da Associa\u00e7\u00e3o em Bras\u00edlia. E desta vez, a Rede Aparecida de Comunica\u00e7\u00e3o tamb\u00e9m est\u00e1 representada. O Diretor geral da emissora, Pe. Josaf\u00e1 Moraes, \u00e9 um dos membros da chapa que estar\u00e1 \u00e0 frente dos trabalhos nos pr\u00f3ximos anos.<\/p>\n<p>Em entrevista ao Jornal TJ Aparecida, o sacerdote falou sobre a import\u00e2ncia da TV Aparecida, que j\u00e1 se destaca entre as 14 maiores emissoras do pa\u00eds, tomar posse de um espa\u00e7o dentro da Associa\u00e7\u00e3o Brasileira de Emissoras de R\u00e1dio e Televis\u00e3o. Uma conquista que vem junto com os noves anos a emissora.<\/p>\n<p>&#8220;Para n\u00f3s, que estamos completando nove anos, \u00e9 uma conquista muito grande fazer parte de maneira direta da Associa\u00e7\u00e3o Brasileira das Emissoras de R\u00e1dio e Televis\u00e3o no Brasil. E que para n\u00f3s \u00e9 uma participa\u00e7\u00e3o que mostra o nosso desempenho nesses nove anos. Ent\u00e3o, quando a gente \u00e9 reconhecida como uma das maiores emissoras do Brasil pela Anatel, quer queira ou n\u00e3o, outras entidades ligadas \u00e0 radiodifus\u00e3o, reconhecem tamb\u00e9m o trabalho da TV Aparecida, disse Pe, Josaf\u00e1&#8221;.<\/p>\n<p>A entrada do diretor da TV Aparecida na ABERT, que luta pela democratiza\u00e7\u00e3o das m\u00eddias e pelo desenvolvimento das comunica\u00e7\u00f5es no pa\u00eds, \u00e9 tamb\u00e9m a abertura de um espa\u00e7o cada vez maior para a Igreja Cat\u00f3lica.<\/p>\n<p>&#8220;Para n\u00f3s da TV Aparecida, \u00e9 uma grande conquista sermos convidados para participar da ABERT. \u00c9 a primeira vez que n\u00f3s tomamos parte da associa\u00e7\u00e3o. E nesse grupo de discuss\u00e3o, vamos poder levar a TV Aparecida mais adiante no meio de grandes televis\u00f5es&#8221;, concluiu o diretor.<\/p>\n<p>Sobre a REDE APARECIDA<br \/>A TV APARECIDA est\u00e1 entre as 14 maiores emissoras de televis\u00e3o do Brasil, segundo a ANATEL. Seu sinal est\u00e1 dispon\u00edvel para todo o pa\u00eds pela antena parab\u00f3lica. Pelo canal aberto, pode ser sintonizada em 18 estados, 16 capitais e mais de 240 munic\u00edpios, cobrindo cerca de 70 milh\u00f5es de pessoas. Est\u00e1 dispon\u00edvel nas principais capitais do Brasil pelo sinal digital e nas TVs por assinatura: Sky (178 e 374), Vivo TV (231), Super I Telecom (24), CTBC (718), Claro TV (18), GVT (242), Oi TV (16 e 27) e NET SP (195).<\/p>\n<p>Fonte: R\u00e1dio Vaticano<br \/>Local: Aparecida<\/p>\n","protected":false},"excerpt":{"rendered":"<p>A Associa\u00e7\u00e3o Brasileira de Emissoras de R\u00e1dio e de Televis\u00e3o, a ABERT, elegeu na \u00faltima quarta-feira (27) a sua nova presid\u00eancia. Daniel Pimentel do SBT foi escolhido presidente da Associa\u00e7\u00e3o em Bras\u00edlia. E desta vez, a Rede Aparecida de Comunica\u00e7\u00e3o tamb\u00e9m est\u00e1 representada. O Diretor geral da emissora, Pe. Josaf\u00e1 Moraes, \u00e9 um dos membros [&hellip;]<\/p>\n","protected":false},"author":1,"featured_media":0,"comment_status":"closed","ping_status":"closed","sticky":false,"template":"","format":"standard","meta":{"footnotes":""},"categories":[4],"tags":[],"class_list":["post-5053","post","type-post","status-publish","format-standard","hentry","category-cotidiano"],"_links":{"self":[{"href":"https:\/\/catolicanet.net\/wp-cnet\/wp-json\/wp\/v2\/posts\/5053","targetHints":{"allow":["GET"]}}],"collection":[{"href":"https:\/\/catolicanet.net\/wp-cnet\/wp-json\/wp\/v2\/posts"}],"about":[{"href":"https:\/\/catolicanet.net\/wp-cnet\/wp-json\/wp\/v2\/types\/post"}],"author":[{"embeddable":true,"href":"https:\/\/catolicanet.net\/wp-cnet\/wp-json\/wp\/v2\/users\/1"}],"replies":[{"embeddable":true,"href":"https:\/\/catolicanet.net\/wp-cnet\/wp-json\/wp\/v2\/comments?post=5053"}],"version-history":[{"count":1,"href":"https:\/\/catolicanet.net\/wp-cnet\/wp-json\/wp\/v2\/posts\/5053\/revisions"}],"predecessor-version":[{"id":9942,"href":"https:\/\/catolicanet.net\/wp-cnet\/wp-json\/wp\/v2\/posts\/5053\/revisions\/9942"}],"wp:attachment":[{"href":"https:\/\/catolicanet.net\/wp-cnet\/wp-json\/wp\/v2\/media?parent=5053"}],"wp:term":[{"taxonomy":"category","embeddable":true,"href":"https:\/\/catolicanet.net\/wp-cnet\/wp-json\/wp\/v2\/categories?post=5053"},{"taxonomy":"post_tag","embeddable":true,"href":"https:\/\/catolicanet.net\/wp-cnet\/wp-json\/wp\/v2\/tags?post=5053"}],"curies":[{"name":"wp","href":"https:\/\/api.w.org\/{rel}","templated":true}]}}