{"id":50523,"date":"2019-06-26T15:43:57","date_gmt":"2019-06-26T18:43:57","guid":{"rendered":"http:\/\/catolicanet.net\/wp-cnet\/?p=50523"},"modified":"2019-06-26T15:43:57","modified_gmt":"2019-06-26T18:43:57","slug":"com-programacao-estendida-romaria-do-terco-dos-homens-abre-inscricoes-para-2020","status":"publish","type":"post","link":"https:\/\/catolicanet.net\/wp-cnet\/com-programacao-estendida-romaria-do-terco-dos-homens-abre-inscricoes-para-2020\/","title":{"rendered":"Com programa\u00e7\u00e3o estendida, Romaria do Ter\u00e7o dos Homens abre inscri\u00e7\u00f5es para 2020"},"content":{"rendered":"<p>A Romaria do Ter\u00e7o dos Homens j\u00e1 abriu inscri\u00e7\u00f5es para a edi\u00e7\u00e3o de 2020. A peregrina\u00e7\u00e3o \u00e9 a maior entre as acolhidas pelo Santu\u00e1rio Nacional, contando com representantes de todos os estados do Brasil. S\u00f3 na edi\u00e7\u00e3o deste ano, por exemplo, cerca de 80 mil homens participaram das atividades. Por este motivo, tamb\u00e9m no pr\u00f3ximo ano, a programa\u00e7\u00e3o ganhar\u00e1 mais um dia, se iniciando na sexta-feira, dia 14 de fevereiro, e se encerrando no domingo, dia 16.<\/p>\n<p>O formul\u00e1rio para inscri\u00e7\u00e3o dos grupos est\u00e1 dispon\u00edvel at\u00e9 o come\u00e7o de fevereiro de 2020 no site do evento<a href=\"https:\/\/www.a12.com\/santuario\/eventos\/terco-dos-homens\"> www.a12.com\/tercodoshomens<\/a>. O coordenador deve inscrever gratuitamente seu grupo, indicando o n\u00famero de participantes e os dias em que os membros estar\u00e3o presentes.<\/p>\n<p>Na mesma \u00e1rea, di\u00e1conos, padres e bispos que acompanham o Ter\u00e7o dos Homens em suas par\u00f3quias e dioceses tamb\u00e9m devem se inscrever para a concelebra\u00e7\u00e3o das missas da Romaria. Assim como os grupos, os religiosos tamb\u00e9m devem indicar datas e hor\u00e1rios das celebra\u00e7\u00f5es em que estar\u00e3o presentes. Mesmo com a inscri\u00e7\u00e3o, antes de cada missa, ser\u00e1 preciso apresentar a carteirinha clerical na Secretaria de Pastoral do Santu\u00e1rio para acessar o espa\u00e7o reservado aos concelebrantes.<\/p>\n<p>Embora o n\u00famero de cl\u00e9rigos que acompanham os grupos de Ter\u00e7o seja grande, os leigos formam a maior parte do movimento. \u201cO Ter\u00e7o dos Homens, que est\u00e1 acontecendo de maneira t\u00e3o maravilhosa neste Brasil, \u00e9 um movimento de iniciativa do laicato, com o apoio entusiasta do clero, dos bispos e di\u00e1conos da Igreja. O Ter\u00e7o dos Homens \u00e9 uma b\u00ean\u00e7\u00e3o para a Igreja, uma b\u00ean\u00e7\u00e3o para a fam\u00edlia\u201d, afirma o Referencial para o Ter\u00e7o dos Homens e arcebispo de Juiz de Fora (MG), Dom Gil Ant\u00f4nio Moreira.<\/p>\n<p>Ainda segundo o arcebispo, mais de um milh\u00e3o e quinhentos mil homens participam do movimento em todos os estados do Brasil. Nos lugares aonde o Ter\u00e7o dos Homens ainda n\u00e3o \u00e9 uma realidade, o Santu\u00e1rio Nacional disponibiliza por meio do portal A12.com orienta\u00e7\u00f5es para a implementa\u00e7\u00e3o de grupos e subs\u00eddios para as ora\u00e7\u00f5es. Mensalmente, o reitor do Santu\u00e1rio Nacional tamb\u00e9m envia cartas aos grupos com reflex\u00f5es sobre espiritualidade.<\/p>\n","protected":false},"excerpt":{"rendered":"<p>A Romaria do Ter\u00e7o dos Homens j\u00e1 abriu inscri\u00e7\u00f5es para a edi\u00e7\u00e3o de 2020. A peregrina\u00e7\u00e3o \u00e9 a maior entre as acolhidas pelo Santu\u00e1rio Nacional, contando com representantes de todos os estados do Brasil. S\u00f3 na edi\u00e7\u00e3o deste ano, por exemplo, cerca de 80 mil homens participaram das atividades. Por este motivo, tamb\u00e9m no pr\u00f3ximo [&hellip;]<\/p>\n","protected":false},"author":1,"featured_media":50527,"comment_status":"open","ping_status":"closed","sticky":false,"template":"","format":"standard","meta":{"footnotes":""},"categories":[4],"tags":[],"class_list":["post-50523","post","type-post","status-publish","format-standard","has-post-thumbnail","hentry","category-cotidiano"],"_links":{"self":[{"href":"https:\/\/catolicanet.net\/wp-cnet\/wp-json\/wp\/v2\/posts\/50523","targetHints":{"allow":["GET"]}}],"collection":[{"href":"https:\/\/catolicanet.net\/wp-cnet\/wp-json\/wp\/v2\/posts"}],"about":[{"href":"https:\/\/catolicanet.net\/wp-cnet\/wp-json\/wp\/v2\/types\/post"}],"author":[{"embeddable":true,"href":"https:\/\/catolicanet.net\/wp-cnet\/wp-json\/wp\/v2\/users\/1"}],"replies":[{"embeddable":true,"href":"https:\/\/catolicanet.net\/wp-cnet\/wp-json\/wp\/v2\/comments?post=50523"}],"version-history":[{"count":1,"href":"https:\/\/catolicanet.net\/wp-cnet\/wp-json\/wp\/v2\/posts\/50523\/revisions"}],"predecessor-version":[{"id":50528,"href":"https:\/\/catolicanet.net\/wp-cnet\/wp-json\/wp\/v2\/posts\/50523\/revisions\/50528"}],"wp:featuredmedia":[{"embeddable":true,"href":"https:\/\/catolicanet.net\/wp-cnet\/wp-json\/wp\/v2\/media\/50527"}],"wp:attachment":[{"href":"https:\/\/catolicanet.net\/wp-cnet\/wp-json\/wp\/v2\/media?parent=50523"}],"wp:term":[{"taxonomy":"category","embeddable":true,"href":"https:\/\/catolicanet.net\/wp-cnet\/wp-json\/wp\/v2\/categories?post=50523"},{"taxonomy":"post_tag","embeddable":true,"href":"https:\/\/catolicanet.net\/wp-cnet\/wp-json\/wp\/v2\/tags?post=50523"}],"curies":[{"name":"wp","href":"https:\/\/api.w.org\/{rel}","templated":true}]}}