{"id":50517,"date":"2019-06-26T14:27:02","date_gmt":"2019-06-26T17:27:02","guid":{"rendered":"http:\/\/catolicanet.net\/wp-cnet\/?p=50517"},"modified":"2019-06-26T14:27:02","modified_gmt":"2019-06-26T17:27:02","slug":"cardeal-muller-a-fe-em-jesus-cristo-e-a-verdadeira-modernidade","status":"publish","type":"post","link":"https:\/\/catolicanet.net\/wp-cnet\/cardeal-muller-a-fe-em-jesus-cristo-e-a-verdadeira-modernidade\/","title":{"rendered":"Cardeal M\u00fcller: A f\u00e9 em Jesus Cristo \u00e9 a verdadeira modernidade"},"content":{"rendered":"<p>O Cardeal Gerhard M\u00fcller, Prefeito Em\u00e9rito da Congrega\u00e7\u00e3o para a Doutrina da F\u00e9 afirmou que a f\u00e9 em Jesus Cristo \u00e9 a verdadeira modernidade, durante o Simp\u00f3sio &#8220;Pelo Reinado final de Cristo Rei&#8221;, que aconteceu em Barcelona de 21 a 24 de junho, organizado pela Uni\u00f3n Seglar (Uni\u00e3o Secular, em portugu\u00eas), por ocasi\u00e3o dos 50 anos de sua funda\u00e7\u00e3o.<\/p>\n<p>No evento, o Cardeal M\u00fcller participou com uma confer\u00eancia intitulada &#8220;O reino de Deus hoje&#8221;, na qual ressaltou que &#8220;o cristianismo n\u00e3o precisa se acomodar \u00e0 modernidade nem conquistar corajosamente um espa\u00e7o para sobreviver na p\u00f3s-modernidade. Pois a f\u00e9 em Deus, revelado em Jesus Cristo, \u00e9 a verdadeira modernidade, a atualidade n\u00e3o superada de liberdade, vida e amor\u201d.<\/p>\n<p>Destacou tamb\u00e9m que &#8220;o conhecimento da vontade salv\u00edfica universal de Deus, na pessoa e obra de Cristo, n\u00e3o pode ser superada por nenhum progresso no conhecimento emp\u00edrico-cient\u00edfico do mundo e nas condi\u00e7\u00f5es materiais da vida, nem pode ser erodida por nenhuma reflex\u00e3o transcendental sobre as condi\u00e7\u00f5es e limites do nosso pensamento definitivo&#8221;.<\/p>\n<p>Nesse sentido, tamb\u00e9m lembrou as consequ\u00eancias que tiveram os sistemas sociais que buscaram separar o homem de Deus e que &#8220;roubaram milh\u00f5es de pessoas do verdadeiro consolo que necessitam&#8221;.<\/p>\n<p>&#8220;O \u00f3dio \u00e0 vida nas sociedades do leste, com a matan\u00e7a de seres humanos ainda n\u00e3o nascidos, assim como dos idosos e doentes, \u00e9 apenas o resultado da &#8216;morte de Deus&#8217; no cora\u00e7\u00e3o, depois da qual tudo est\u00e1 permitido. A aus\u00eancia de Deus torna a pessoa malvada&#8221;, denunciou o Prefeito Em\u00e9rito.<\/p>\n<p>Da\u00ed a import\u00e2ncia da igreja como Corpo de Cristo, j\u00e1 que, segundo afirma, &#8220;foi fundada por Cristo como sinal e instrumento de sua vontade salv\u00edfica, para livrar o mundo do sofrimento e da viol\u00eancia, para libertar os homens da degrada\u00e7\u00e3o e da explora\u00e7\u00e3o, e para redimi-los do pecado, da morte e do Maligno&#8221;. Destacou ainda que \u201ca Igreja n\u00e3o \u00e9 nem uma coisa com o mundo nem um projeto contra ele&#8221;.<\/p>\n<p>&#8220;A Igreja sempre sintonizou com as diversas linguagens, mentalidades e culturas. Sua origem pentecostal obriga a faz\u00ea-lo. Mas, precisamente por isso, ela \u00e9, em todos os povos, o \u00fanico povo de Deus, a caminho do objetivo comum da humanidade&#8221;, explicou o Cardeal.<\/p>\n<p>Na confer\u00eancia, o Purpurado alem\u00e3o tamb\u00e9m explicou que &#8220;um fato inevit\u00e1vel da nossa experi\u00eancia e da nossa raz\u00e3o \u00e9 que o ser humano busca a Verdade, e encontra a sua felicidade somente na unidade com o bem&#8221;.<\/p>\n<p>Por isso, diante dos momentos atuais de descristianiza\u00e7\u00e3o da sociedade, embora \u00e0s vezes &#8220;a falta de interesse seja t\u00e3o grande que j\u00e1 n\u00e3o h\u00e1 oposi\u00e7\u00e3o&#8221;, o Cardeal animou a continuar trabalhando pela evangeliza\u00e7\u00e3o e &#8220;aumentar o n\u00edvel da forma\u00e7\u00e3o religiosa&#8221;, para que o cristianismo se converta em uma &#8220;base comum de valores \u00e9ticos e culturais&#8221;.<\/p>\n<p>Tamb\u00e9m alertou sobre o perigo do relativismo que prevalece na sociedade, o qual afirma que a verdade n\u00e3o pode ser conhecida.<\/p>\n<p>Por isso, o Cardeal destacou que &#8220;o vazio que se origina com a ren\u00fancia \u00e0s quest\u00f5es fundamentais sobre Deus, o mundo e o homem se preenchem na realidade com ideologias pol\u00edticas e sociais de car\u00e1ter totalit\u00e1rio que, renunciando \u00e0 verdade, t\u00eam que eliminar tamb\u00e9m a liberdade&#8221;.<\/p>\n<p>Em declara\u00e7\u00f5es ao Grupo ACI, o Cardeal M\u00fcller recordou a import\u00e2ncia dos movimentos espirituais dentro da vida da Igreja, em rela\u00e7\u00e3o com o 50\u00ba anivers\u00e1rio da funda\u00e7\u00e3o da Uni\u00f3n Seglar.<\/p>\n<p>&#8220;Embora seja geralmente nas par\u00f3quias onde a vida da Igreja se realiza nas dioceses, os movimentos tamb\u00e9m s\u00e3o muito importantes porque \u00e9 onde a maioria dos cat\u00f3licos pode aprofundar na sua vida eclesial, rezando juntos, e tamb\u00e9m aprofundando no conhecimento da f\u00e9 e da confiss\u00e3o cat\u00f3lica&#8221;, assegurou.<\/p>\n<p>Em seguida, o Prefeito Em\u00e9rito alertou para os efeitos da &#8220;seculariza\u00e7\u00e3o e descristianiza\u00e7\u00e3o ativa&#8221; e explicou que &#8220;muitos querem negar as ra\u00edzes crist\u00e3s da Europa, querem fazer uma Europa apenas para o mercado ou de valores materiais, mas deixam de fora os valores sobrenaturais e existenciais, a f\u00e9, a esperan\u00e7a e o amor&#8221;.<\/p>\n<p>Como forma de combater essa descristianiza\u00e7\u00e3o da sociedade, o Purpurado animou a aprofundar na f\u00e9. &#8220;Devemos rezar muito, tamb\u00e9m ler muito sobre a nossa f\u00e9, para ser capazes de responder aos desafios, \u00e0s d\u00favidas que existem no mundo de hoje, mas, sobretudo, convencer as pessoas com a nossa vida\u201d, declarou ao Grupo ACI.<\/p>\n","protected":false},"excerpt":{"rendered":"<p>O Cardeal Gerhard M\u00fcller, Prefeito Em\u00e9rito da Congrega\u00e7\u00e3o para a Doutrina da F\u00e9 afirmou que a f\u00e9 em Jesus Cristo \u00e9 a verdadeira modernidade, durante o Simp\u00f3sio &#8220;Pelo Reinado final de Cristo Rei&#8221;, que aconteceu em Barcelona de 21 a 24 de junho, organizado pela Uni\u00f3n Seglar (Uni\u00e3o Secular, em portugu\u00eas), por ocasi\u00e3o dos 50 [&hellip;]<\/p>\n","protected":false},"author":1,"featured_media":50518,"comment_status":"open","ping_status":"closed","sticky":false,"template":"","format":"standard","meta":{"footnotes":""},"categories":[4],"tags":[],"class_list":["post-50517","post","type-post","status-publish","format-standard","has-post-thumbnail","hentry","category-cotidiano"],"_links":{"self":[{"href":"https:\/\/catolicanet.net\/wp-cnet\/wp-json\/wp\/v2\/posts\/50517","targetHints":{"allow":["GET"]}}],"collection":[{"href":"https:\/\/catolicanet.net\/wp-cnet\/wp-json\/wp\/v2\/posts"}],"about":[{"href":"https:\/\/catolicanet.net\/wp-cnet\/wp-json\/wp\/v2\/types\/post"}],"author":[{"embeddable":true,"href":"https:\/\/catolicanet.net\/wp-cnet\/wp-json\/wp\/v2\/users\/1"}],"replies":[{"embeddable":true,"href":"https:\/\/catolicanet.net\/wp-cnet\/wp-json\/wp\/v2\/comments?post=50517"}],"version-history":[{"count":1,"href":"https:\/\/catolicanet.net\/wp-cnet\/wp-json\/wp\/v2\/posts\/50517\/revisions"}],"predecessor-version":[{"id":50519,"href":"https:\/\/catolicanet.net\/wp-cnet\/wp-json\/wp\/v2\/posts\/50517\/revisions\/50519"}],"wp:featuredmedia":[{"embeddable":true,"href":"https:\/\/catolicanet.net\/wp-cnet\/wp-json\/wp\/v2\/media\/50518"}],"wp:attachment":[{"href":"https:\/\/catolicanet.net\/wp-cnet\/wp-json\/wp\/v2\/media?parent=50517"}],"wp:term":[{"taxonomy":"category","embeddable":true,"href":"https:\/\/catolicanet.net\/wp-cnet\/wp-json\/wp\/v2\/categories?post=50517"},{"taxonomy":"post_tag","embeddable":true,"href":"https:\/\/catolicanet.net\/wp-cnet\/wp-json\/wp\/v2\/tags?post=50517"}],"curies":[{"name":"wp","href":"https:\/\/api.w.org\/{rel}","templated":true}]}}