{"id":50499,"date":"2019-06-26T09:48:44","date_gmt":"2019-06-26T12:48:44","guid":{"rendered":"http:\/\/catolicanet.net\/wp-cnet\/?p=50499"},"modified":"2019-06-26T09:48:44","modified_gmt":"2019-06-26T12:48:44","slug":"mais-de-100-mil-marcham-no-equador-em-defesa-da-vida-da-familia-e-da-constituicao","status":"publish","type":"post","link":"https:\/\/catolicanet.net\/wp-cnet\/mais-de-100-mil-marcham-no-equador-em-defesa-da-vida-da-familia-e-da-constituicao\/","title":{"rendered":"Mais de 100 mil marcham no Equador em defesa da vida, da fam\u00edlia e da Constitui\u00e7\u00e3o"},"content":{"rendered":"<div id=\"content\" class=\"byline\">\n<div data-io-article-url=\"https:\/\/www.acidigital.com\/noticias\/mais-de-100-mil-marcham-no-equador-em-defesa-da-vida-da-familia-e-da-constituicao-97859\">\n<div class=\"noticia-contenido\">\n<p>Mais de 100 mil pessoas se manifestaram no dia 22 de junho, em Guayaquil (Equador), em defesa da vida, da fam\u00edlia e da Constitui\u00e7\u00e3o.<\/p>\n<p>Com o lema &#8220;Respeito \u00e0 Constitui\u00e7\u00e3o, \u00e0 fam\u00edlia e \u00e0 vida&#8221;, os manifestantes exigiram a anula\u00e7\u00e3o de uma decis\u00e3o da Corte Constitucional do Equador que abre as portas para o casamento gay e expressaram sua rejei\u00e7\u00e3o \u00e0s tentativas de legalizar o aborto, o cultivo e consumo \u201cmedicinal\u201d da maconha e a mudan\u00e7a de sexo de menores sem consentimento dos pais.<\/p>\n<p>A marcha foi organizada por v\u00e1rios grupos que defendem a vida e a fam\u00edlia.<\/p>\n<p>Em um comunicado, os organizadores assinalaram que, &#8220;nos \u00faltimos dias, a Corte Constitucional mediante a senten\u00e7a N\u00ba. 11-18-CN\/19 aprovou o casamento igualit\u00e1rio no Equador, violando o artigo 67 da Constitui\u00e7\u00e3o que diz: O casamento \u00e9 a uni\u00e3o entre homem e mulher, com base no livre consentimento das pessoas contraentes e na igualdade de seus direitos, obriga\u00e7\u00f5es e capacidade jur\u00eddica&#8221;.<\/p>\n<p>&#8220;O soberano, ou seja, o povo equatoriano, est\u00e1 defendendo seus direitos e luta para que n\u00e3o continuem aprovando leis que atentem contra a vida, a sa\u00fade e a integridade da fam\u00edlia atacando os seres mais vulner\u00e1veis como s\u00e3o as crian\u00e7as\u201d, assinalaram<\/p>\n<p>Al\u00e9m disso, advertiram que na Assembleia Nacional do Equador &#8220;est\u00e1 sendo realizado o segundo e \u00faltimo debate sobre a reforma do C\u00f3digo Integral Penal (COIP), em que se busca a legaliza\u00e7\u00e3o do aborto em cinco causas (exce\u00e7\u00f5es): incesto, estupro, insemina\u00e7\u00e3o n\u00e3o consentida, malforma\u00e7\u00e3o cong\u00eanita e abuso&#8221;.<\/p>\n<p>&#8220;E no mesmo se estabelece o limite para terminar a gravidez at\u00e9 o 3\u00ba m\u00eas de gesta\u00e7\u00e3o, ou seja, assassinar o beb\u00ea at\u00e9 a 14\u00aa semana dentro do ventre materno\u201d, indicaram.<\/p>\n<p>Esta reforma do COIP, assinalaram, &#8220;tamb\u00e9m legaliza o plantio, cultivo e consumo de maconha &#8216;medicinal&#8217;, o que coloca as crian\u00e7as e adolescentes em risco real de depend\u00eancia em um estado que n\u00e3o foi capaz de controlar o uso de outras drogas&#8221;.<\/p>\n<p>Por outro lado, denunciaram que a reforma do C\u00f3digo Org\u00e2nico de Sa\u00fade do Equador (COS) quer abrir as portas para a chamada \u201cbarriga de aluguel&#8221;, para a &#8220;mudan\u00e7a de sexo&#8221; de menores sem o consentimento dos pais e para obrigar os m\u00e9dicos a praticarem abortos.<\/p>\n<p>Outro perigo \u00e9 a tentativa de reformar o C\u00f3digo Org\u00e2nico da Inf\u00e2ncia e Adolesc\u00eancia para permitir a ado\u00e7\u00e3o de crian\u00e7as por casais homossexuais.<\/p>\n<p>Os organizadores da marcha multitudin\u00e1ria disseram que tamb\u00e9m est\u00e3o coletando assinaturas &#8220;para continuar lutando at\u00e9 conseguirem a anula\u00e7\u00e3o destas leis e ir para referendo. As marchas continuar\u00e3o nos pr\u00f3ximos dias em outras cidades\u201d.<\/p>\n<p>Uma nova marcha ser\u00e1 realizada em Quito, capital do Equador, no dia 29 de junho.<\/p>\n<\/div>\n<\/div>\n<\/div>\n<div class=\"col-xs-12\">\n<div class=\"row\">\n<div id=\"sidebar\" class=\"col-xs-12 col-md-4\">\n<div class=\"sidebar_section\">\n<div id=\"div-gpt-ad-1472661422739-3\" data-google-query-id=\"CJDM2LaSh-MCFbcTswAdWisPVg\">\n<div id=\"google_ads_iframe_\/4493921\/ACI_D_Sidebar_C_0__container__\"><\/div>\n<\/div>\n<\/div>\n<\/div>\n<\/div>\n<\/div>\n","protected":false},"excerpt":{"rendered":"<p>Mais de 100 mil pessoas se manifestaram no dia 22 de junho, em Guayaquil (Equador), em defesa da vida, da fam\u00edlia e da Constitui\u00e7\u00e3o. Com o lema &#8220;Respeito \u00e0 Constitui\u00e7\u00e3o, \u00e0 fam\u00edlia e \u00e0 vida&#8221;, os manifestantes exigiram a anula\u00e7\u00e3o de uma decis\u00e3o da Corte Constitucional do Equador que abre as portas para o casamento [&hellip;]<\/p>\n","protected":false},"author":1,"featured_media":50500,"comment_status":"open","ping_status":"closed","sticky":false,"template":"","format":"standard","meta":{"footnotes":""},"categories":[4],"tags":[],"class_list":["post-50499","post","type-post","status-publish","format-standard","has-post-thumbnail","hentry","category-cotidiano"],"_links":{"self":[{"href":"https:\/\/catolicanet.net\/wp-cnet\/wp-json\/wp\/v2\/posts\/50499","targetHints":{"allow":["GET"]}}],"collection":[{"href":"https:\/\/catolicanet.net\/wp-cnet\/wp-json\/wp\/v2\/posts"}],"about":[{"href":"https:\/\/catolicanet.net\/wp-cnet\/wp-json\/wp\/v2\/types\/post"}],"author":[{"embeddable":true,"href":"https:\/\/catolicanet.net\/wp-cnet\/wp-json\/wp\/v2\/users\/1"}],"replies":[{"embeddable":true,"href":"https:\/\/catolicanet.net\/wp-cnet\/wp-json\/wp\/v2\/comments?post=50499"}],"version-history":[{"count":1,"href":"https:\/\/catolicanet.net\/wp-cnet\/wp-json\/wp\/v2\/posts\/50499\/revisions"}],"predecessor-version":[{"id":50501,"href":"https:\/\/catolicanet.net\/wp-cnet\/wp-json\/wp\/v2\/posts\/50499\/revisions\/50501"}],"wp:featuredmedia":[{"embeddable":true,"href":"https:\/\/catolicanet.net\/wp-cnet\/wp-json\/wp\/v2\/media\/50500"}],"wp:attachment":[{"href":"https:\/\/catolicanet.net\/wp-cnet\/wp-json\/wp\/v2\/media?parent=50499"}],"wp:term":[{"taxonomy":"category","embeddable":true,"href":"https:\/\/catolicanet.net\/wp-cnet\/wp-json\/wp\/v2\/categories?post=50499"},{"taxonomy":"post_tag","embeddable":true,"href":"https:\/\/catolicanet.net\/wp-cnet\/wp-json\/wp\/v2\/tags?post=50499"}],"curies":[{"name":"wp","href":"https:\/\/api.w.org\/{rel}","templated":true}]}}