{"id":5046,"date":"2014-08-27T03:00:00","date_gmt":"2014-08-27T06:00:00","guid":{"rendered":"http:\/\/catolicanet.net\/wp-cnet\/8o-aniversario-da-pascoa-do-nosso-querido-e-santo-dom-luciano\/"},"modified":"2017-04-06T13:35:58","modified_gmt":"2017-04-06T16:35:58","slug":"8o-aniversario-da-pascoa-do-nosso-querido-e-santo-dom-luciano","status":"publish","type":"post","link":"https:\/\/catolicanet.net\/wp-cnet\/8o-aniversario-da-pascoa-do-nosso-querido-e-santo-dom-luciano\/","title":{"rendered":"8\u00ba anivers\u00e1rio da p\u00e1scoa do nosso querido e santo Dom Luciano"},"content":{"rendered":"<p style=\"text-align: justify;\">Dom Luciano: o gosto pela m\u00fasica e o cantar lit\u00fargico <\/p>\n<p>\u201cO canto dos crist\u00e3os flui de uma plenitude do Esp\u00edrito.\u201d <br \/><strong>(S. Clemente de Alexandria)<\/strong><\/p>\n<p><img decoding=\"async\" src=\"http:\/\/catolicanet.com.br\/images\/stories\/domluciano.jpg\" border=\"0\" align=\"left\" \/>Quando me foi pedido para escrever sobre Dom Luciano e o gosto pelo canto lit\u00fargico, minha primeira rea\u00e7\u00e3o foi de espanto e surpresa. \u00c0 primeira vista parecem ambos n\u00e3o ter muito em comum. Aprofundando por\u00e9m o tema, e revendo no cora\u00e7\u00e3o a vida, o testemunho, a doa\u00e7\u00e3o de Dom Luciano, que \u201cem nome de Jesus\u201d, amou e serviu at\u00e9 o fim, como o Divino Mestre e Pastor, fui percebendo, n\u00e3o sem emo\u00e7\u00e3o, que ele encarnou como poucos o Evangelho de Jesus Cristo e todo seu mist\u00e9rio pascal\u00a0 \u2013 Vida, Paix\u00e3o, Morte e Ressurrei\u00e7\u00e3o \u2013\u00a0 que celebramos sobretudo na Eucaristia,\u00a0 mist\u00e9rio de f\u00e9 no qual o canto lit\u00fargico nos ajuda a mergulhar. <br \/>Santo Agostinho foi dos Padres da Igreja um dos que mais profundamente abordaram o tema do canto lit\u00fargico, do louvor perfeito, do cantar com a voz, o cora\u00e7\u00e3o e a vida, abrangendo o homem total. E \u00e9 ele que me vem \u00e0 mem\u00f3ria, pois, por feliz coincid\u00eancia providencial, o povo brasileiro se despediu de Dom Luciano justamente na festa do s\u00e1bio e grande santo, a 28 de agosto de 2006. Adverte os crist\u00e3os o doutor da Igreja:\u00a0 \u201cQuereis cantar louvor a Deus, e n\u00e3o sabeis com que louvar?&#8230; Cantai com a voz, com os l\u00e1bios, e louvai com a vida e o cora\u00e7\u00e3o.\u201d Quem mais e melhor do que Dom Luciano cantou com a voz, o cora\u00e7\u00e3o e a vida? Como o Verbo Encarnado \u2013 a Palavra de Deus se fez m\u00fasica e habitou entre n\u00f3s!&#8230; &#8211;\u00a0 nosso amado e santo arcebispo jesu\u00edta foi perito na arte musical, usando como instrumento de vida e salva\u00e7\u00e3o a pr\u00f3pria voz, sua intelig\u00eancia e bondade, sua sabedoria e lucidez, seu amor compassivo e\u00a0 misericordioso, suas palavras e gestos carregados de ternura, enfim seu cora\u00e7\u00e3o habitando um corpo-santu\u00e1rio pleno do Divino. Por isso sua vida inteira foi canto que fluiu da plenitude do Esp\u00edrito. Um canto novo capaz de sensibilizar e tocar os cora\u00e7\u00f5es mais duros, um canto novo de profeta e disc\u00edpulo, de mission\u00e1rio e ap\u00f3stolo, que para todos foi de alegria, esperan\u00e7a e salva\u00e7\u00e3o eterna. Um canto que s\u00f3\u00a0 pode entoar quem \u00e9 amigo dos pobres, quem \u00e9 dispon\u00edvel ao menor aceno do alto, quem vive e proclama a justi\u00e7a, quem \u00e9 apaixonado por Jesus Cristo e sua Igreja,\u00a0 quem, totalmente despojado de si mesmo,\u00a0 faz de sua vida doa\u00e7\u00e3o e entrega, quem ama\u00a0 at\u00e9 o fim.\u00a0 Como Jesus! <br \/>Dom Luciano foi qual c\u00edtara do Esp\u00edrito Santo, de que fala Santo In\u00e1cio de Antioquia, deixando que o Divino M\u00fasico tocasse harmoniosamente cada corda, cada fibra do seu cora\u00e7\u00e3o,\u00a0 vivendo em profunda sintonia com a Vontade do Pai, sempre afinado com o coro celeste e o louvor da terra, quer reunido em assembl\u00e9ia lit\u00fargica com seu povo, quer no compromisso solid\u00e1rio com a justi\u00e7a do Reino. Sua vida foi uma cont\u00ednua liturgia de louvor a Deus, j\u00e1 que fez da liturgia\u00a0 vida entregue pelos seus. Como Jesus!<br \/>Quantas liturgias ter\u00e1 celebrado Dom Luciano com as comunidades crist\u00e3s, fortalecendo sua f\u00e9, animando sua luta, transformando morte em ressurrei\u00e7\u00e3o, \u201ceucaristizando\u201d a vida do povo, sobretudo os preferidos do Senhor!&#8230; E como liturgia \u00e9 festa e servi\u00e7o, o canto est\u00e1 sempre presente, alegrando, consolando, unindo, elevando vozes e cora\u00e7\u00f5es no mesmo louvor a Deus. O canto nos sustenta na luta, torna a vida mais leve, o cora\u00e7\u00e3o mais forte,\u00a0 a ora\u00e7\u00e3o mais suave, a liturgia mais solene. Afinal, ensaiamos na terra o cantar do c\u00e9u, quando a liturgia ser\u00e1 perfeita e a P\u00e1scoa, plena! L\u00e1, com Jesus!<br \/>Nosso bendito, santo Luciano, por 75 anos peregrino em canto a caminho da P\u00e1tria, de ressurrei\u00e7\u00e3o em ressurrei\u00e7\u00e3o, de p\u00e1scoa em p\u00e1scoa, est\u00e1 agora plenamente ressuscitado no Senhor,\u00a0\u00a0 celebrando a eterna liturgia na Casa do Pai. Com a multid\u00e3o dos santos e anjos, entoa diante do trono do Cordeiro Pascal o\u00a0 C\u00e2ntico Novo dos resgatados, o Am\u00e9m definitivo, o Aleluia pascal, ecoando eternidade adentro&#8230; Lugar de eterna alegria, de festa sempiterna, de sinfonia magn\u00edfica, da mais doce e suave melodia!&#8230; Em Deus!<br \/>Sim, amado e bondoso Dom Luciano, \u201cDeus \u00e9 bom!\u201d. Todos n\u00f3s experimentamos esta infinita bondade de Deus encarnada na sua pessoa. Por isso, da Jerusal\u00e9m Celeste, onde a divina e inebriante\u00a0 melodia\u00a0 plenifica o seu cora\u00e7\u00e3o, pe\u00e7a ao Pai por n\u00f3s, para que, vivendo na terra a servir o irm\u00e3o \u201cem nome de Jesus\u201d,\u00a0 caminhemos cantando, cantemos caminhando rumo ao definitivo Am\u00e9m, ao eterno\u00a0 Aleluia!<\/p>\n<p>Fonte: Ir. Miria T. Kolling \u2013<br \/>Local: Bel\u00e9m, SP<\/p>\n","protected":false},"excerpt":{"rendered":"<p>Dom Luciano: o gosto pela m\u00fasica e o cantar lit\u00fargico \u201cO canto dos crist\u00e3os flui de uma plenitude do Esp\u00edrito.\u201d (S. Clemente de Alexandria) Quando me foi pedido para escrever sobre Dom Luciano e o gosto pelo canto lit\u00fargico, minha primeira rea\u00e7\u00e3o foi de espanto e surpresa. \u00c0 primeira vista parecem ambos n\u00e3o ter muito [&hellip;]<\/p>\n","protected":false},"author":1,"featured_media":0,"comment_status":"closed","ping_status":"closed","sticky":false,"template":"","format":"standard","meta":{"footnotes":""},"categories":[4],"tags":[],"class_list":["post-5046","post","type-post","status-publish","format-standard","hentry","category-cotidiano"],"_links":{"self":[{"href":"https:\/\/catolicanet.net\/wp-cnet\/wp-json\/wp\/v2\/posts\/5046","targetHints":{"allow":["GET"]}}],"collection":[{"href":"https:\/\/catolicanet.net\/wp-cnet\/wp-json\/wp\/v2\/posts"}],"about":[{"href":"https:\/\/catolicanet.net\/wp-cnet\/wp-json\/wp\/v2\/types\/post"}],"author":[{"embeddable":true,"href":"https:\/\/catolicanet.net\/wp-cnet\/wp-json\/wp\/v2\/users\/1"}],"replies":[{"embeddable":true,"href":"https:\/\/catolicanet.net\/wp-cnet\/wp-json\/wp\/v2\/comments?post=5046"}],"version-history":[{"count":1,"href":"https:\/\/catolicanet.net\/wp-cnet\/wp-json\/wp\/v2\/posts\/5046\/revisions"}],"predecessor-version":[{"id":9938,"href":"https:\/\/catolicanet.net\/wp-cnet\/wp-json\/wp\/v2\/posts\/5046\/revisions\/9938"}],"wp:attachment":[{"href":"https:\/\/catolicanet.net\/wp-cnet\/wp-json\/wp\/v2\/media?parent=5046"}],"wp:term":[{"taxonomy":"category","embeddable":true,"href":"https:\/\/catolicanet.net\/wp-cnet\/wp-json\/wp\/v2\/categories?post=5046"},{"taxonomy":"post_tag","embeddable":true,"href":"https:\/\/catolicanet.net\/wp-cnet\/wp-json\/wp\/v2\/tags?post=5046"}],"curies":[{"name":"wp","href":"https:\/\/api.w.org\/{rel}","templated":true}]}}