{"id":50421,"date":"2019-06-25T08:42:57","date_gmt":"2019-06-25T11:42:57","guid":{"rendered":"http:\/\/catolicanet.net\/wp-cnet\/?p=50421"},"modified":"2019-06-25T08:42:57","modified_gmt":"2019-06-25T11:42:57","slug":"dom-auza-na-onu-sete-passos-para-a-promocao-da-liberdade-religiosa","status":"publish","type":"post","link":"https:\/\/catolicanet.net\/wp-cnet\/dom-auza-na-onu-sete-passos-para-a-promocao-da-liberdade-religiosa\/","title":{"rendered":"Dom Auza na ONU: sete passos para a promo\u00e7\u00e3o da liberdade religiosa"},"content":{"rendered":"<div class=\"article__subTitle\">Nesta segunda-feira (25), em Nova Iorque, o observador permanente da Santa S\u00e9 na ONU fez um discurso em evento sobre o combate ao terrorismo baseado na religi\u00e3o e elencou sete passos para promover a cultura da toler\u00e2ncia e da inclus\u00e3o. Entre eles, que os ataques contra os crist\u00e3os \u201cn\u00e3o permane\u00e7am desconhecidos\u201d e que se invista numa educa\u00e7\u00e3o que n\u00e3o fomente a \u201cradicaliza\u00e7\u00e3o extremista\u201d.<\/div>\n<div class=\"title__separator\"><\/div>\n<div class=\"article__text\">\n<p><b>Andressa Collet \u2013 Cidade do Vaticano<\/b><\/p>\n<p>O observador permanente da Santa S\u00e9 na ONU, em Nova Iorque, dom Bernardito Auza, participou de evento nesta segunda-feira (24) que analisou medidas pr\u00e1ticas para o combate ao terrorismo e a outros atos de viol\u00eancia baseados na religi\u00e3o e na cren\u00e7a, com o intuito de promover a cultura da toler\u00e2ncia e da inclus\u00e3o. Al\u00e9m da Santa S\u00e9, o encontro contou com a colabora\u00e7\u00e3o do Escrit\u00f3rio das Na\u00e7\u00f5es Unidas contra o Terrorismo e das Miss\u00f5es Permanentes do Paquist\u00e3o e da Turquia.<\/p>\n<p>No discurso, Auza come\u00e7ou citando o \u201chorror dos recentes ataques\u201d contra os judeus em Pittsburgh, Poway e Paris; contra os mu\u00e7ulmanos em Christchurch, Queens, Quebec e Londres; contra os crist\u00e3os no Sri Lanka, no Sahel e em algumas regi\u00f5es da Nig\u00e9ria, do Iraque e da S\u00edria; al\u00e9m de muitos outros casos documentados contra outras cren\u00e7as religiosas.<\/p>\n<p>\u201cO fato de muitos desses atos de viol\u00eancia terem sido perpetrados contra os crentes, quando se re\u00fanem para orar em suas casas de culto, os torna particularmente criminosos: ref\u00fagios de paz e serenidade rapidamente se tornam c\u00e2maras de execu\u00e7\u00e3o, enquanto crian\u00e7as indefesas, homens e mulheres perdem suas vidas simplesmente por se reunirem para praticar sua religi\u00e3o\u201d, afirmou Auza.<\/p>\n<h2>Sete itens pela promo\u00e7\u00e3o \u00e0 liberdade religiosa<\/h2>\n<p>Exortando a responsabilidade da comunidade internacional e dos Estados para proteger a popula\u00e7\u00e3o contra ataques desse tipo, Auza listou sete itens que considera importante:<\/p>\n<p>&nbsp;<\/p>\n<blockquote><p>1.\u00a0 <i>Promover o direito \u00e0 liberdade de religi\u00e3o, consci\u00eancia e cren\u00e7a<\/i>, visto que relat\u00f3rios internacionais t\u00eam confirmado um aumento das viola\u00e7\u00f5es dos Estados atrav\u00e9s da legisla\u00e7\u00e3o: restri\u00e7\u00e3o \u00e0 pr\u00e1tica religiosa e \u00e0 constru\u00e7\u00e3o de casas de culto e de escolas, al\u00e9m de \u201catrocidades em massa, assassinatos e estupros cometidos pelo \u00f3dio \u00e0s cren\u00e7as e religi\u00f5es das v\u00edtimas\u201d.<\/p><\/blockquote>\n<blockquote><\/blockquote>\n<blockquote><p>2.\u00a0 <i>Garantir a igualdade de todos os cidad\u00e3os perante a lei<\/i>, independentemente da identidade religiosa ou \u00e9tnica, \u201cpara manter coexist\u00eancia harmoniosa e frut\u00edfera entre indiv\u00edduos e comunidades\u201d.<\/p><\/blockquote>\n<blockquote><\/blockquote>\n<blockquote><p>3.\u00a0 Uma <i>separa\u00e7\u00e3o positiva e respeitosa entre religi\u00e3o e Estado<\/i>, e que seja de colabora\u00e7\u00e3o para que n\u00e3o sejam \u201cconfundidas\u201d.<\/p><\/blockquote>\n<blockquote><\/blockquote>\n<blockquote><p>4.\u00a0 <i>Apelar a l\u00edderes pol\u00edticos, sociais e religiosos \u201cpara condenar o uso da religi\u00e3o para incitar o \u00f3dio e a viol\u00eancia<\/i> ou para justificar atos de opress\u00e3o, ex\u00edlio, assassinato ou terrorismo\u201d. Esse \u00e9 um dos passos para que, segundo Auza, \u201cas religi\u00f5es n\u00e3o sejam culpadas pela loucura homicida, mas a culpa permane\u00e7a com aqueles que interpretam erroneamente ou manipulam a cren\u00e7a religiosa para cometer o mal, supostamente em nome de Deus, para fins pol\u00edticos ou ideol\u00f3gicos\u201d.<\/p><\/blockquote>\n<blockquote><\/blockquote>\n<blockquote><p>5.\u00a0 <i>N\u00e3o deixar nenhuma v\u00edtima de viol\u00eancia antirreligiosa para tr\u00e1s, inclusive os crist\u00e3os<\/i>. Auza ent\u00e3o comentou que, em muitas declara\u00e7\u00f5es, tanto de funcion\u00e1rios da ONU, como de l\u00edderes mundiais e da imprensa, os ataques contra os crist\u00e3os permanecem desconhecidos.<\/p><\/blockquote>\n<blockquote><\/blockquote>\n<blockquote><p>6.\u00a0 <i>Promover um compromisso real com o di\u00e1logo intercultural e inter-religioso<\/i>, apoiado pelos Estados, inclusive aqueles seculares. \u201cA religi\u00e3o n\u00e3o \u00e9 um problema, mas parte da solu\u00e7\u00e3o\u201d, disse Auza ao parafrasear o Papa Francisco.<\/p><\/blockquote>\n<blockquote><\/blockquote>\n<blockquote><p>7.\u00a0 O s\u00e9timo e \u00faltimo ponto descrito pelo observador da Santa S\u00e9 \u00e9 sobre <i>a necessidade de uma educa\u00e7\u00e3o efetiva<\/i>: \u201c\u00e9 essencial que o ensino nas escolas, nos p\u00falpitos e pela internet n\u00e3o fomente a intransig\u00eancia e a radicaliza\u00e7\u00e3o extremista, mas treine os estudantes ao di\u00e1logo, \u00e0 rever\u00eancia pela dignidade dos outros, \u00e0 reconcilia\u00e7\u00e3o, \u00e0 justi\u00e7a e ao respeito pelo estado de direito\u201d. Auza acrescentou o qu\u00e3o importante \u00e9 que a forma\u00e7\u00e3o \u00a0\u201cda cabe\u00e7a e do cora\u00e7\u00e3o n\u00e3o seja exagerada\u201d.<\/p><\/blockquote>\n<\/div>\n","protected":false},"excerpt":{"rendered":"<p>Nesta segunda-feira (25), em Nova Iorque, o observador permanente da Santa S\u00e9 na ONU fez um discurso em evento sobre o combate ao terrorismo baseado na religi\u00e3o e elencou sete passos para promover a cultura da toler\u00e2ncia e da inclus\u00e3o. Entre eles, que os ataques contra os crist\u00e3os \u201cn\u00e3o permane\u00e7am desconhecidos\u201d e que se invista [&hellip;]<\/p>\n","protected":false},"author":1,"featured_media":50422,"comment_status":"open","ping_status":"closed","sticky":false,"template":"","format":"standard","meta":{"footnotes":""},"categories":[3],"tags":[],"class_list":["post-50421","post","type-post","status-publish","format-standard","has-post-thumbnail","hentry","category-vaticano"],"_links":{"self":[{"href":"https:\/\/catolicanet.net\/wp-cnet\/wp-json\/wp\/v2\/posts\/50421","targetHints":{"allow":["GET"]}}],"collection":[{"href":"https:\/\/catolicanet.net\/wp-cnet\/wp-json\/wp\/v2\/posts"}],"about":[{"href":"https:\/\/catolicanet.net\/wp-cnet\/wp-json\/wp\/v2\/types\/post"}],"author":[{"embeddable":true,"href":"https:\/\/catolicanet.net\/wp-cnet\/wp-json\/wp\/v2\/users\/1"}],"replies":[{"embeddable":true,"href":"https:\/\/catolicanet.net\/wp-cnet\/wp-json\/wp\/v2\/comments?post=50421"}],"version-history":[{"count":1,"href":"https:\/\/catolicanet.net\/wp-cnet\/wp-json\/wp\/v2\/posts\/50421\/revisions"}],"predecessor-version":[{"id":50423,"href":"https:\/\/catolicanet.net\/wp-cnet\/wp-json\/wp\/v2\/posts\/50421\/revisions\/50423"}],"wp:featuredmedia":[{"embeddable":true,"href":"https:\/\/catolicanet.net\/wp-cnet\/wp-json\/wp\/v2\/media\/50422"}],"wp:attachment":[{"href":"https:\/\/catolicanet.net\/wp-cnet\/wp-json\/wp\/v2\/media?parent=50421"}],"wp:term":[{"taxonomy":"category","embeddable":true,"href":"https:\/\/catolicanet.net\/wp-cnet\/wp-json\/wp\/v2\/categories?post=50421"},{"taxonomy":"post_tag","embeddable":true,"href":"https:\/\/catolicanet.net\/wp-cnet\/wp-json\/wp\/v2\/tags?post=50421"}],"curies":[{"name":"wp","href":"https:\/\/api.w.org\/{rel}","templated":true}]}}