{"id":5041,"date":"2014-08-26T17:34:21","date_gmt":"2014-08-26T20:34:21","guid":{"rendered":"http:\/\/catolicanet.net\/wp-cnet\/dom-schevchuk-qescrevi-ao-papa-sobre-o-drama-do-nosso-povoq\/"},"modified":"2017-04-06T13:35:12","modified_gmt":"2017-04-06T16:35:12","slug":"dom-schevchuk-qescrevi-ao-papa-sobre-o-drama-do-nosso-povoq","status":"publish","type":"post","link":"https:\/\/catolicanet.net\/wp-cnet\/dom-schevchuk-qescrevi-ao-papa-sobre-o-drama-do-nosso-povoq\/","title":{"rendered":"Dom Schevchuk: &#8220;Escrevi ao Papa sobre o drama do nosso povo&#8221;"},"content":{"rendered":"<p style=\"text-align: justify;\"><span style=\"line-height: 1.3em;\"><img decoding=\"async\" src=\"http:\/\/catolicanet.com.br\/images\/stories\/ucraniasoldados.jpg\" border=\"0\" align=\"left\" \/>A Ucr\u00e2nia est\u00e1 no centro das ora\u00e7\u00f5es do Papa Francisco, que recordou no Angelus do \u00faltimo domingo o drama vivido no pa\u00eds. As not\u00edcias que chegam do leste ucraniano s\u00e3o muito graves. Tr\u00eas civis mortos em Donetsk e 12 militares mortos nas \u00faltimas 24 horas \u00e9 o \u00faltimo boletim do conflito armado entre as tropas governamentais e milicianos filo-russos. Segundo as For\u00e7as Armadas ucranianas, teriam sido mortos 247 milicianos separatistas.<\/span><\/p>\n<p style=\"text-align: justify;\"><span style=\"line-height: 1.3em;\">Na tarde desta ter\u00e7a-feira teve in\u00edcio em Minsk um encontro entre l\u00edderes da R\u00fassia, Belarus, Kazaquist\u00e3o, Ucr\u00e2nia e representantes da Uni\u00e3o Europ\u00e9ia, ocasi\u00e3o em que poder\u00e1 ocorrer um encontro bilateral entre Poroshenko e Putin. Mas quem denuncia o sofrimento da popula\u00e7\u00e3o pedindo solidariedade internacional \u00e9 o Arcebispo Mor da Igreja Cat\u00f3lica Ucraniana de Rito Bizantino, Sua Beatitude Sviatoslav Shevchuk, entrevistado pela R\u00e1dio Vaticano:<\/span><\/p>\n<p style=\"text-align: justify;\"><span style=\"line-height: 1.3em;\">Dom Schevchuk: \u201cInfelizmente, a situa\u00e7\u00e3o est\u00e1 se agravando, especialmente na parte oriental da Ucr\u00e2nia, na regi\u00e3o de Donetsk e Lugansk. A cada dia temos not\u00edcias da chegada de armas pesadas, de novos soldados que est\u00e3o atravessando a fronteira entre Ucr\u00e2nia e R\u00fassia. A cada dia, s\u00e3o mortos cerca de 50 civis. Povoados onde n\u00e3o est\u00e1 o ex\u00e9rcito ucraniano s\u00e3o arrasados. Morrem fi\u00e9is pertencentes a diversas confiss\u00f5es religiosas, a tantas Igrejas: ortodoxos, cat\u00f3licos, protestantes, judeus, mu\u00e7ulmanos&#8230;..\u201d<\/span><\/p>\n<p style=\"text-align: justify;\"><span style=\"line-height: 1.3em;\"><strong>RV: O senhor escreveu ao Papa Francisco. O que, em particular, sua carta gostaria de contar a ele?<\/strong><\/span><\/p>\n<p style=\"text-align: justify;\"><span style=\"line-height: 1.3em;\">Dom Schevchuk: \u201cAntes de tudo, eu queria apresentar ao Santo Padre a dor profunda do nosso povo. A dor de tantos civis feridos, a dor de tantos militares ucranianos que foram feitos prisioneiros: a cada dia dezenas deles s\u00e3o torturados, a dor das m\u00e3es que perdem os seus filhos, a dor da Igreja m\u00e3e, que est\u00e1 sofrendo junto com seus filhos. Isto foi o que eu escrevi ao Santo Padre, contando tamb\u00e9m os fatos concretos da nossa Igreja na regi\u00e3o de Donetsk: o pequeno mosteiro das Irm\u00e3s Servas de Maria Virgem (\u2018Servas da Bem-aventurada Virgem Maria Imaculada\u2019) foi ocupado pelos militantes russos. O nosso bispo de Donetsk foi expulso de sua sede e a sua chancelaria foi seq\u00fcestrada com todos os documentos. Muitos sacerdotes foram obrigados a deixar as suas igrejas. Por isto, as pessoas gritam. Gritam ao c\u00e9u por justi\u00e7a, por paz, gritam por solidariedade internacional, pois somente se for apoiada por uma solidariedade internacional, a Ucr\u00e2nia ser\u00e1 verdadeiramente capaz de resistir a esta agress\u00e3o\u201d.<\/span><\/p>\n<p style=\"text-align: justify;\"><span style=\"line-height: 1.3em;\">RV: As pessoas tem sofrido muito, mas tamb\u00e9m est\u00e3o muito desorientadas com esta situa\u00e7\u00e3o confusa&#8230;.<\/span><\/p>\n<p style=\"text-align: justify;\"><span style=\"line-height: 1.3em;\">Dom Schevchuk: \u201cCertamente, porque ningu\u00e9m nos declarou guerra, n\u00e3o existe um estado de guerra na Ucr\u00e2nia. Justamente hoje o nosso Presidente participa de um encontro de c\u00fapula em Minsk, onde encontrar\u00e1 o Presidente da Federa\u00e7\u00e3o Russa, o Presidente da Belarus, do Kazaquist\u00e3o. Estar\u00e3o presentes, como nos dizem, tamb\u00e9m os representantes da Uni\u00e3o Europ\u00e9ia. Por um lado, as rela\u00e7\u00f5es diplom\u00e1ticas existem, n\u00e3o tem uma guerra declarada. Mas por outro lado, os carros armados de fora entram no pa\u00eds&#8230;\u201d.<\/span><\/p>\n<p style=\"text-align: justify;\"><span style=\"line-height: 1.3em;\"><strong>RV: Uma ora\u00e7\u00e3o\u2026..?<\/strong><\/span><\/p>\n<p style=\"text-align: justify;\"><span style=\"line-height: 1.3em;\">Dom Schevchuk: \u201cEu gostaria de pedir a todos os crist\u00e3os, a todos os homens de boa vontade que nos ouvem atrav\u00e9s da R\u00e1dio Vaticano, para que rezem pela paz na Ucr\u00e2nia: rezem para que isto n\u00e3o se transforme num conflito armado aberto entre R\u00fassia e Ucr\u00e2nia. Este \u00e9 o nosso apelo. Pe\u00e7amos ao Senhor, a Virgem Maria, que \u00e9 a Rainha da Paz, a paz na Ucr\u00e2nia\u201d.<\/span><\/p>\n<p style=\"text-align: justify;\">\u00a0<\/p>\n<p style=\"text-align: justify;\">Fonte: R\u00e1dio Vaticano<br \/>Local: Kiev<\/p>\n","protected":false},"excerpt":{"rendered":"<p>A Ucr\u00e2nia est\u00e1 no centro das ora\u00e7\u00f5es do Papa Francisco, que recordou no Angelus do \u00faltimo domingo o drama vivido no pa\u00eds. As not\u00edcias que chegam do leste ucraniano s\u00e3o muito graves. Tr\u00eas civis mortos em Donetsk e 12 militares mortos nas \u00faltimas 24 horas \u00e9 o \u00faltimo boletim do conflito armado entre as tropas [&hellip;]<\/p>\n","protected":false},"author":1,"featured_media":0,"comment_status":"closed","ping_status":"closed","sticky":false,"template":"","format":"standard","meta":{"footnotes":""},"categories":[3],"tags":[],"class_list":["post-5041","post","type-post","status-publish","format-standard","hentry","category-vaticano"],"_links":{"self":[{"href":"https:\/\/catolicanet.net\/wp-cnet\/wp-json\/wp\/v2\/posts\/5041","targetHints":{"allow":["GET"]}}],"collection":[{"href":"https:\/\/catolicanet.net\/wp-cnet\/wp-json\/wp\/v2\/posts"}],"about":[{"href":"https:\/\/catolicanet.net\/wp-cnet\/wp-json\/wp\/v2\/types\/post"}],"author":[{"embeddable":true,"href":"https:\/\/catolicanet.net\/wp-cnet\/wp-json\/wp\/v2\/users\/1"}],"replies":[{"embeddable":true,"href":"https:\/\/catolicanet.net\/wp-cnet\/wp-json\/wp\/v2\/comments?post=5041"}],"version-history":[{"count":1,"href":"https:\/\/catolicanet.net\/wp-cnet\/wp-json\/wp\/v2\/posts\/5041\/revisions"}],"predecessor-version":[{"id":9937,"href":"https:\/\/catolicanet.net\/wp-cnet\/wp-json\/wp\/v2\/posts\/5041\/revisions\/9937"}],"wp:attachment":[{"href":"https:\/\/catolicanet.net\/wp-cnet\/wp-json\/wp\/v2\/media?parent=5041"}],"wp:term":[{"taxonomy":"category","embeddable":true,"href":"https:\/\/catolicanet.net\/wp-cnet\/wp-json\/wp\/v2\/categories?post=5041"},{"taxonomy":"post_tag","embeddable":true,"href":"https:\/\/catolicanet.net\/wp-cnet\/wp-json\/wp\/v2\/tags?post=5041"}],"curies":[{"name":"wp","href":"https:\/\/api.w.org\/{rel}","templated":true}]}}