{"id":50374,"date":"2019-06-24T11:27:09","date_gmt":"2019-06-24T14:27:09","guid":{"rendered":"http:\/\/catolicanet.net\/wp-cnet\/?p=50374"},"modified":"2019-06-24T11:27:09","modified_gmt":"2019-06-24T14:27:09","slug":"bispos-de-fronteira-colombia-e-equador-sobre-pobreza-herbicidas-e-emigrantes-venezuelanos","status":"publish","type":"post","link":"https:\/\/catolicanet.net\/wp-cnet\/bispos-de-fronteira-colombia-e-equador-sobre-pobreza-herbicidas-e-emigrantes-venezuelanos\/","title":{"rendered":"Bispos de fronteira &#8211; Col\u00f4mbia e Equador sobre pobreza, herbicidas e emigrantes venezuelanos"},"content":{"rendered":"<div class=\"article__subTitle\">No comunicado final, os bispos lamentam da pobreza generalizada das popula\u00e7\u00f5es a elas confiadas, rejeitam a decis\u00e3o anunciada pelo governo colombiano de retomar a fumiga\u00e7\u00e3o de cultivos para uso il\u00edcito e esperam uma solu\u00e7\u00e3o r\u00e1pida para a crise social na Venezuela, reafirmando a acolhida dos emigrantes venezuelanos pelo tempo que for necess\u00e1rio.<\/div>\n<div class=\"title__separator\"><\/div>\n<div class=\"article__text\">\n<p><b>Cidade do Vaticano<\/b><\/p>\n<p>&#8220;Vivemos em regi\u00f5es ricas em diversidade cultural, \u00e9tnica, religiosa e ambiental &#8211; l\u00ea-se na declara\u00e7\u00e3o final retomada pela Ag\u00eancia Fides -, mas vemos com preocupa\u00e7\u00e3o que tamb\u00e9m s\u00e3o \u00e1reas tradicionalmente marginalizadas e esquecidas pelos governos nacionais e locais&#8221;, da\u00ed nasce a &#8220;pobreza generalizada expressa em uma crise social, aparentemente sem solu\u00e7\u00e3o, que limita as possibilidades de desenvolvimento humano integral\u201d.<\/p>\n<h2>N\u00e3o aos herbicidas em planta\u00e7\u00f5es de coca que s\u00e3o prejudiciais \u00e0 sa\u00fade<\/h2>\n<p>Os bispos rejeitam firmemente a decis\u00e3o anunciada pelo governo colombiano de retomar a fumiga\u00e7\u00e3o de cultivos para uso il\u00edcito com glifosato. &#8220;Considerando as consequ\u00eancias negativas para a vida humana e para o ambiente&#8221;, pedem ao governo &#8220;que leve em conta, que a presen\u00e7a destas culturas \u00e9, em muitos casos, uma consequ\u00eancia do abandono em que vivem os habitantes destas regi\u00f5es&#8221;, e por isso exortam &#8220;a criar mecanismos complementares que d\u00eaem uma resposta mais completa a este problema que afeta os nossos povos&#8221;.<\/p>\n<h2>Compromisso eclesial na acolhida dos migrantes venezuelanos<\/h2>\n<p>Enfim, ao mesmo tempo em que expressam o desejo de &#8220;uma r\u00e1pida solu\u00e7\u00e3o para a crise social que a rep\u00fablica irm\u00e3 da Venezuela est\u00e1 vivendo&#8221;, os bispos reafirmam seu &#8220;compromisso eclesial de acolher com respeito nossos irm\u00e3os venezuelanos, que, em busca de novas oportunidades, emigraram massivamente atravessando a Col\u00f4mbia e o Equador&#8221;. Os nossos pa\u00edses, sempre solid\u00e1rios, souberam estender a m\u00e3o, e desejamos que esta solidariedade se mantenha enquanto for necess\u00e1rio&#8221;. (S.L. &#8211; Agenzia Fides)<\/p>\n<\/div>\n","protected":false},"excerpt":{"rendered":"<p>No comunicado final, os bispos lamentam da pobreza generalizada das popula\u00e7\u00f5es a elas confiadas, rejeitam a decis\u00e3o anunciada pelo governo colombiano de retomar a fumiga\u00e7\u00e3o de cultivos para uso il\u00edcito e esperam uma solu\u00e7\u00e3o r\u00e1pida para a crise social na Venezuela, reafirmando a acolhida dos emigrantes venezuelanos pelo tempo que for necess\u00e1rio. Cidade do Vaticano [&hellip;]<\/p>\n","protected":false},"author":1,"featured_media":50375,"comment_status":"open","ping_status":"closed","sticky":false,"template":"","format":"standard","meta":{"footnotes":""},"categories":[3],"tags":[],"class_list":["post-50374","post","type-post","status-publish","format-standard","has-post-thumbnail","hentry","category-vaticano"],"_links":{"self":[{"href":"https:\/\/catolicanet.net\/wp-cnet\/wp-json\/wp\/v2\/posts\/50374","targetHints":{"allow":["GET"]}}],"collection":[{"href":"https:\/\/catolicanet.net\/wp-cnet\/wp-json\/wp\/v2\/posts"}],"about":[{"href":"https:\/\/catolicanet.net\/wp-cnet\/wp-json\/wp\/v2\/types\/post"}],"author":[{"embeddable":true,"href":"https:\/\/catolicanet.net\/wp-cnet\/wp-json\/wp\/v2\/users\/1"}],"replies":[{"embeddable":true,"href":"https:\/\/catolicanet.net\/wp-cnet\/wp-json\/wp\/v2\/comments?post=50374"}],"version-history":[{"count":1,"href":"https:\/\/catolicanet.net\/wp-cnet\/wp-json\/wp\/v2\/posts\/50374\/revisions"}],"predecessor-version":[{"id":50376,"href":"https:\/\/catolicanet.net\/wp-cnet\/wp-json\/wp\/v2\/posts\/50374\/revisions\/50376"}],"wp:featuredmedia":[{"embeddable":true,"href":"https:\/\/catolicanet.net\/wp-cnet\/wp-json\/wp\/v2\/media\/50375"}],"wp:attachment":[{"href":"https:\/\/catolicanet.net\/wp-cnet\/wp-json\/wp\/v2\/media?parent=50374"}],"wp:term":[{"taxonomy":"category","embeddable":true,"href":"https:\/\/catolicanet.net\/wp-cnet\/wp-json\/wp\/v2\/categories?post=50374"},{"taxonomy":"post_tag","embeddable":true,"href":"https:\/\/catolicanet.net\/wp-cnet\/wp-json\/wp\/v2\/tags?post=50374"}],"curies":[{"name":"wp","href":"https:\/\/api.w.org\/{rel}","templated":true}]}}