{"id":50371,"date":"2019-06-24T11:14:30","date_gmt":"2019-06-24T14:14:30","guid":{"rendered":"http:\/\/catolicanet.net\/wp-cnet\/?p=50371"},"modified":"2019-06-24T11:14:30","modified_gmt":"2019-06-24T14:14:30","slug":"fao-o-chines-qu-dongyou-e-o-novo-diretor-geral","status":"publish","type":"post","link":"https:\/\/catolicanet.net\/wp-cnet\/fao-o-chines-qu-dongyou-e-o-novo-diretor-geral\/","title":{"rendered":"FAO: o chin\u00eas Qu Dongyou \u00e9 o novo diretor geral"},"content":{"rendered":"<div class=\"article__subTitle\">O novo diretor geral da FAO \u00e9 o bi\u00f3logo chin\u00eas Qu Dongyou, de 55 anos, e vice-ministro da Agricultura de Pequim. Ele venceu os candidatos da Fran\u00e7a e da Ge\u00f3rgia. Sucede no cargo ao brasileiro Jos\u00e9 Graziano da Silva.<\/div>\n<div class=\"title__separator\"><\/div>\n<div class=\"article__text\">\n<p>Silvonei Jos\u00e9 &#8211; Cidade do Vaticano<\/p>\n<p>O candidato chin\u00eas obteve 108 votos a favor j\u00e1 na primeira vota\u00e7\u00e3o, na qual alcan\u00e7ou imediatamente a maioria necess\u00e1ria dos votos: participaram 191 pa\u00edses. Os pa\u00edses membros exprimiram suas opini\u00f5es &#8211; de acordo com o princ\u00edpio &#8220;um pa\u00eds, um voto&#8221; &#8211; por maioria simples, numa vota\u00e7\u00e3o por escrut\u00ednio secreto. Inicialmente havia cinco candidatos, cada um nomeado pelo seu pr\u00f3prio governo: M\u00e9di Moungui (Camar\u00f5es), Qu Dongyu (China), Catherine Geslain-Lan\u00e9elle (Fran\u00e7a) apoiada pelos Estados Unidos, Davit Kirvalidze (Ge\u00f3rgia) e Ramesh Chand (\u00cdndia). Em um segundo momento, os candidatos camaron\u00eas e o indiano retiraram-se, deixando os candidatos georgiano, franc\u00eas e chin\u00eas na corrida. Com a aproxima\u00e7\u00e3o da vota\u00e7\u00e3o, os nomes foram reduzidos a dois: Geslain-Lan\u00e9elle e Qu Dongyu.<\/p>\n<h2>Sucessor do brasileiro Jos\u00e9 Graziano da Silva<\/h2>\n<p>O novo diretor-geral da FAO permanecer\u00e1 no cargo de 1\u00ba de agosto de 2019 a 31 de julho de 2023, renov\u00e1vel para um segundo mandato. Sucede a Jos\u00e9 Graziano da Silva, eleito em 2011, e que guiou a FAO por dois mandatos consecutivos. Qu Dongyu \u00e9 o primeiro chin\u00eas a assumir esse cargo. &#8220;\u00c9 uma data hist\u00f3rica&#8221;, disse o novo diretor logo ap\u00f3s sua elei\u00e7\u00e3o, destacando que far\u00e1 de tudo para ser &#8220;imparcial e neutro&#8221;, prometendo concretude na luta contra a fome no mundo.<\/p>\n<h2>As tarefas da FAO<\/h2>\n<p>A FAO tem como tarefa reunir todas as na\u00e7\u00f5es do mundo para identificar as pr\u00e1ticas e instrumentos mais adequados para melhorar a produ\u00e7\u00e3o agr\u00edcola, facilitar o com\u00e9rcio de bens alimentares, incrementar a sustentabilidade e aumentar o conhecimento para que a sa\u00fade e o bem-estar das pessoas possam avan\u00e7ar.<\/p>\n<p>&nbsp;<\/p>\n<\/div>\n","protected":false},"excerpt":{"rendered":"<p>O novo diretor geral da FAO \u00e9 o bi\u00f3logo chin\u00eas Qu Dongyou, de 55 anos, e vice-ministro da Agricultura de Pequim. Ele venceu os candidatos da Fran\u00e7a e da Ge\u00f3rgia. Sucede no cargo ao brasileiro Jos\u00e9 Graziano da Silva. Silvonei Jos\u00e9 &#8211; Cidade do Vaticano O candidato chin\u00eas obteve 108 votos a favor j\u00e1 na [&hellip;]<\/p>\n","protected":false},"author":1,"featured_media":50372,"comment_status":"open","ping_status":"closed","sticky":false,"template":"","format":"standard","meta":{"footnotes":""},"categories":[3],"tags":[],"class_list":["post-50371","post","type-post","status-publish","format-standard","has-post-thumbnail","hentry","category-vaticano"],"_links":{"self":[{"href":"https:\/\/catolicanet.net\/wp-cnet\/wp-json\/wp\/v2\/posts\/50371","targetHints":{"allow":["GET"]}}],"collection":[{"href":"https:\/\/catolicanet.net\/wp-cnet\/wp-json\/wp\/v2\/posts"}],"about":[{"href":"https:\/\/catolicanet.net\/wp-cnet\/wp-json\/wp\/v2\/types\/post"}],"author":[{"embeddable":true,"href":"https:\/\/catolicanet.net\/wp-cnet\/wp-json\/wp\/v2\/users\/1"}],"replies":[{"embeddable":true,"href":"https:\/\/catolicanet.net\/wp-cnet\/wp-json\/wp\/v2\/comments?post=50371"}],"version-history":[{"count":1,"href":"https:\/\/catolicanet.net\/wp-cnet\/wp-json\/wp\/v2\/posts\/50371\/revisions"}],"predecessor-version":[{"id":50373,"href":"https:\/\/catolicanet.net\/wp-cnet\/wp-json\/wp\/v2\/posts\/50371\/revisions\/50373"}],"wp:featuredmedia":[{"embeddable":true,"href":"https:\/\/catolicanet.net\/wp-cnet\/wp-json\/wp\/v2\/media\/50372"}],"wp:attachment":[{"href":"https:\/\/catolicanet.net\/wp-cnet\/wp-json\/wp\/v2\/media?parent=50371"}],"wp:term":[{"taxonomy":"category","embeddable":true,"href":"https:\/\/catolicanet.net\/wp-cnet\/wp-json\/wp\/v2\/categories?post=50371"},{"taxonomy":"post_tag","embeddable":true,"href":"https:\/\/catolicanet.net\/wp-cnet\/wp-json\/wp\/v2\/tags?post=50371"}],"curies":[{"name":"wp","href":"https:\/\/api.w.org\/{rel}","templated":true}]}}