{"id":50368,"date":"2019-06-24T11:10:33","date_gmt":"2019-06-24T14:10:33","guid":{"rendered":"http:\/\/catolicanet.net\/wp-cnet\/?p=50368"},"modified":"2019-06-24T11:10:33","modified_gmt":"2019-06-24T14:10:33","slug":"espanha-beatificacao-de-maria-carmen-lacaba-andia","status":"publish","type":"post","link":"https:\/\/catolicanet.net\/wp-cnet\/espanha-beatificacao-de-maria-carmen-lacaba-andia\/","title":{"rendered":"Espanha: beatifica\u00e7\u00e3o de Maria Carmen Lacaba And\u00eda"},"content":{"rendered":"<div class=\"article__subTitle\">Madre Maria Carmen se destacou por uma vida de amor, compreens\u00e3o e extraordin\u00e1rio servi\u00e7o.<\/div>\n<div class=\"title__separator\"><\/div>\n<div class=\"article__text\">\n<p><b>Manoel Tavares &#8211; Cidade do Vaticano<\/b><\/p>\n<p>O Cardeal Angelo Becciu, Prefeito da Congrega\u00e7\u00e3o das Causas dos Santos, preside, na manh\u00e3 deste s\u00e1bado (22\/8), em Madri, Espanha, \u00e0 Beatifica\u00e7\u00e3o de Madre Maria Carmen Lacaba And\u00eda e 13 Companheiras professas da Ordem Franciscana da Imaculada Concei\u00e7\u00e3o.<\/p>\n<p><b>Acenos biogr\u00e1ficos<\/b><\/p>\n<p>Maria Carmen, tamb\u00e9m conhecida como Isabel Lacaba And\u00eda, nasceu na cidade de Borja, Zaragoza, em 3 de novembro de 1882, no seio de uma fam\u00edlia muito religiosa.<\/p>\n<div>\n<div class=\"article__embed article__embed--unwrap article__embed--dark\">\n<div class=\"article__innerTitle\">Ou\u00e7a a reportagem<\/div>\n<audio class=\"wp-audio-shortcode\" id=\"audio-50368-1\" preload=\"none\" style=\"width: 100%;\" controls=\"controls\"><source type=\"audio\/mpeg\" src=\"https:\/\/media.vaticannews.va\/media\/audio\/s1\/2019\/06\/21\/12\/135096377_F135096377.mp3?_=1\" \/><a href=\"https:\/\/media.vaticannews.va\/media\/audio\/s1\/2019\/06\/21\/12\/135096377_F135096377.mp3\">https:\/\/media.vaticannews.va\/media\/audio\/s1\/2019\/06\/21\/12\/135096377_F135096377.mp3<\/a><\/audio>\n<\/div>\n<\/div>\n<p>Em 1902, entrou para a Comunidade das Irm\u00e3s Concepcionistas de S\u00e3o Jos\u00e9, em Madri. Em 1935, foi eleita Superiora do mosteiro, onde se destacou por seu trabalho valioso entre as Novi\u00e7as. Al\u00e9m do mais, levou a Comunidade a um alto n\u00edvel de espiritualidade e amor fraterno inspirados no Evangelho.<\/p>\n<p>Madre Carmen dava muita import\u00e2ncia \u00e0 forma\u00e7\u00e3o espiritual das Novi\u00e7as, ciente de que a ora\u00e7\u00e3o \u00e9 o centro da vida religiosa. De fato, dizia \u00e0s suas Filhas: \u201cUma religiosa que n\u00e3o reza \u00e9, espiritualmente, uma pessoa que n\u00e3o respira. O sil\u00eancio com as criaturas d\u00e1 mais espa\u00e7o ao di\u00e1logo com Deus&#8221;.<\/p>\n<p>Madre Maria Carmen se destacou por uma vida de amor, compreens\u00e3o e extraordin\u00e1rio servi\u00e7o.<\/p>\n<p><b>Coment\u00e1rio do Cardeal Becciu<\/b><\/p>\n<p>Mas, em qual contexto ocorreu o mart\u00edrio destas 14 Religiosas? Foi o que perguntamos ao Cardeal Angelo Becciu em uma entrevista \u00e0 R\u00e1dio Vaticano:<\/p>\n<p>\u00ab<i>O contexto \u00e9 aquele da conhecida guerra civil espanhola, entre 1936 e 1939, onde, al\u00e9m das raz\u00f5es pol\u00edticas, se desencadeou o \u00f3dio anticrist\u00e3o, que pode ser considerado como uma das piores persegui\u00e7\u00f5es anticat\u00f3licas sofridas pela Igreja e de uma total descristianiza\u00e7\u00e3o da Espanha, de matriz ate\u00edsta e anticrist\u00e3 ditadas pelo regime Comunista. Neste contexto, estas 14 Irm\u00e3s foram assassinadas por &#8220;\u00f3dio da f\u00e9&#8221;. Aqui, podemos notar a inoc\u00eancia e mansid\u00e3o destas pessoas, que pronunciaram palavras de perd\u00e3o e, a ferocidade do homem, que n\u00e3o teve piedade de mulheres pobres e indefesas<\/i>\u00bb.<\/p>\n<\/div>\n","protected":false},"excerpt":{"rendered":"<p>Madre Maria Carmen se destacou por uma vida de amor, compreens\u00e3o e extraordin\u00e1rio servi\u00e7o. Manoel Tavares &#8211; Cidade do Vaticano O Cardeal Angelo Becciu, Prefeito da Congrega\u00e7\u00e3o das Causas dos Santos, preside, na manh\u00e3 deste s\u00e1bado (22\/8), em Madri, Espanha, \u00e0 Beatifica\u00e7\u00e3o de Madre Maria Carmen Lacaba And\u00eda e 13 Companheiras professas da Ordem Franciscana [&hellip;]<\/p>\n","protected":false},"author":1,"featured_media":50369,"comment_status":"open","ping_status":"closed","sticky":false,"template":"","format":"standard","meta":{"footnotes":""},"categories":[3],"tags":[],"class_list":["post-50368","post","type-post","status-publish","format-standard","has-post-thumbnail","hentry","category-vaticano"],"_links":{"self":[{"href":"https:\/\/catolicanet.net\/wp-cnet\/wp-json\/wp\/v2\/posts\/50368","targetHints":{"allow":["GET"]}}],"collection":[{"href":"https:\/\/catolicanet.net\/wp-cnet\/wp-json\/wp\/v2\/posts"}],"about":[{"href":"https:\/\/catolicanet.net\/wp-cnet\/wp-json\/wp\/v2\/types\/post"}],"author":[{"embeddable":true,"href":"https:\/\/catolicanet.net\/wp-cnet\/wp-json\/wp\/v2\/users\/1"}],"replies":[{"embeddable":true,"href":"https:\/\/catolicanet.net\/wp-cnet\/wp-json\/wp\/v2\/comments?post=50368"}],"version-history":[{"count":1,"href":"https:\/\/catolicanet.net\/wp-cnet\/wp-json\/wp\/v2\/posts\/50368\/revisions"}],"predecessor-version":[{"id":50370,"href":"https:\/\/catolicanet.net\/wp-cnet\/wp-json\/wp\/v2\/posts\/50368\/revisions\/50370"}],"wp:featuredmedia":[{"embeddable":true,"href":"https:\/\/catolicanet.net\/wp-cnet\/wp-json\/wp\/v2\/media\/50369"}],"wp:attachment":[{"href":"https:\/\/catolicanet.net\/wp-cnet\/wp-json\/wp\/v2\/media?parent=50368"}],"wp:term":[{"taxonomy":"category","embeddable":true,"href":"https:\/\/catolicanet.net\/wp-cnet\/wp-json\/wp\/v2\/categories?post=50368"},{"taxonomy":"post_tag","embeddable":true,"href":"https:\/\/catolicanet.net\/wp-cnet\/wp-json\/wp\/v2\/tags?post=50368"}],"curies":[{"name":"wp","href":"https:\/\/api.w.org\/{rel}","templated":true}]}}