{"id":50365,"date":"2019-06-24T10:50:41","date_gmt":"2019-06-24T13:50:41","guid":{"rendered":"http:\/\/catolicanet.net\/wp-cnet\/?p=50365"},"modified":"2019-06-24T10:50:41","modified_gmt":"2019-06-24T13:50:41","slug":"o-sentido-evangelico-do-dia-da-caridade-do-papa","status":"publish","type":"post","link":"https:\/\/catolicanet.net\/wp-cnet\/o-sentido-evangelico-do-dia-da-caridade-do-papa\/","title":{"rendered":"O sentido evang\u00e9lico do Dia da Caridade do Papa"},"content":{"rendered":"<div class=\"article__subTitle\">Celebra-se, neste domingo (30\/06), o Dia da Caridade do Papa, promovido pela Confer\u00eancia Episcopal Italiana (CEI) em colabora\u00e7\u00e3o com o \u00d3bolo de S\u00e3o Pedro. Esse dia \u00e9 celebrado todos os anos no domingo pr\u00f3ximo ao dia 29 de junho, Solenidade dos Santos Ap\u00f3stolos Pedro e Paulo<\/div>\n<div class=\"title__separator\"><\/div>\n<div class=\"article__text\">\n<p><b>Cidade do Vaticano<\/b><\/p>\n<p>\u201cCumprir com alegria as obras de caridade a favor dos que sofrem no corpo e no esp\u00edrito \u00e9 o modo mais aut\u00eantico de viver o Evangelho, \u00e9 o fundamento necess\u00e1rio para que as nossas comunidades possam crescer na fraternidade e no acolhimento rec\u00edproco\u201d.<\/p>\n<div>\n<div class=\"article__embed article__embed--unwrap article__embed--dark\">\n<div class=\"article__innerTitle\">Ou\u00e7a e compartilhe!<\/div>\n<!--[if lt IE 9]><script>document.createElement('audio');<\/script><![endif]-->\n<audio class=\"wp-audio-shortcode\" id=\"audio-50365-1\" preload=\"none\" style=\"width: 100%;\" controls=\"controls\"><source type=\"audio\/mpeg\" src=\"https:\/\/media.vaticannews.va\/media\/audio\/s1\/2019\/06\/24\/14\/135100555_F135100555.mp3?_=1\" \/><a href=\"https:\/\/media.vaticannews.va\/media\/audio\/s1\/2019\/06\/24\/14\/135100555_F135100555.mp3\">https:\/\/media.vaticannews.va\/media\/audio\/s1\/2019\/06\/24\/14\/135100555_F135100555.mp3<\/a><\/audio>\n<\/div>\n<\/div>\n<p>S\u00e3o palavras do Papa Francisco no Angelus de 18 de mar\u00e7o de 2018 ao explicar o sentido da caridade. Esta frase indica tamb\u00e9m as motiva\u00e7\u00f5es do Dia da Caridade, promovido pela Confer\u00eancia Episcopal Italiana (CEI) em colabora\u00e7\u00e3o com o \u00d3bolo de S\u00e3o Pedro. Esse dia \u00e9 celebrado todos os anos no domingo pr\u00f3ximo ao dia 29 de junho, Solenidade dos Santos Ap\u00f3stolos Pedro e Paulo como um gesto de fraternidade: assim todos os fi\u00e9is podem participar da a\u00e7\u00e3o do Pont\u00edfice para ajudar os mais carentes e as comunidades eclesiais em dificuldade.<\/p>\n<p>Trata-se de um gesto antigo que remonta \u00e0 primeira comunidade dos ap\u00f3stolos e que continua a se repetir nos s\u00e9culos porque a caridade \u00e9 sinal distintivo dos disc\u00edpulos de Jesus:<\/p>\n<div>\n<div class=\"article__embed article__embed--border embed_style\">\n<blockquote><p>\u201c Nisto conhecer\u00e3o todos que sois os meus disc\u00edpulos: se vos amardes uns aos outros (Jo 13, 35) \u201d<\/p><\/blockquote>\n<\/div>\n<\/div>\n<p>Para o Papa, tornar a caridade e a sua gest\u00e3o cada vez mais eficiente \u00e9 um objetivo fundamental. Por isso o Santo Padre decidiu nomear cardeal Dom Konrad Krajewski em 28 de junho de 2018 \u2013 que j\u00e1 era o respons\u00e1vel da <a href=\"https:\/\/www.elemosineria.va\/?lang=pt-pt\" target=\"_blank\" rel=\"external noopener noreferrer\">Esmolaria Apost\u00f3lica<\/a> desde 2013 \u2013 institucionalizando deste modo, tamb\u00e9m para o futuro, um perfil mais alto para promover a ajuda aos pobres.<\/p>\n<p>Neste ano ser\u00e3o muitas as atividades em programa para ajudar os que mais necessitam e Dom Krajewski est\u00e1 sempre pelas ruas de Roma para encontrar os pobres e os sem-teto. Esta atitude \u00e9 um pedido do Papa Francisco para que \u201csaia\u201d pelas ruas dizendo-lhe que n\u00e3o seria preciso escrivaninha no seu escrit\u00f3rio.<\/p>\n<div>\n<div class=\"article__embed article__embed--border embed_style\">\n<blockquote><p>\u201c A caridade n\u00e3o \u00e9 uma presta\u00e7\u00e3o est\u00e9ril, nem sequer um simples \u00f3bolo a destinar para silenciar a nossa consci\u00eancia (Papa Francisco)<\/p><\/blockquote>\n<\/div>\n<\/div>\n<\/div>\n","protected":false},"excerpt":{"rendered":"<p>Celebra-se, neste domingo (30\/06), o Dia da Caridade do Papa, promovido pela Confer\u00eancia Episcopal Italiana (CEI) em colabora\u00e7\u00e3o com o \u00d3bolo de S\u00e3o Pedro. Esse dia \u00e9 celebrado todos os anos no domingo pr\u00f3ximo ao dia 29 de junho, Solenidade dos Santos Ap\u00f3stolos Pedro e Paulo Cidade do Vaticano \u201cCumprir com alegria as obras de [&hellip;]<\/p>\n","protected":false},"author":1,"featured_media":50366,"comment_status":"open","ping_status":"closed","sticky":false,"template":"","format":"standard","meta":{"footnotes":""},"categories":[3],"tags":[],"class_list":["post-50365","post","type-post","status-publish","format-standard","has-post-thumbnail","hentry","category-vaticano"],"_links":{"self":[{"href":"https:\/\/catolicanet.net\/wp-cnet\/wp-json\/wp\/v2\/posts\/50365","targetHints":{"allow":["GET"]}}],"collection":[{"href":"https:\/\/catolicanet.net\/wp-cnet\/wp-json\/wp\/v2\/posts"}],"about":[{"href":"https:\/\/catolicanet.net\/wp-cnet\/wp-json\/wp\/v2\/types\/post"}],"author":[{"embeddable":true,"href":"https:\/\/catolicanet.net\/wp-cnet\/wp-json\/wp\/v2\/users\/1"}],"replies":[{"embeddable":true,"href":"https:\/\/catolicanet.net\/wp-cnet\/wp-json\/wp\/v2\/comments?post=50365"}],"version-history":[{"count":1,"href":"https:\/\/catolicanet.net\/wp-cnet\/wp-json\/wp\/v2\/posts\/50365\/revisions"}],"predecessor-version":[{"id":50367,"href":"https:\/\/catolicanet.net\/wp-cnet\/wp-json\/wp\/v2\/posts\/50365\/revisions\/50367"}],"wp:featuredmedia":[{"embeddable":true,"href":"https:\/\/catolicanet.net\/wp-cnet\/wp-json\/wp\/v2\/media\/50366"}],"wp:attachment":[{"href":"https:\/\/catolicanet.net\/wp-cnet\/wp-json\/wp\/v2\/media?parent=50365"}],"wp:term":[{"taxonomy":"category","embeddable":true,"href":"https:\/\/catolicanet.net\/wp-cnet\/wp-json\/wp\/v2\/categories?post=50365"},{"taxonomy":"post_tag","embeddable":true,"href":"https:\/\/catolicanet.net\/wp-cnet\/wp-json\/wp\/v2\/tags?post=50365"}],"curies":[{"name":"wp","href":"https:\/\/api.w.org\/{rel}","templated":true}]}}