{"id":50362,"date":"2019-06-24T10:45:35","date_gmt":"2019-06-24T13:45:35","guid":{"rendered":"http:\/\/catolicanet.net\/wp-cnet\/?p=50362"},"modified":"2019-06-24T10:45:35","modified_gmt":"2019-06-24T13:45:35","slug":"papa-sobre-bullying-jovens-encontrem-a-propria-identidade-sem-diminuir-o-outro","status":"publish","type":"post","link":"https:\/\/catolicanet.net\/wp-cnet\/papa-sobre-bullying-jovens-encontrem-a-propria-identidade-sem-diminuir-o-outro\/","title":{"rendered":"Papa sobre bullying: jovens, encontrem a pr\u00f3pria identidade sem diminuir o outro!"},"content":{"rendered":"<p><iframe loading=\"lazy\" width=\"696\" height=\"392\" src=\"https:\/\/www.youtube.com\/embed\/EIJsGppYRA4?feature=oembed\" frameborder=\"0\" allow=\"accelerometer; autoplay; encrypted-media; gyroscope; picture-in-picture\" allowfullscreen><\/iframe><\/p>\n<div class=\"article__subTitle\">Francisco transcorreu a manh\u00e3 de sexta-feira (21) em N\u00e1poles, mas uma mensagem em v\u00eddeo produzida com anteced\u00eancia aos jovens das Scholas Occurrentes foi divulgada durante a tarde. A Funda\u00e7\u00e3o promove evento de lan\u00e7amento da maratona online de 24h sobre preven\u00e7\u00e3o e combate ao bullying e ao cyberbullying.<\/div>\n<div class=\"title__separator\"><\/div>\n<div class=\"article__text\">\n<p><b>Andressa Collet \u2013 Cidade do Vaticano<\/b><\/p>\n<p>O Papa Francisco enviou uma mensagem em v\u00eddeo aos participantes de um evento internacional sobre como prevenir e combater o bullying e o cyberbullying que acontece nesta sexta-feira (21) na sede da Funda\u00e7\u00e3o Scholas Occurrentes, em Roma.<\/p>\n<p>Mais de cem relatores, entre jovens de 20 pa\u00edses, representantes de organiza\u00e7\u00f5es sociais e especialistas do mundo acad\u00eamico est\u00e3o reunidos para a confer\u00eancia online #StopCyberbullyingDay | 24h Scholas Talks. Durante a maratona virtual, que pode ser seguida em tempo real pelo site da Funda\u00e7\u00e3o (<a href=\"https:\/\/www.scholasoccurrentes.org\/wezum\/stopcyberbullyingday\/?l=it\" target=\"_self\" rel=\"external nofollow noopener noreferrer\">www.scholasoccurrentes.org<\/a>), tamb\u00e9m ser\u00e1 apresentado o primeiro relat\u00f3rio global sobre o cyberbullying feito pela Scholas, depois da sondagem a mais de 5 mil jovens.<\/p>\n<h2>A busca pela pr\u00f3pria identidade<\/h2>\n<p>Na mensagem do Papa, o agradecimento inicial sobre o trabalho e o esfor\u00e7o da Funda\u00e7\u00e3o em realizar atividades desse porte sobre a quest\u00e3o do bullyismo que, segundo Francisco, nasce da falta de identidade dos jovens:<\/p>\n<p><i>\u201cUm problema que me preocupa muito \u00e9 aquele que cada um de voc\u00eas encontre a sua pr\u00f3pria identidade, e isso sem precisar diminuir ou obscurecer a identidade dos outros. Encontrar a pr\u00f3pria identidade \u00e9 um caminho, \u00e9 um caminho de di\u00e1logo, \u00e9 um caminho de reflex\u00e3o, \u00e9 um caminho de interioridade.\u201d<\/i><\/p>\n<p>Quem n\u00e3o percorre essa estrada, afirma o Papa na mensagem, acaba por \u201cagredir ou diminuir a identidade dos outros\u201d para \u201cse sentir superior\u201d, e a\u00ed \u00e9 que nasce o bullying, \u201cum fen\u00f4meno de auto-compensa\u00e7\u00e3o e de auto-valoriza\u00e7\u00e3o\u201d.<\/p>\n<p><i>\u201c\u00c9 um aprender a olhar de cima a baixo e mal. N\u00e3o se esque\u00e7am que somente \u00e9 l\u00edcito a uma pessoa olhar de cima a baixo, sabem quando? Quando est\u00e1 ajudando a se levantar. Outra maneira de olhar de cima a baixo n\u00e3o \u00e9 l\u00edcita.\u201d<\/i><\/p>\n<p>E quando essa atitude acontece em meio a grupos de jovens, no col\u00e9gio e no bairro, por exemplo, acontecem diferentes formas de agress\u00e3o e de bullying, garante o Pont\u00edfice: nesse momento \u201cse v\u00ea a pobreza da pr\u00f3pria identidade de quem agride, que necessita agredir para se sentir pessoa\u201d. E o Papa alerta:<\/p>\n<div>\n<div class=\"article__embed article__embed--border embed_style\">\n<blockquote><p>\u201c Na farm\u00e1cia n\u00e3o vendem rem\u00e9dios contra o bullying, os laborat\u00f3rios ainda n\u00e3o conseguiram a f\u00f3rmula; enquanto isso, o que fazer? A \u00fanica maneira \u00e9 o compartilhar, o conviver, o dialogar, o escutar o outro, ter tempo de caminhar juntos, ter tempo porque \u00e9 o tempo aquele que cria a rela\u00e7\u00e3o. \u201d<\/p><\/blockquote>\n<\/div>\n<\/div>\n<h2>\u201cN\u00e3o tenham medo do di\u00e1logo!\u201d<\/h2>\n<p>O Papa Francisco continua orientando os jovens e, para tanto, segue com os conselhos:<\/p>\n<p><i>\u201cN\u00e3o tenham medo de dialogar: cada um de n\u00f3s tem algo para dar ao outro. Cada um de n\u00f3s tem algo bom para dar ao outro, cada um de n\u00f3s precisa receber algo bom do outro. O di\u00e1logo, o di\u00e1logo que nos torna iguais, n\u00e3o em identidade \u2013 temos identidades diferentes \u2013 mas nos torna iguais ao longo do caminho. Somos caminhantes, todos iguais, todos caminhamos, mas todos diferentes, ent\u00e3o, todos em harmonia.\u201d<\/i><\/p>\n<p>Ao finalizar a mensagem em v\u00eddeo dirigida \u00e0 maratona online de 24 horas para prevenir e sensibilizar sobre o tema do bullying, o Papa Francisco exorta:<\/p>\n<div>\n<div class=\"article__embed article__embed--border embed_style\">\n<blockquote><p>\u201c Declarem a guerra ao bullying, porque ele diminui a dignidade; e joguem pelo di\u00e1logo, joguem pelo caminhar juntos, joguem pela paci\u00eancia de escutar o outro. Ent\u00e3o ser\u00e1 uma paz forte, e essa mesma paz forte far\u00e1 com que descubram a pr\u00f3pria identidade. Que Deus os aben\u00e7oe e, vamos adiante, n\u00e3o tenham medo do di\u00e1logo, vale a pena! \u201d<\/p><\/blockquote>\n<\/div>\n<\/div>\n<\/div>\n","protected":false},"excerpt":{"rendered":"<p>Francisco transcorreu a manh\u00e3 de sexta-feira (21) em N\u00e1poles, mas uma mensagem em v\u00eddeo produzida com anteced\u00eancia aos jovens das Scholas Occurrentes foi divulgada durante a tarde. A Funda\u00e7\u00e3o promove evento de lan\u00e7amento da maratona online de 24h sobre preven\u00e7\u00e3o e combate ao bullying e ao cyberbullying. Andressa Collet \u2013 Cidade do Vaticano O Papa [&hellip;]<\/p>\n","protected":false},"author":1,"featured_media":50363,"comment_status":"open","ping_status":"closed","sticky":false,"template":"","format":"standard","meta":{"footnotes":""},"categories":[3],"tags":[],"class_list":["post-50362","post","type-post","status-publish","format-standard","has-post-thumbnail","hentry","category-vaticano"],"_links":{"self":[{"href":"https:\/\/catolicanet.net\/wp-cnet\/wp-json\/wp\/v2\/posts\/50362","targetHints":{"allow":["GET"]}}],"collection":[{"href":"https:\/\/catolicanet.net\/wp-cnet\/wp-json\/wp\/v2\/posts"}],"about":[{"href":"https:\/\/catolicanet.net\/wp-cnet\/wp-json\/wp\/v2\/types\/post"}],"author":[{"embeddable":true,"href":"https:\/\/catolicanet.net\/wp-cnet\/wp-json\/wp\/v2\/users\/1"}],"replies":[{"embeddable":true,"href":"https:\/\/catolicanet.net\/wp-cnet\/wp-json\/wp\/v2\/comments?post=50362"}],"version-history":[{"count":1,"href":"https:\/\/catolicanet.net\/wp-cnet\/wp-json\/wp\/v2\/posts\/50362\/revisions"}],"predecessor-version":[{"id":50364,"href":"https:\/\/catolicanet.net\/wp-cnet\/wp-json\/wp\/v2\/posts\/50362\/revisions\/50364"}],"wp:featuredmedia":[{"embeddable":true,"href":"https:\/\/catolicanet.net\/wp-cnet\/wp-json\/wp\/v2\/media\/50363"}],"wp:attachment":[{"href":"https:\/\/catolicanet.net\/wp-cnet\/wp-json\/wp\/v2\/media?parent=50362"}],"wp:term":[{"taxonomy":"category","embeddable":true,"href":"https:\/\/catolicanet.net\/wp-cnet\/wp-json\/wp\/v2\/categories?post=50362"},{"taxonomy":"post_tag","embeddable":true,"href":"https:\/\/catolicanet.net\/wp-cnet\/wp-json\/wp\/v2\/tags?post=50362"}],"curies":[{"name":"wp","href":"https:\/\/api.w.org\/{rel}","templated":true}]}}