{"id":50359,"date":"2019-06-24T10:37:17","date_gmt":"2019-06-24T13:37:17","guid":{"rendered":"http:\/\/catolicanet.net\/wp-cnet\/?p=50359"},"modified":"2019-06-24T10:37:17","modified_gmt":"2019-06-24T13:37:17","slug":"jogadoras-austriacas-insultam-atletas-do-vaticano-com-mensagem-pro-aborto","status":"publish","type":"post","link":"https:\/\/catolicanet.net\/wp-cnet\/jogadoras-austriacas-insultam-atletas-do-vaticano-com-mensagem-pro-aborto\/","title":{"rendered":"Jogadoras austr\u00edacas insultam atletas do Vaticano com mensagem pr\u00f3-aborto"},"content":{"rendered":"<p>A estreia internacional do time de futebol feminino do Vaticano foi frustrada no s\u00e1bado, 22 de junho, em Viena (\u00c1ustria), por causa das provoca\u00e7\u00f5es e da falta de respeito de suas advers\u00e1rias do time austr\u00edaco F.C. Mariahilf, com quem jogariam um amistoso.<\/p>\n<p>O ataque contra as jogadoras do Vaticano ocorreu no momento em que come\u00e7ou a tocar o hino do Estado da Cidade do Vaticano: algumas jogadoras austr\u00edacas levantaram suas camisetas expondo mensagens escritas em seus corpos a favor do aborto, do lobby LGBT e contra a igreja.<\/p>\n<p>Ao mesmo tempo, algumas pessoas que acompanhavam o encontro nas arquibancadas tamb\u00e9m levantaram faixas com o mesmo tipo de mensagens.<\/p>\n<p>O time do Vaticano, que n\u00e3o esperava esse ataque em uma partida que havia sido planejada como uma festa esportiva por ocasi\u00e3o do 20\u00ba anivers\u00e1rio do time austr\u00edaco, ficou surpreso com a agressividade de suas advers\u00e1rias. Ningu\u00e9m esperava algo assim, j\u00e1 que em todos os momentos a dire\u00e7\u00e3o da equipe austr\u00edaca havia tratado suas advers\u00e1rias do Vaticano com boas maneiras. Inclusive, o n\u00fancio apost\u00f3lico Dom Pedro L\u00f3pez Quintana estava presente como convidado de honra.<\/p>\n<p>Diante dessa situa\u00e7\u00e3o, uma partida que deveria ter sido um evento em favor dos valores esportivos, da conc\u00f3rdia e do encontro, tornou-se um ato de manipula\u00e7\u00e3o pol\u00edtica por parte de ativistas LGBT e pr\u00f3-aborto.<\/p>\n<p>Portanto, as jogadoras e toda a equipe t\u00e9cnica do time do Vaticano tomaram uma decis\u00e3o dolorosa, mas inevit\u00e1vel: retirar-se do campo e n\u00e3o jogar a partida para evitar sua instrumentaliza\u00e7\u00e3o.<\/p>\n<p>Sem hesitar e demonstrando grande dignidade, as jogadoras do Vaticano voltaram ao vesti\u00e1rio, com tristeza, mas satisfeitas por terem defendido a camisa do time que representam.<\/p>\n<p>Posteriormente, algumas das jogadoras austr\u00edacas que participaram do protesto mostraram seu arrependimento pelos fatos diante da rea\u00e7\u00e3o da equipe do Vaticano.<\/p>\n<p>Em declara\u00e7\u00f5es \u00e0 emissora austr\u00edaca ORF, uma jogadora do F.C. Mariahilf assinalou que as ativistas &#8220;n\u00e3o estavam cientes das consequ\u00eancias da a\u00e7\u00e3o, n\u00f3s quer\u00edamos jogar a partida de futebol&#8221;.<\/p>\n<p>&#8220;N\u00e3o sabiam que o protesto durante a interpreta\u00e7\u00e3o do hino do Vaticano, e na presen\u00e7a do N\u00fancio Apost\u00f3lico, pudesse ser prejudicial ao esporte e arruinar muitas semanas de prepara\u00e7\u00e3o&#8221;.<\/p>\n<p>Este ato lament\u00e1vel ocorreu ap\u00f3s o primeiro jogo do inexperiente, mas motivado time de futebol feminino do Vaticano, que no dia 26 de maio jogou sua primeira partida contra as jogadoras do time feminino da Roma.<\/p>\n<p>Naquela ocasi\u00e3o, as jogadoras do Vaticano sofreram uma dura derrota de 10 a zero, mas a atitude no campo de jogo foi muito diferente da sofrida em Viena. As jogadoras da Roma mostraram grande companheirismo e esp\u00edrito esportivo em rela\u00e7\u00e3o \u00e0s vaticanas em todos os momentos.<\/p>\n","protected":false},"excerpt":{"rendered":"<p>A estreia internacional do time de futebol feminino do Vaticano foi frustrada no s\u00e1bado, 22 de junho, em Viena (\u00c1ustria), por causa das provoca\u00e7\u00f5es e da falta de respeito de suas advers\u00e1rias do time austr\u00edaco F.C. Mariahilf, com quem jogariam um amistoso. O ataque contra as jogadoras do Vaticano ocorreu no momento em que come\u00e7ou [&hellip;]<\/p>\n","protected":false},"author":1,"featured_media":50360,"comment_status":"open","ping_status":"closed","sticky":false,"template":"","format":"standard","meta":{"footnotes":""},"categories":[13],"tags":[],"class_list":["post-50359","post","type-post","status-publish","format-standard","has-post-thumbnail","hentry","category-featured"],"_links":{"self":[{"href":"https:\/\/catolicanet.net\/wp-cnet\/wp-json\/wp\/v2\/posts\/50359","targetHints":{"allow":["GET"]}}],"collection":[{"href":"https:\/\/catolicanet.net\/wp-cnet\/wp-json\/wp\/v2\/posts"}],"about":[{"href":"https:\/\/catolicanet.net\/wp-cnet\/wp-json\/wp\/v2\/types\/post"}],"author":[{"embeddable":true,"href":"https:\/\/catolicanet.net\/wp-cnet\/wp-json\/wp\/v2\/users\/1"}],"replies":[{"embeddable":true,"href":"https:\/\/catolicanet.net\/wp-cnet\/wp-json\/wp\/v2\/comments?post=50359"}],"version-history":[{"count":1,"href":"https:\/\/catolicanet.net\/wp-cnet\/wp-json\/wp\/v2\/posts\/50359\/revisions"}],"predecessor-version":[{"id":50361,"href":"https:\/\/catolicanet.net\/wp-cnet\/wp-json\/wp\/v2\/posts\/50359\/revisions\/50361"}],"wp:featuredmedia":[{"embeddable":true,"href":"https:\/\/catolicanet.net\/wp-cnet\/wp-json\/wp\/v2\/media\/50360"}],"wp:attachment":[{"href":"https:\/\/catolicanet.net\/wp-cnet\/wp-json\/wp\/v2\/media?parent=50359"}],"wp:term":[{"taxonomy":"category","embeddable":true,"href":"https:\/\/catolicanet.net\/wp-cnet\/wp-json\/wp\/v2\/categories?post=50359"},{"taxonomy":"post_tag","embeddable":true,"href":"https:\/\/catolicanet.net\/wp-cnet\/wp-json\/wp\/v2\/tags?post=50359"}],"curies":[{"name":"wp","href":"https:\/\/api.w.org\/{rel}","templated":true}]}}