{"id":50356,"date":"2019-06-24T10:26:53","date_gmt":"2019-06-24T13:26:53","guid":{"rendered":"http:\/\/catolicanet.net\/wp-cnet\/?p=50356"},"modified":"2019-06-24T10:26:53","modified_gmt":"2019-06-24T13:26:53","slug":"papa-primeiro-trabalho-de-um-bispo-e-rezar","status":"publish","type":"post","link":"https:\/\/catolicanet.net\/wp-cnet\/papa-primeiro-trabalho-de-um-bispo-e-rezar\/","title":{"rendered":"Papa: &#8220;Primeiro trabalho de um bispo \u00e9 rezar&#8221;"},"content":{"rendered":"<h1 class=\"article__title\"><\/h1>\n<div class=\"article__subTitle\">Refletindo sobre a responsabilidade eclesial a que \u00e9 chamado um bispo, o Papa disse que o Episcopado &#8220;\u00e9 o nome de um servi\u00e7o, n\u00e3o de uma honra, porque ao bispo compete mais servir do que dominar&#8221;.<\/div>\n<div class=\"title__separator\"><\/div>\n<div class=\"article__text\">\n<p><b>Cristiane Murray &#8211; Cidade do Vaticano<\/b><\/p>\n<p>O Papa presidiu s\u00e1bado (22\/06) \u00e0 tarde, na Bas\u00edlica Vaticana, a Missa de consagra\u00e7\u00e3o episcopal de <b>Dom Alberto Ricardo Lorenzelli Rossi<\/b>, nomeado no \u00faltimo dia 22 de maio <b>Bispo Auxiliar da Arquidiocese de Santiago do Chile.<\/b><\/p>\n<p>Francisco pronunciou a homilia ritual, com alguns acr\u00e9scimos espont\u00e2neos. Em particular, refletindo sobre a responsabilidade eclesial a que \u00e9 chamado um bispo, o Papa disse que o Episcopado &#8220;\u00e9 o nome de um servi\u00e7o, n\u00e3o de uma honra, porque ao bispo compete mais servir do que dominar&#8221;.<\/p>\n<div>\n<div class=\"article__embed article__embed--border embed_style\">\n<blockquote><p>\u201c O bispo \u00e9 um servidor, pastor, pai, irm\u00e3o, jamais um mercen\u00e1rio \u201d<\/p><\/blockquote>\n<\/div>\n<\/div>\n<p>Em seguida, convidou Dom Lorenzelli a &#8220;n\u00e3o esquecer que o primeiro trabalho do bispo \u00e9 a ora\u00e7\u00e3o: assim disse S\u00e3o Pedro no dia em que criou os di\u00e1conos: &#8220;A n\u00f3s a ora\u00e7\u00e3o e o an\u00fancio da Palavra&#8221;.<\/p>\n<h2>Disponibilidade<\/h2>\n<p>Outra recomenda\u00e7\u00e3o \u00e9 a proximidade ao povo de Deus, as pessoas para quem foi eleito: \u201cQue quando te procurem, te encontrem logo, diretamente e sem burocracias. Seja pr\u00f3ximo tamb\u00e9m dos pobres e indefesos\u201d.<\/p>\n<h2>Quem \u00e9 o novo bispo<\/h2>\n<p>O salesiano Lorenzelli nasceu na Argentina em uma fam\u00edlia de imigrantes italianos e vive na It\u00e1lia h\u00e1 mais de 40 anos. At\u00e9 a nomea\u00e7\u00e3o era o diretor da <i>Comunidade Salesiana<\/i> no Vaticano e Capel\u00e3o da Dire\u00e7\u00e3o dos Servi\u00e7os de Seguran\u00e7a e Defesa Civil do Estado da Cidade do Vaticano.<\/p>\n<div>\n<div class=\"article__embed article__embed--unwrap article__embed--dark\">\n<div class=\"article__innerTitle\">Para ouvir e compartilhar:<\/div>\n<div>\n<!--[if lt IE 9]><script>document.createElement('audio');<\/script><![endif]-->\n<audio class=\"wp-audio-shortcode\" id=\"audio-50356-1\" preload=\"none\" style=\"width: 100%;\" controls=\"controls\"><source type=\"audio\/mpeg\" src=\"https:\/\/media.vaticannews.va\/media\/audio\/s1\/2019\/06\/23\/15\/135099513_F135099513.mp3?_=1\" \/><a href=\"https:\/\/media.vaticannews.va\/media\/audio\/s1\/2019\/06\/23\/15\/135099513_F135099513.mp3\">https:\/\/media.vaticannews.va\/media\/audio\/s1\/2019\/06\/23\/15\/135099513_F135099513.mp3<\/a><\/audio>\n<\/div>\n<\/div>\n<\/div>\n<\/div>\n","protected":false},"excerpt":{"rendered":"<p>Refletindo sobre a responsabilidade eclesial a que \u00e9 chamado um bispo, o Papa disse que o Episcopado &#8220;\u00e9 o nome de um servi\u00e7o, n\u00e3o de uma honra, porque ao bispo compete mais servir do que dominar&#8221;. Cristiane Murray &#8211; Cidade do Vaticano O Papa presidiu s\u00e1bado (22\/06) \u00e0 tarde, na Bas\u00edlica Vaticana, a Missa de [&hellip;]<\/p>\n","protected":false},"author":1,"featured_media":50357,"comment_status":"open","ping_status":"closed","sticky":false,"template":"","format":"standard","meta":{"footnotes":""},"categories":[13],"tags":[],"class_list":["post-50356","post","type-post","status-publish","format-standard","has-post-thumbnail","hentry","category-featured"],"_links":{"self":[{"href":"https:\/\/catolicanet.net\/wp-cnet\/wp-json\/wp\/v2\/posts\/50356","targetHints":{"allow":["GET"]}}],"collection":[{"href":"https:\/\/catolicanet.net\/wp-cnet\/wp-json\/wp\/v2\/posts"}],"about":[{"href":"https:\/\/catolicanet.net\/wp-cnet\/wp-json\/wp\/v2\/types\/post"}],"author":[{"embeddable":true,"href":"https:\/\/catolicanet.net\/wp-cnet\/wp-json\/wp\/v2\/users\/1"}],"replies":[{"embeddable":true,"href":"https:\/\/catolicanet.net\/wp-cnet\/wp-json\/wp\/v2\/comments?post=50356"}],"version-history":[{"count":1,"href":"https:\/\/catolicanet.net\/wp-cnet\/wp-json\/wp\/v2\/posts\/50356\/revisions"}],"predecessor-version":[{"id":50358,"href":"https:\/\/catolicanet.net\/wp-cnet\/wp-json\/wp\/v2\/posts\/50356\/revisions\/50358"}],"wp:featuredmedia":[{"embeddable":true,"href":"https:\/\/catolicanet.net\/wp-cnet\/wp-json\/wp\/v2\/media\/50357"}],"wp:attachment":[{"href":"https:\/\/catolicanet.net\/wp-cnet\/wp-json\/wp\/v2\/media?parent=50356"}],"wp:term":[{"taxonomy":"category","embeddable":true,"href":"https:\/\/catolicanet.net\/wp-cnet\/wp-json\/wp\/v2\/categories?post=50356"},{"taxonomy":"post_tag","embeddable":true,"href":"https:\/\/catolicanet.net\/wp-cnet\/wp-json\/wp\/v2\/tags?post=50356"}],"curies":[{"name":"wp","href":"https:\/\/api.w.org\/{rel}","templated":true}]}}