{"id":50353,"date":"2019-06-24T10:21:46","date_gmt":"2019-06-24T13:21:46","guid":{"rendered":"http:\/\/catolicanet.net\/wp-cnet\/?p=50353"},"modified":"2019-06-24T10:21:46","modified_gmt":"2019-06-24T13:21:46","slug":"tres-brasileiros-vao-receber-o-palio-das-maos-do-papa-acompanhe-ao-vivo","status":"publish","type":"post","link":"https:\/\/catolicanet.net\/wp-cnet\/tres-brasileiros-vao-receber-o-palio-das-maos-do-papa-acompanhe-ao-vivo\/","title":{"rendered":"Tr\u00eas brasileiros v\u00e3o receber o p\u00e1lio das m\u00e3os do Papa. Acompanhe ao vivo"},"content":{"rendered":"<div class=\"article__subTitle\">No pr\u00f3ximo s\u00e1bado, 29 de junho, tr\u00eas arcebispos brasileiros receber\u00e3o o p\u00e1lio das m\u00e3os do Papa Francisco: Dom Dario Campos, da Arquidiocese de Vit\u00f3ria (ES), Dom Jo\u00e3o In\u00e1cio Muller, da Arquidiocese de Campinas (SP) e Dom Jo\u00e3o Justino de Medeiros Silva, de Montes Claros (MG).<\/div>\n<div class=\"title__separator\"><\/div>\n<div class=\"article__text\">\n<p><b>Cidade do Vaticano<\/b><\/p>\n<p>Na Solenidade dos Santos Ap\u00f3stolos Pedro e Paulo, o Papa Francisco preside \u00e0 tradicional missa durante a qual entrega o p\u00e1lio aos novos arcebispos metropolitanos.<\/p>\n<p>Desta vez, os brasileiros ser\u00e3o tr\u00eas: <b>Dom Dario Campos<\/b>, da Arquidiocese de Vit\u00f3ria (ES), <b>Dom Jo\u00e3o In\u00e1cio Muller<\/b>, da Arquidiocese de Campinas (SP) e <b>Dom Jo\u00e3o Justino de Medeiros Silva<\/b>, de Montes Claros (MG).<\/p>\n<p>A cerim\u00f4nia ser\u00e1 transmitida ao vivo, com coment\u00e1rios em portugu\u00eas, a partir das 09h30 locais (04h30 no hor\u00e1rio de Bras\u00edlia). Ap\u00f3s a celebra\u00e7\u00e3o, o Pont\u00edfice conduz a ora\u00e7\u00e3o mariana do Angelus aos meio-dia \u2013 sempre com transmiss\u00e3o ao vivo da R\u00e1dio Vaticano\/Vatican News.<\/p>\n<div>\n<div class=\"article__embed article__embed--unwrap article__embed--dark\">\n<div class=\"article__innerTitle\">Ou\u00e7a a reportagem<\/div>\n<audio class=\"wp-audio-shortcode\" id=\"audio-50353-1\" preload=\"none\" style=\"width: 100%;\" controls=\"controls\"><source type=\"audio\/mpeg\" src=\"https:\/\/media.vaticannews.va\/media\/audio\/s1\/2019\/06\/24\/11\/135100031_F135100031.mp3?_=1\" \/><a href=\"https:\/\/media.vaticannews.va\/media\/audio\/s1\/2019\/06\/24\/11\/135100031_F135100031.mp3\">https:\/\/media.vaticannews.va\/media\/audio\/s1\/2019\/06\/24\/11\/135100031_F135100031.mp3<\/a><\/audio>\n<\/div>\n<\/div>\n<h2>Delega\u00e7\u00e3o ortodoxa<\/h2>\n<p>Outra tradi\u00e7\u00e3o nesta Solenidade \u00e9 a presen\u00e7a de uma delega\u00e7\u00e3o do Patriarcado ecum\u00eanico de Constantinopla. E desta vez n\u00e3o ser\u00e1 diferente.<\/p>\n<p>Os ortodoxos ser\u00e3o guiados pelo Arcebispo Telmissos Job, representante do Patriarcado junto ao Conselho Mundial de Igrejas e co-presidente da Comiss\u00e3o mista internacional para o Di\u00e1logo teol\u00f3gico entre a Igreja Cat\u00f3lica e a Igreja Ortodoxa.<\/p>\n<p>O Arcebispo Job estar\u00e1 acompanhado pelo Bispo de Melitene Maximos e pelo Di\u00e1cono Bosphorios Mangafas. Eles chegar\u00e3o a Roma na quinta-feira, 27. No dia seguinte, a delega\u00e7\u00e3o ser\u00e1 recebida em audi\u00eancia pelo Papa Francisco e manter\u00e1 encontros com o Pontif\u00edcio Conselho para a Promo\u00e7\u00e3o da Unidade dos Crist\u00e3os. No s\u00e1bado, eles assistem \u00e0 solene celebra\u00e7\u00e3o eucar\u00edstica presidida pelo Santo Padre.<\/p>\n<p>A Santa S\u00e9 retribui a presen\u00e7a dos ortodoxos enviando, por sua vez, uma delega\u00e7\u00e3o a Istambul para a Festa de Santo Andr\u00e9 apost\u00f3lico, padroeiro do Patriarcado, no dia 30 de novembro.<\/p>\n<\/div>\n","protected":false},"excerpt":{"rendered":"<p>No pr\u00f3ximo s\u00e1bado, 29 de junho, tr\u00eas arcebispos brasileiros receber\u00e3o o p\u00e1lio das m\u00e3os do Papa Francisco: Dom Dario Campos, da Arquidiocese de Vit\u00f3ria (ES), Dom Jo\u00e3o In\u00e1cio Muller, da Arquidiocese de Campinas (SP) e Dom Jo\u00e3o Justino de Medeiros Silva, de Montes Claros (MG). Cidade do Vaticano Na Solenidade dos Santos Ap\u00f3stolos Pedro e [&hellip;]<\/p>\n","protected":false},"author":1,"featured_media":50354,"comment_status":"open","ping_status":"closed","sticky":false,"template":"","format":"standard","meta":{"footnotes":""},"categories":[13],"tags":[],"class_list":["post-50353","post","type-post","status-publish","format-standard","has-post-thumbnail","hentry","category-featured"],"_links":{"self":[{"href":"https:\/\/catolicanet.net\/wp-cnet\/wp-json\/wp\/v2\/posts\/50353","targetHints":{"allow":["GET"]}}],"collection":[{"href":"https:\/\/catolicanet.net\/wp-cnet\/wp-json\/wp\/v2\/posts"}],"about":[{"href":"https:\/\/catolicanet.net\/wp-cnet\/wp-json\/wp\/v2\/types\/post"}],"author":[{"embeddable":true,"href":"https:\/\/catolicanet.net\/wp-cnet\/wp-json\/wp\/v2\/users\/1"}],"replies":[{"embeddable":true,"href":"https:\/\/catolicanet.net\/wp-cnet\/wp-json\/wp\/v2\/comments?post=50353"}],"version-history":[{"count":1,"href":"https:\/\/catolicanet.net\/wp-cnet\/wp-json\/wp\/v2\/posts\/50353\/revisions"}],"predecessor-version":[{"id":50355,"href":"https:\/\/catolicanet.net\/wp-cnet\/wp-json\/wp\/v2\/posts\/50353\/revisions\/50355"}],"wp:featuredmedia":[{"embeddable":true,"href":"https:\/\/catolicanet.net\/wp-cnet\/wp-json\/wp\/v2\/media\/50354"}],"wp:attachment":[{"href":"https:\/\/catolicanet.net\/wp-cnet\/wp-json\/wp\/v2\/media?parent=50353"}],"wp:term":[{"taxonomy":"category","embeddable":true,"href":"https:\/\/catolicanet.net\/wp-cnet\/wp-json\/wp\/v2\/categories?post=50353"},{"taxonomy":"post_tag","embeddable":true,"href":"https:\/\/catolicanet.net\/wp-cnet\/wp-json\/wp\/v2\/tags?post=50353"}],"curies":[{"name":"wp","href":"https:\/\/api.w.org\/{rel}","templated":true}]}}