{"id":50348,"date":"2019-06-24T09:54:36","date_gmt":"2019-06-24T12:54:36","guid":{"rendered":"http:\/\/catolicanet.net\/wp-cnet\/?p=50348"},"modified":"2019-06-24T09:54:36","modified_gmt":"2019-06-24T12:54:36","slug":"revelacao-do-cordeiro-de-deus","status":"publish","type":"post","link":"https:\/\/catolicanet.net\/wp-cnet\/revelacao-do-cordeiro-de-deus\/","title":{"rendered":"Revela\u00e7\u00e3o do Cordeiro de Deus"},"content":{"rendered":"<p>A criatura humana que, mergulhada na escurid\u00e3o, acolhe as maravilhas de Deus atrav\u00e9s de seus mensageiros \u00e9 concreta na pequenez e humildade de S\u00e3o Jo\u00e3o Batista. Ele, longe de toda e qualquer postura ambiciosa, dizia: \u201cEu n\u00e3o sou aquele que pensais que eu seja! Mas, vede, depois de mim vem aquele, do qual nem mere\u00e7o desamarrar as sand\u00e1lias\u201d (At 13, 24). Ele est\u00e1 no meio de n\u00f3s, alimentando-nos e chamando-nos a segui-lo, mas na alegria de reconhec\u00ea-lo numa busca de coer\u00eancia, como no an\u00fancio do precursor.<\/p>\n<p>Outrora, em tempos messi\u00e2nicos, descreveu o profeta Zacarias como Deus suscitaria sobre Jerusal\u00e9m \u201cum esp\u00edrito de gra\u00e7a e de consola\u00e7\u00e3o\u201d (Zc 11, 10), consola\u00e7\u00e3o essa, entendida pelos tempos, que chega depois por outro Zacarias, muito mais conhecido, n\u00e3o por ser simplesmente um sacerdote, mas favorecido por ter recebido a visita do Anjo Gabriel, enquanto executava suas fun\u00e7\u00f5es sacerdotais no templo. O Anjo lhe trouxe a not\u00edcia de que seria pai, por\u00e9m sua primeira rea\u00e7\u00e3o foi de incredulidade. Como consequ\u00eancia, Zacarias ficou temporariamente mudo, e provavelmente surdo, at\u00e9 que Isabel deu \u00e0 luz um filho.<\/p>\n<p>\u00c9 a salva\u00e7\u00e3o da humanidade em S\u00e3o Jo\u00e3o Batista, que, na alegria do seu nascimento, j\u00e1 deixa \u00f3bvios os caminhos do Senhor, aos quais somos chamados a percorrer. Na alegria de sua vinda ao mundo, por n\u00f3s comemorada, na aten\u00e7\u00e3o de que, desde o ventre de sua m\u00e3e Isabel, Deus o tinha consagrado como o maior entre os nascidos de mulher, o filho do sacerdote Zacarias e Isabel \u00e9 tamb\u00e9m conhecido como aquele que mostrou o Cristo, o Cordeiro de Deus que tira o pecado do mundo. \u00c9 a luz dadivosa e misteriosa, de t\u00e3o bela e fulgurante que foi e que \u00e9, que n\u00e3o podemos jamais esquecer daquele que preparou um povo inclinado aos prop\u00f3sitos de Deus. Numa jubilosa gratid\u00e3o ao nosso Deus, n\u00e3o nos cansemos de nos pasmar na alegria pelo nascimento de S\u00e3o Jo\u00e3o Batista!<\/p>\n<p>O maior entre os nascidos de mulher nos ensina, indignado, o valor do que \u00e9 essencial \u00e0 f\u00e9, diante do clamor por justi\u00e7a e paz, nos empobrecidos e nos desfigurados por extens\u00e3o da terra. Sendo assim, seu nascimento \u00e9 pren\u00fancio de tempos novos e messi\u00e2nicos, no an\u00fancio da instaura\u00e7\u00e3o do reino de Deus, em que a humanidade \u00e9 chamada a travar um forte duelo, de sair das trevas e experimentar a luz verdadeira. Assim seja!<\/p>\n","protected":false},"excerpt":{"rendered":"<p>A criatura humana que, mergulhada na escurid\u00e3o, acolhe as maravilhas de Deus atrav\u00e9s de seus mensageiros \u00e9 concreta na pequenez e humildade de S\u00e3o Jo\u00e3o Batista. Ele, longe de toda e qualquer postura ambiciosa, dizia: \u201cEu n\u00e3o sou aquele que pensais que eu seja! Mas, vede, depois de mim vem aquele, do qual nem mere\u00e7o [&hellip;]<\/p>\n","protected":false},"author":6,"featured_media":32779,"comment_status":"open","ping_status":"closed","sticky":false,"template":"","format":"standard","meta":{"footnotes":""},"categories":[9],"tags":[],"class_list":["post-50348","post","type-post","status-publish","format-standard","has-post-thumbnail","hentry","category-artigos"],"_links":{"self":[{"href":"https:\/\/catolicanet.net\/wp-cnet\/wp-json\/wp\/v2\/posts\/50348","targetHints":{"allow":["GET"]}}],"collection":[{"href":"https:\/\/catolicanet.net\/wp-cnet\/wp-json\/wp\/v2\/posts"}],"about":[{"href":"https:\/\/catolicanet.net\/wp-cnet\/wp-json\/wp\/v2\/types\/post"}],"author":[{"embeddable":true,"href":"https:\/\/catolicanet.net\/wp-cnet\/wp-json\/wp\/v2\/users\/6"}],"replies":[{"embeddable":true,"href":"https:\/\/catolicanet.net\/wp-cnet\/wp-json\/wp\/v2\/comments?post=50348"}],"version-history":[{"count":1,"href":"https:\/\/catolicanet.net\/wp-cnet\/wp-json\/wp\/v2\/posts\/50348\/revisions"}],"predecessor-version":[{"id":50349,"href":"https:\/\/catolicanet.net\/wp-cnet\/wp-json\/wp\/v2\/posts\/50348\/revisions\/50349"}],"wp:featuredmedia":[{"embeddable":true,"href":"https:\/\/catolicanet.net\/wp-cnet\/wp-json\/wp\/v2\/media\/32779"}],"wp:attachment":[{"href":"https:\/\/catolicanet.net\/wp-cnet\/wp-json\/wp\/v2\/media?parent=50348"}],"wp:term":[{"taxonomy":"category","embeddable":true,"href":"https:\/\/catolicanet.net\/wp-cnet\/wp-json\/wp\/v2\/categories?post=50348"},{"taxonomy":"post_tag","embeddable":true,"href":"https:\/\/catolicanet.net\/wp-cnet\/wp-json\/wp\/v2\/tags?post=50348"}],"curies":[{"name":"wp","href":"https:\/\/api.w.org\/{rel}","templated":true}]}}