{"id":50344,"date":"2019-06-24T09:39:09","date_gmt":"2019-06-24T12:39:09","guid":{"rendered":"http:\/\/catolicanet.net\/wp-cnet\/?p=50344"},"modified":"2019-06-24T09:39:09","modified_gmt":"2019-06-24T12:39:09","slug":"colunas-da-igreja-e-sinais-da-unidade-e-da-evangelizacao","status":"publish","type":"post","link":"https:\/\/catolicanet.net\/wp-cnet\/colunas-da-igreja-e-sinais-da-unidade-e-da-evangelizacao\/","title":{"rendered":"Colunas da Igreja e sinais da Unidade e da Evangeliza\u00e7\u00e3o!"},"content":{"rendered":"<p>Remonta ao s\u00e9culo III a tradi\u00e7\u00e3o de que a Liturgia une na mesma celebra\u00e7\u00e3o as duas colunas da Igreja, S\u00e3o Pedro e S\u00e3o Paulo. Mestres insepar\u00e1veis de f\u00e9 e de inspira\u00e7\u00e3o crist\u00e3 pela sua autoridade, simbolizam todo o Col\u00e9gio Apost\u00f3lico.<\/p>\n<p>Pedro era natural de Betsaida, onde exercia a profiss\u00e3o de pescador. Jesus chamou-o e confiou-lhe a miss\u00e3o de guiar e confirmar os irm\u00e3os na f\u00e9. \u00c9 uma das primeiras testemunhas de Jesus ressuscitado e, como arauto do Evangelho, toma consci\u00eancia da necessidade de abrir a Igreja aos gentios (At 10-11). Pedro, junto com o seu irm\u00e3o Andr\u00e9(Mt 4,18) est\u00e1 entre os primeiros disc\u00edpulos de Jesus. Escolhido por Cristo para ser o fundamento da Igreja(Mt 16,13-19) e testemunha privilegiada dos milagres e da vida de Jesus, na sua pessoa e na de seus sucessores, \u00e9 o sinal vis\u00edvel da unidade e da comunh\u00e3o na f\u00e9 e na caridade.<\/p>\n<p>Paulo de Tarso, perseguidor ac\u00e9rrimo da Igreja, converte-se no caminho de Damasco. A partir da\u00ed, a sua vivacidade e brilhantismo s\u00e3o postos ao servi\u00e7o do Evangelho. Fortemente apaixonado por Cristo, percorre o Mediterr\u00e2neo para anunciar o Evangelho da salva\u00e7\u00e3o, especialmente aos pag\u00e3os. S\u00e3o Paulo foi o instrumento escolhido para a evangeliza\u00e7\u00e3o dos pag\u00e3os. Sua atividade mission\u00e1ria foi muito mais extensa que a dos demais ap\u00f3stolos, estendendo-se por grande parte da Europa e \u00c1sia mediterr\u00e2neas.<\/p>\n<p>Depois de terem sofrido toda a esp\u00e9cie de persegui\u00e7\u00f5es, ambos s\u00e3o martirizados em Roma. Regando com o seu sangue o mesmo terreno, &#8220;plantaram&#8221; a Igreja de Deus.<\/p>\n<p>A Segunda leitura da missa desta solenidade(cf. 2Tm 4,6-8.17-18) S\u00e3o Paulo a Tim\u00f3teo diz que agora esta reservada para mim a coroa da justi\u00e7a. S\u00e3o Paulo, ciente de que a hora de seu mart\u00edrio se aproxima, faz o balan\u00e7o de seu minist\u00e9rio: \u201cCombati o bom combate, terminei a corrida, guardei a f\u00e9\u201d(Cf. 2Tm 4,7). Ele n\u00e3o fala com soberba, nem se ilude. Nunca houve ministro de Cristo mais consciente das pr\u00f3prias defici\u00eancias. Como ele diz de si mesmo em sua primeira carta a Timoteo: \u201cCristo Jesus veio ao mundo para salvar os pecadores, dos quais sou o primeiro\u201d(Cf. 1Tm 1,15).Ele se reconhece objeto da divina miseric\u00f3rdia, e sabe que a gra\u00e7a que Deus lhe havia reservado n\u00e3o foi est\u00e9ril, mas fez com que trabalhasse mais do que todos os outros \u2013 \u201cN\u00e3o propriamente eu, mas a gra\u00e7a de Deus comigo\u201d(Cf. 1Cor 15,10). Desde a sua convers\u00e3o, Paulo permaneceu fiel a esta gra\u00e7a. Portanto, olhando para tr\u00e1s, pode afirmar com uma consci\u00eancia clara: \u201cCombati o bom combate(&#8230;), guardei a f\u00e9\u201d;\u00a0 e, olhando para o futuro, pode declarar: \u201cDesde agora est\u00e1 reservada para mim a coroa da justi\u00e7a que o Senhor, justo juiz, me dar\u00e1 naquele dia\u201d(Cf. 2 Tm 4,8). Que alegria e que privil\u00e9gio poder possuir tal certeza e uma tal confian\u00e7a!<\/p>\n<p>O minist\u00e9rio de S\u00e3o Paulo come\u00e7ou da mesma maneira que o minist\u00e9rio de S\u00e3o Pedro, tal como descrito no Evangelho de hoje(Cf. Mt 16,13,19) por Jesus: \u201cE v\u00f3s? Quem dizeis que eu sou?\u201d, Pedro, inspirado pelo Pai, responde: \u201cTu \u00e9s o Cristo, o Filho do Deus vivo\u201d(Cf. Mt 16,15-16). Esta confiss\u00e3o da f\u00e9 marca o in\u00edcio de uma nova vida. Quando ao Pai agrada revelar-nos seu Filho(Cf. Gl 1,16) a nossa exist\u00eancia muda radicalmente. Dali em diante a nossa vida se transforma em an\u00fancio de Cristo, servi\u00e7o de Cristo, amor ativo por causa de Cristo, prontid\u00e3o par levar a Cruz de Cristo, mesmo at\u00e9 o mart\u00edrio, se assim fosse a vontade de Deus. Crer com o cora\u00e7\u00e3o, confessar com os l\u00e1bios, trabalhar com as m\u00e3os, morrer como o Mestre \u2013 tal \u00e9 a vida apost\u00f3lica.<\/p>\n<p>No dia de S\u00e3o Pedro e de S\u00e3o Paulo n\u00f3s queremos rezar pelo seu atual Sucessor: o amado Papa Francisco. Que ele continue sendo a gra\u00e7a da miseric\u00f3rdia de Deus em favor do an\u00fancio do Evangelho. S\u00e3o palavras tocantes do Papa Francisco, na Festa de Corpus Christi deste ano, que alentam nossa vida em aben\u00e7oar a todos, particularmente, aben\u00e7oar o minist\u00e9rio do Papa Francisco, muitas vezes incompreendido: \u201cPor que faz bem aben\u00e7oar? Porque \u00e9 transformar a palavra em dom. Quando se aben\u00e7oa, n\u00e3o se est\u00e1 a fazer uma coisa para si mesmo, mas para os outros. Aben\u00e7oar n\u00e3o \u00e9 dizer palavras bonitas, nem usar palavras de circunst\u00e2ncia; mas \u00e9 dizer bem, dizer com amor. Assim fez Melquisedec: espontaneamente diz bem de Abr\u00e3o, sem que este tenha dito ou feito algo por ele. Assim fez Jesus, mostrando o significado da b\u00ean\u00e7\u00e3o com a distribui\u00e7\u00e3o gratuita dos p\u00e3es. Quantas vezes fomos aben\u00e7oados, tamb\u00e9m n\u00f3s, na igreja ou nas nossas casas! Quantas vezes recebemos palavras que nos fizeram bem, ou um sinal da cruz na fronte! Fomos aben\u00e7oados no dia do Batismo e, no final de cada Missa, somos aben\u00e7oados. A Eucaristia \u00e9 uma escola de b\u00ean\u00e7\u00e3o. Deus diz bem de n\u00f3s, seus filhos amados, encorajando-nos assim a continuar. E n\u00f3s bendizemos a Deus nas nossas assembleias (cf. Sal 68, 27), reencontrando o gosto do louvor, que liberta e cura o cora\u00e7\u00e3o. Vimos \u00e0 Missa com a certeza de ser aben\u00e7oados pelo Senhor, e sa\u00edmos para, por nossa vez, aben\u00e7oarmos, para sermos canais de bem no mundo. \u00c9 importante que n\u00f3s, Pastores, nos lembremos de aben\u00e7oar o povo de Deus. Queridos sacerdotes, n\u00e3o tenhais medo de aben\u00e7oar! O Senhor quer dizer bem do seu povo; fica feliz em fazer-nos sentir o seu carinho por n\u00f3s. E s\u00f3 depois de aben\u00e7oados \u00e9 que podemos aben\u00e7oar os outros com a mesma un\u00e7\u00e3o de amor. Entretanto, \u00e9 triste ver hoje qu\u00e3o facilmente se amaldi\u00e7oa, despreza, insulta. Assaltados por demasiado frenesi, n\u00e3o nos contemos, desafogando a raiva sobre tudo e todos. Muitas vezes, infelizmente, \u00e9 quem grita mais e mais forte, \u00e9 quem est\u00e1 mais irritado que parece ter raz\u00e3o e obter consensos. N\u00e3o nos deixemos contagiar pela arrog\u00e2ncia, n\u00e3o nos deixemos invadir pela amargura, n\u00f3s que comemos o P\u00e3o que em si cont\u00e9m toda a do\u00e7ura. O povo de Deus ama o louvor, n\u00e3o vive de lamenta\u00e7\u00f5es; est\u00e1 feito para a b\u00ean\u00e7\u00e3o, n\u00e3o para a lamenta\u00e7\u00e3o. Diante da Eucaristia, de Jesus que Se fez P\u00e3o, deste P\u00e3o humilde que cont\u00e9m a totalidade da Igreja, aprendamos a bendizer o que temos, a louvar a Deus, a aben\u00e7oar e n\u00e3o a amaldi\u00e7oar o nosso passado, a dar boas palavras aos outros.(<a href=\"https:\/\/www.vaticannews.va\/pt\/papa\/news\/2019-06\/homilia-integral-papa-solenidade-corpus-christi.html\">https:\/\/www.vaticannews.va\/pt\/papa\/news\/2019-06\/homilia-integral-papa-solenidade-corpus-christi.html<\/a>, \u00faltimo acesso em 23 de junho de 2019)<\/p>\n<p>A Igreja Cat\u00f3lica continua diuturnamente a escutar as palavras que pela primeira vez Pedro ouviu de Cesareia de Filipe: \u201cDar-te-ei as chaves do reino dos c\u00e9us, e tudo quanto ligares na terra ficar\u00e1 ligado nos c\u00e9us, e tudo quanto desligares na terra ser\u00e1 desligado nos c\u00e9us\u201d (Cf. Mt. 16, 19). Escutando estas palavras, toda a Igreja pede <em>para ser a serva fiel e vigilante<\/em> em cada vinda do Senhor, hist\u00f3rica e definitiva, para se preparar a si mesma para esta vinda e preparar a fam\u00edlia humana inteira.<\/p>\n<p>Assim como a prepararam os Santos Ap\u00f3stolos Pedro e Paulo. Que esta aspire por tal vinda com todas as for\u00e7as. Assim como aspiravam eles. Vida longa e santo minist\u00e9rio apost\u00f3lico ao Papa Francisco. E, na nossa generosidade, levemos o nosso generoso \u00f3bolo de S\u00e3o Pedro para que o Papa continue ajudando as popula\u00e7\u00f5es mais carentes e atingidas pelas cat\u00e1strofes.<\/p>\n<p>S\u00e3o Pedro e S\u00e3o Paulo, rogai por n\u00f3s que recorremos a V\u00f3s, e continue iluminando e velando o seu sucessor, o amado Papa Francisco!<\/p>\n","protected":false},"excerpt":{"rendered":"<p>Remonta ao s\u00e9culo III a tradi\u00e7\u00e3o de que a Liturgia une na mesma celebra\u00e7\u00e3o as duas colunas da Igreja, S\u00e3o Pedro e S\u00e3o Paulo. Mestres insepar\u00e1veis de f\u00e9 e de inspira\u00e7\u00e3o crist\u00e3 pela sua autoridade, simbolizam todo o Col\u00e9gio Apost\u00f3lico. Pedro era natural de Betsaida, onde exercia a profiss\u00e3o de pescador. Jesus chamou-o e confiou-lhe [&hellip;]<\/p>\n","protected":false},"author":10,"featured_media":32785,"comment_status":"open","ping_status":"closed","sticky":false,"template":"","format":"standard","meta":{"footnotes":""},"categories":[9],"tags":[],"class_list":["post-50344","post","type-post","status-publish","format-standard","has-post-thumbnail","hentry","category-artigos"],"_links":{"self":[{"href":"https:\/\/catolicanet.net\/wp-cnet\/wp-json\/wp\/v2\/posts\/50344","targetHints":{"allow":["GET"]}}],"collection":[{"href":"https:\/\/catolicanet.net\/wp-cnet\/wp-json\/wp\/v2\/posts"}],"about":[{"href":"https:\/\/catolicanet.net\/wp-cnet\/wp-json\/wp\/v2\/types\/post"}],"author":[{"embeddable":true,"href":"https:\/\/catolicanet.net\/wp-cnet\/wp-json\/wp\/v2\/users\/10"}],"replies":[{"embeddable":true,"href":"https:\/\/catolicanet.net\/wp-cnet\/wp-json\/wp\/v2\/comments?post=50344"}],"version-history":[{"count":1,"href":"https:\/\/catolicanet.net\/wp-cnet\/wp-json\/wp\/v2\/posts\/50344\/revisions"}],"predecessor-version":[{"id":50345,"href":"https:\/\/catolicanet.net\/wp-cnet\/wp-json\/wp\/v2\/posts\/50344\/revisions\/50345"}],"wp:featuredmedia":[{"embeddable":true,"href":"https:\/\/catolicanet.net\/wp-cnet\/wp-json\/wp\/v2\/media\/32785"}],"wp:attachment":[{"href":"https:\/\/catolicanet.net\/wp-cnet\/wp-json\/wp\/v2\/media?parent=50344"}],"wp:term":[{"taxonomy":"category","embeddable":true,"href":"https:\/\/catolicanet.net\/wp-cnet\/wp-json\/wp\/v2\/categories?post=50344"},{"taxonomy":"post_tag","embeddable":true,"href":"https:\/\/catolicanet.net\/wp-cnet\/wp-json\/wp\/v2\/tags?post=50344"}],"curies":[{"name":"wp","href":"https:\/\/api.w.org\/{rel}","templated":true}]}}