{"id":5034,"date":"2014-08-25T16:55:19","date_gmt":"2014-08-25T19:55:19","guid":{"rendered":"http:\/\/catolicanet.net\/wp-cnet\/falaserio-trafico-de-orgaos-e-exploracao-sexual-no-mexico-cerca-de-45-mil-criancas-desaparecidas\/"},"modified":"2017-04-06T13:30:22","modified_gmt":"2017-04-06T16:30:22","slug":"falaserio-trafico-de-orgaos-e-exploracao-sexual-no-mexico-cerca-de-45-mil-criancas-desaparecidas","status":"publish","type":"post","link":"https:\/\/catolicanet.net\/wp-cnet\/falaserio-trafico-de-orgaos-e-exploracao-sexual-no-mexico-cerca-de-45-mil-criancas-desaparecidas\/","title":{"rendered":"#FalaS\u00e9rio: Tr\u00e1fico de \u00f3rg\u00e3os e explora\u00e7\u00e3o sexual: no M\u00e9xico, cerca de 45 mil crian\u00e7as desaparecidas"},"content":{"rendered":"<p style=\"text-align: justify;\"><img decoding=\"async\" src=\"http:\/\/catolicanet.com.br\/images\/stories\/falaseriotraficocrianca.png\" border=\"0\" align=\"left\" \/>No M\u00e9xico est\u00e3o desaparecidas 45 mil crian\u00e7as e h\u00e1 uma lista oficial de 3 mil inqu\u00e9ritos preliminares sobre menores sequestrados durante o \u00faltimo ano e meio, subtra\u00eddos a fim de explora\u00e7\u00e3o sexual, venda e tr\u00e1fico de \u00f3rg\u00e3os. A den\u00fancia prov\u00e9m do presidente da Funda\u00e7\u00e3o Nacional para a Busca de Crian\u00e7as Sequestradas e Desaparecidas.<\/p>\n<p>Bandos criminosos atuam especialmente no Distrito Federal, nos Estados de M\u00e9xico, Veracruz, Tijuana, Monterrey, Guadalajara e nas \u00e1reas de fronteira do norte e do sul do pa\u00eds. Menores de todas as idades s\u00e3o sequestrados por pessoas que trabalham por conta pr\u00f3pria, por pequenos bandos que os vendem aos traficantes de \u00f3rg\u00e3os ou para a explora\u00e7\u00e3o sexual, e pelo crime organizado que leva as v\u00edtimas para fora do pa\u00eds com passaportes e credenciais.<\/p>\n<p>A criminalidade organizada atua atrav\u00e9s de uma rede que atrai as jovens v\u00edtimas, principalmente adolescentes, por meio de redes sociais. Segundo as autoridades de Estado s Unidos e Fran\u00e7a, que monitorizam o fen\u00f4meno no M\u00e9xico, os \u00f3rg\u00e3os das crian\u00e7as n\u00e3o s\u00e3o levados para fora do pa\u00eds em congeladores; os pequenos chegam aos EUA ainda vivos e s\u00e3o levados a cl\u00ednicas e m\u00e9dicos corruptos, que por milhares de d\u00f3lares os operam e retiram os \u00f3rg\u00e3os. O perfil dos sequestros deste fen\u00f4meno atroz inclui crian\u00e7as com idades entre 7 e 10 anos. As crian\u00e7as at\u00e9 5 anos de idade geralmente s\u00e3o sequestradas para serem vendidas para casais que n\u00e3o podem ter filhos.<\/p>\n<p>Os rec\u00e9m-nascidos s\u00e3o sacrificados nos ritos sat\u00e2nicos. Para enfrentar esses atos criminosos, a Funda\u00e7\u00e3o Nacional de Investiga\u00e7\u00e3o de Crian\u00e7as Raptadas e Desaparecidas realiza uma campanha gratuita de preven\u00e7\u00e3o do sequestro de crian\u00e7as nas escolas do Distrito Federal, Estado do M\u00e9xico, Veracruz e Puebla, mas est\u00e1 aberta a toda entidade p\u00fablica ou privada. O tr\u00e1fico de crian\u00e7as e de pessoas \u00e9 o terceiro neg\u00f3cio mais rent\u00e1vel do mundo, depois de tr\u00e1fico de armas e drogas, com um mercado de cerca de 32 milh\u00f5es d\u00f3lares por ano. Segundo o UNICEF, as meninas e os meninos desaparecidos atrav\u00e9s do tr\u00e1fico a cada ano em todo o mundo s\u00e3o um milh\u00e3o e 200 mil.<\/p>\n<p>Fonte: Garotada Mission\u00e1ria<\/p>\n","protected":false},"excerpt":{"rendered":"<p>No M\u00e9xico est\u00e3o desaparecidas 45 mil crian\u00e7as e h\u00e1 uma lista oficial de 3 mil inqu\u00e9ritos preliminares sobre menores sequestrados durante o \u00faltimo ano e meio, subtra\u00eddos a fim de explora\u00e7\u00e3o sexual, venda e tr\u00e1fico de \u00f3rg\u00e3os. A den\u00fancia prov\u00e9m do presidente da Funda\u00e7\u00e3o Nacional para a Busca de Crian\u00e7as Sequestradas e Desaparecidas. Bandos criminosos [&hellip;]<\/p>\n","protected":false},"author":1,"featured_media":0,"comment_status":"closed","ping_status":"closed","sticky":false,"template":"","format":"standard","meta":{"footnotes":""},"categories":[4],"tags":[],"class_list":["post-5034","post","type-post","status-publish","format-standard","hentry","category-cotidiano"],"_links":{"self":[{"href":"https:\/\/catolicanet.net\/wp-cnet\/wp-json\/wp\/v2\/posts\/5034","targetHints":{"allow":["GET"]}}],"collection":[{"href":"https:\/\/catolicanet.net\/wp-cnet\/wp-json\/wp\/v2\/posts"}],"about":[{"href":"https:\/\/catolicanet.net\/wp-cnet\/wp-json\/wp\/v2\/types\/post"}],"author":[{"embeddable":true,"href":"https:\/\/catolicanet.net\/wp-cnet\/wp-json\/wp\/v2\/users\/1"}],"replies":[{"embeddable":true,"href":"https:\/\/catolicanet.net\/wp-cnet\/wp-json\/wp\/v2\/comments?post=5034"}],"version-history":[{"count":1,"href":"https:\/\/catolicanet.net\/wp-cnet\/wp-json\/wp\/v2\/posts\/5034\/revisions"}],"predecessor-version":[{"id":9930,"href":"https:\/\/catolicanet.net\/wp-cnet\/wp-json\/wp\/v2\/posts\/5034\/revisions\/9930"}],"wp:attachment":[{"href":"https:\/\/catolicanet.net\/wp-cnet\/wp-json\/wp\/v2\/media?parent=5034"}],"wp:term":[{"taxonomy":"category","embeddable":true,"href":"https:\/\/catolicanet.net\/wp-cnet\/wp-json\/wp\/v2\/categories?post=5034"},{"taxonomy":"post_tag","embeddable":true,"href":"https:\/\/catolicanet.net\/wp-cnet\/wp-json\/wp\/v2\/tags?post=5034"}],"curies":[{"name":"wp","href":"https:\/\/api.w.org\/{rel}","templated":true}]}}