{"id":50315,"date":"2019-06-19T10:06:17","date_gmt":"2019-06-19T13:06:17","guid":{"rendered":"http:\/\/catolicanet.net\/wp-cnet\/?p=50315"},"modified":"2019-06-19T10:31:42","modified_gmt":"2019-06-19T13:31:42","slug":"7o-encontro-nacional-de-leigos-do-brasil-acontece-na-arquidiocese-de-cuiaba-mt","status":"publish","type":"post","link":"https:\/\/catolicanet.net\/wp-cnet\/7o-encontro-nacional-de-leigos-do-brasil-acontece-na-arquidiocese-de-cuiaba-mt\/","title":{"rendered":"7\u00ba Encontro Nacional de Leigos do Brasil acontece na arquidiocese de Cuiab\u00e1 (MT)"},"content":{"rendered":"<div>\n<p><img loading=\"lazy\" decoding=\"async\" class=\"size-medium wp-image-50321 alignright\" src=\"http:\/\/catolicanet.net\/wp-cnet\/wp-content\/uploads\/Cartaz-encontro-de-Leigos-216x300.jpeg\" alt=\"\" width=\"216\" height=\"300\" srcset=\"https:\/\/catolicanet.net\/wp-cnet\/wp-content\/uploads\/Cartaz-encontro-de-Leigos-216x300.jpeg 216w, https:\/\/catolicanet.net\/wp-cnet\/wp-content\/uploads\/Cartaz-encontro-de-Leigos-768x1066.jpeg 768w, https:\/\/catolicanet.net\/wp-cnet\/wp-content\/uploads\/Cartaz-encontro-de-Leigos-738x1024.jpeg 738w, https:\/\/catolicanet.net\/wp-cnet\/wp-content\/uploads\/Cartaz-encontro-de-Leigos-553x768.jpeg 553w, https:\/\/catolicanet.net\/wp-cnet\/wp-content\/uploads\/Cartaz-encontro-de-Leigos-600x833.jpeg 600w, https:\/\/catolicanet.net\/wp-cnet\/wp-content\/uploads\/Cartaz-encontro-de-Leigos-696x966.jpeg 696w, https:\/\/catolicanet.net\/wp-cnet\/wp-content\/uploads\/Cartaz-encontro-de-Leigos-303x420.jpeg 303w, https:\/\/catolicanet.net\/wp-cnet\/wp-content\/uploads\/Cartaz-encontro-de-Leigos.jpeg 900w\" sizes=\"auto, (max-width: 216px) 100vw, 216px\" \/>Conselho Nacional do Laicato do Brasil (CNLB) realizar\u00e1 de 20 a 24 de junho, na arquidiocese de Cuiab\u00e1 (MT), o 7\u00ba Encontro Nacional do Laicato do Brasil. O encontro tem como tema: \u201cCrist\u00e3os Leigos e Leigas na Igreja e na Sociedade: um novo olhar e um novo agir\u201d e como inspira\u00e7\u00e3o b\u00edblica: \u201cEu vi, ouvi e desci\u201d, Ex. 3, 7-8.<\/p>\n<p>Segundo Marilza Schuina, presidente do Conselho Nacional do Laicato do Brasil (CNLB), os encontros nacionais t\u00eam o objetivo de contribuir para a articula\u00e7\u00e3o do laicato do Brasil, estabelecer diretrizes gerais e definir as linhas de a\u00e7\u00e3o do organismo. \u00a0\u201cA nossa expectativa \u00e9 que de fato possamos incentivar, articular e organizar o laicato nos regionais do CNLB e nas dioceses\u201d, disse.<\/p>\n<\/div>\n<div>\n<p>O encontro reunir\u00e1 aproximadamente 400 delegados e representantes dos 18 Regionais da Confer\u00eancia Nacional dos Bispos do Brasil (CNBB), como tamb\u00e9m das organiza\u00e7\u00f5es filiadas. Est\u00e3o confirmados, como assessores, o doutor em educa\u00e7\u00e3o (USP),\u00a0Luiz Augusto Passos e o te\u00f3logo e membro da Repam, Roberto Malvezzi (Gog\u00f3). O Encontro contar\u00e1 com a presen\u00e7a do bispo de Tocantin\u00f3polis (TO) e presidente da Comiss\u00e3o Episcopal Pastoral para o Laicato da CNBB, dom Giovane Pereira de Melo, do Bispo referencial do Regional Oeste II, dom Derek Jhon , entre outros.<\/p>\n<p>Dentro da programa\u00e7\u00e3o do 7\u00ba Encontro, acontece tamb\u00e9m, dia 21, a 38\u00aa Assembleia Geral Ordin\u00e1ria (AGO) do CNLB, com car\u00e1ter eletiva. A atual presidente \u00e9 Marilza Schuina Lopes, pelo segundo mandato.<\/p>\n<\/div>\n<div>\n<p>Para uma reflex\u00e3o mais aprofundada no contexto da realidade atual do Brasil ser\u00e3o organizadas dez oficinas sub-tem\u00e1ticas para reflex\u00f5es sobre: Direitos humanos, Casa comum\/direito \u00e0 terra, Igualdade de G\u00eanero, Pol\u00edtica\/Pol\u00edticas P\u00fablicas, Direito \u00e0 cidade, Mundo do Trabalho, Juventude, Migra\u00e7\u00f5es e refugiados, Educa\u00e7\u00e3o e cultura e Desafios da voca\u00e7\u00e3o laical na Igreja.<\/p>\n<p>No contexto do 7\u00ba Encontro, o bispo de Tocantin\u00f3polis (TO), que assumiu recentemente como presidente da Comiss\u00e3o Episcopal Pastoral para o Laicato, dom Giovane Pereira de Melo, falou sobre o que \u00e9 necess\u00e1rio para que a Igreja no Brasil avance mais na valoriza\u00e7\u00e3o de leigos e leigas. \u00a0Segundo ele, desde o decreto <em>Apostolicam Actuositatem<\/em> do Concilio Vaticano II, sobre a import\u00e2ncia e atualidade do apostolado dos leigos, a Igreja vem valorizando os crist\u00e3os leigos e leigas no mundo e especialmente no Brasil.<\/p>\n<p>Dom Geovane ressalta que h\u00e1 ainda um longo caminho a ser percorrido. \u201cSonhamos com uma Igreja que avance na compreens\u00e3o de que em Cristo n\u00e3o h\u00e1 desigualdade na dignidade dos batizados\u201d, disse. Segundo ele, a\u00a0Igreja vem refletindo com frequ\u00eancia a identidade, voca\u00e7\u00e3o, miss\u00e3o, forma\u00e7\u00e3o e organiza\u00e7\u00e3o do laicato, mas sente que precisa avan\u00e7ar mais ainda para que valorize mais a participa\u00e7\u00e3o dos leigos e leigas.<\/p>\n<p>\u201cQue os crist\u00e3os leigos e leigas sejam tratados como verdadeiros sujeitos eclesiais atuantes no mundo e nos espa\u00e7os eclesiais; que se invista na forma\u00e7\u00e3o do laicato tanto para o intra eclesial como para serem sujeitos de transforma\u00e7\u00e3o social e que reconhe\u00e7amos, valorizemos e apoiemos \u00a0a organiza\u00e7\u00e3o dos crist\u00e3os leigos e leigas em conselhos diocesanos, regionais e nacional\u201d, defendeu.<\/p>\n<div>Para ele, o 7\u00ba\u00a0Encontro Nacional do Laicato no Brasil ser\u00e1 uma oportunidade rica para ouvir experiencias, opini\u00f5es e sugest\u00f5es, fortalecer e ampliar o di\u00e1logo e o trabalho junto as diferentes formas de express\u00e3o do laicato. Dom Giovane observa que v\u00e1rios aspectos destacados nas Diretrizes Gerais da A\u00e7\u00e3o Evangelizadora da Igreja no Brasil 2019-2023 ser\u00e3o aprofundados no encontro. \u201cOs crist\u00e3os leigos e leigas atrav\u00e9s das suas organiza\u00e7\u00f5es como pastorais, movimentos, servi\u00e7os e o CNLB s\u00e3o acolhedores fi\u00e9is das diretrizes\u201d, disse.<\/div>\n<\/div>\n<div>\n<p><strong>Hist\u00f3rico<\/strong> \u2013 O 1\u00ba Encontro Nacional de Leigos aconteceu em 1987 por ocasi\u00e3o da prepara\u00e7\u00e3o do S\u00ednodo dos Bispos realizado no mesmo ano, no Vaticano, para aprofundar a tem\u00e1tica dos leigos e leigas na Igreja.<\/p>\n<\/div>\n<div>\n<p>O CNLB \u00e9 um organismo de articula\u00e7\u00e3o, organiza\u00e7\u00e3o e representa\u00e7\u00e3o dos crist\u00e3os leigos e leigas, \u201cque busca integrar os leigos e leigas dos movimentos, das pastorais, daqueles que vivem sua vida comunit\u00e1ria numa par\u00f3quia ou comunidade, e dos que vivem sua f\u00e9 crist\u00e3 inseridos nas atividades da sociedade\u201d.<\/p>\n<\/div>\n<div><strong>Programa\u00e7\u00e3o do 7\u00ba Encontro:\u00a0<\/strong><\/div>\n<div><\/div>\n<div><strong>20\/06- Quinta-feira:<\/strong><\/div>\n<div>14h \u2013 Missa de abertura<\/div>\n<div>15h- \u00a0Mesa de abertura<\/div>\n<div>16h \u2013 Lanche<\/div>\n<div>16h30 \u2013 Mem\u00f3ria dos encontros anteriores<\/div>\n<div>Confer\u00eancia de abertura: \u201cEm tempos de Francisco, os graves problemas do mundo e da Igreja\u201d \u2013 Luiz Augusto Passos.<\/div>\n<div>18h45 \u2013 Pausa<\/div>\n<div>19h- Jantar<\/div>\n<div>20h- Ora\u00e7\u00e3o da noite<\/div>\n<div>20h30- Translado para o hotel<\/div>\n<div><\/div>\n<div><strong>21\/06 \u2013 Sexta-feira:<\/strong><\/div>\n<div><\/div>\n<div>6h \u2013 Caf\u00e9 da manh\u00e3<\/div>\n<div>7h15- Translado<\/div>\n<div>8h- Ora\u00e7\u00e3o da manh\u00e3 \u2013<\/div>\n<div>8h30 \u2013 Coordena\u00e7\u00e3o e orienta\u00e7\u00e3o do dia<\/div>\n<div>8h45 \u2013 \u201cEu vi e ouvi o clamor deste povo\u201d, com Roberto Malvezzi<\/div>\n<div>10h \u2013 Cafezinho<\/div>\n<div>10h30 \u2013 Grupos<\/div>\n<div>14h \u2013 Mini-plen\u00e1ria<\/div>\n<div>16h- Lanche<\/div>\n<div>16h30 \u2013 Plen\u00e1ria<\/div>\n<div>18h \u2013 Ora\u00e7\u00e3o da tarde<\/div>\n<div>19h- Janta<\/div>\n<div>20h \u2013 Assembleia Geral Ordin\u00e1ria<\/div>\n<div>20h \u2013 Translado<\/div>\n<div><strong><br \/>\n22\/06- S\u00e1bado:<\/strong><\/div>\n<div>6h \u2013 Caf\u00e9 da manh\u00e3<\/div>\n<div>7h15 \u2013 Translado<\/div>\n<div>8h- Ora\u00e7\u00e3o<\/div>\n<div>8h30 \u2013 Coordena\u00e7\u00e3o e orienta\u00e7\u00e3o do dia<\/div>\n<div>8h45 \u2013 \u201cE desci para libertar\u201d (Roberto Malvezzi)<\/div>\n<div>10h \u2013 Cafezinho<\/div>\n<div>10h30 \u2013 Rodas de Conversa:\u00a0Direitos humanos, Casa Comum\/direito \u00e0 terra,\u00a0Igualdade de G\u00eanero,\u00a0Pol\u00edtica\/Pol\u00edticas P\u00fablicas,\u00a0Direito \u00e0 cidade,\u00a0Mundo do Trabalho,\u00a0Juventude,\u00a0Migra\u00e7\u00f5es e refugiados,\u00a0Educa\u00e7\u00e3o e cultura,\u00a0Desafios da voca\u00e7\u00e3o laical na Igreja<\/div>\n<div>14h- Plen\u00e1ria Geral<\/div>\n<div>15h30 \u2013 Olhando para o CNLB \u2013 o agir do Organismo<\/div>\n<div>16h \u2013 Cafezinho<\/div>\n<div>16h30 \u2013 Mini plen\u00e1ria: do que vimos e ouvimos, quais as prioridades para o CNLB 2019-2022?<\/div>\n<div>18h- Ora\u00e7\u00e3o<\/div>\n<div>19h \u2013 Janta<\/div>\n<div>20h \u2013 Noite cultural<\/div>\n<div>22h30 \u2013 Translado<\/div>\n<div><strong><br \/>\n23\/06- Domingo:<\/strong><\/div>\n<div>6h \u2013 Caf\u00e9 da manh\u00e3<\/div>\n<div>7h15 \u2013 Translado<\/div>\n<div>8h \u2013 Ora\u00e7\u00e3o<\/div>\n<div>8h30 \u2013 Plen\u00e1ria Final (mensagem, \u00a0prioridades, encaminhamentos e agradecimentos)<\/div>\n<div>10h30 \u2013 Cafezinho<\/div>\n<div>11h- Missa de encerramento<\/div>\n<div>12h30 \u2013 Almo\u00e7o<\/div>\n<div><\/div>\n<div>\n<div>Para cobertura informativa do encontro ser\u00e3o atualizados simultaneamente e regularmente os seguintes canais de comunica\u00e7\u00e3o social do CNLB:<\/div>\n<div>\u2022 Facebook: https:\/\/www.facebook.com\/conselhodeleigos\/notifications\/<\/div>\n<div>\u2022 Site: http:\/\/www.cnlb.org.br\/<\/div>\n<\/div>\n","protected":false},"excerpt":{"rendered":"<p>Conselho Nacional do Laicato do Brasil (CNLB) realizar\u00e1 de 20 a 24 de junho, na arquidiocese de Cuiab\u00e1 (MT), o 7\u00ba Encontro Nacional do Laicato do Brasil. O encontro tem como tema: \u201cCrist\u00e3os Leigos e Leigas na Igreja e na Sociedade: um novo olhar e um novo agir\u201d e como inspira\u00e7\u00e3o b\u00edblica: \u201cEu vi, ouvi [&hellip;]<\/p>\n","protected":false},"author":1,"featured_media":50316,"comment_status":"open","ping_status":"closed","sticky":false,"template":"","format":"standard","meta":{"footnotes":""},"categories":[7],"tags":[],"class_list":["post-50315","post","type-post","status-publish","format-standard","has-post-thumbnail","hentry","category-cnbb"],"_links":{"self":[{"href":"https:\/\/catolicanet.net\/wp-cnet\/wp-json\/wp\/v2\/posts\/50315","targetHints":{"allow":["GET"]}}],"collection":[{"href":"https:\/\/catolicanet.net\/wp-cnet\/wp-json\/wp\/v2\/posts"}],"about":[{"href":"https:\/\/catolicanet.net\/wp-cnet\/wp-json\/wp\/v2\/types\/post"}],"author":[{"embeddable":true,"href":"https:\/\/catolicanet.net\/wp-cnet\/wp-json\/wp\/v2\/users\/1"}],"replies":[{"embeddable":true,"href":"https:\/\/catolicanet.net\/wp-cnet\/wp-json\/wp\/v2\/comments?post=50315"}],"version-history":[{"count":3,"href":"https:\/\/catolicanet.net\/wp-cnet\/wp-json\/wp\/v2\/posts\/50315\/revisions"}],"predecessor-version":[{"id":50323,"href":"https:\/\/catolicanet.net\/wp-cnet\/wp-json\/wp\/v2\/posts\/50315\/revisions\/50323"}],"wp:featuredmedia":[{"embeddable":true,"href":"https:\/\/catolicanet.net\/wp-cnet\/wp-json\/wp\/v2\/media\/50316"}],"wp:attachment":[{"href":"https:\/\/catolicanet.net\/wp-cnet\/wp-json\/wp\/v2\/media?parent=50315"}],"wp:term":[{"taxonomy":"category","embeddable":true,"href":"https:\/\/catolicanet.net\/wp-cnet\/wp-json\/wp\/v2\/categories?post=50315"},{"taxonomy":"post_tag","embeddable":true,"href":"https:\/\/catolicanet.net\/wp-cnet\/wp-json\/wp\/v2\/tags?post=50315"}],"curies":[{"name":"wp","href":"https:\/\/api.w.org\/{rel}","templated":true}]}}