{"id":50299,"date":"2019-06-19T08:44:10","date_gmt":"2019-06-19T11:44:10","guid":{"rendered":"http:\/\/catolicanet.net\/wp-cnet\/?p=50299"},"modified":"2019-06-19T08:48:00","modified_gmt":"2019-06-19T11:48:00","slug":"patriarca-de-lisboa-se-deus-nao-desiste-a-gente-tambem-nao","status":"publish","type":"post","link":"https:\/\/catolicanet.net\/wp-cnet\/patriarca-de-lisboa-se-deus-nao-desiste-a-gente-tambem-nao\/","title":{"rendered":"Patriarca de Lisboa: \u201cSe Deus n\u00e3o desiste, a gente tamb\u00e9m n\u00e3o\u201d"},"content":{"rendered":"<div class=\"article__subTitle\">D. Manuel Clemente presidiu ao Dia Diocesano da Fam\u00edlia, que decorreu no Parque Quinta das Conchas, na capital portuguesa.<\/div>\n<div class=\"title__separator\"><\/div>\n<div class=\"article__text\">\n<p><b>Domingos Pinto \u2013 Lisboa<\/b><\/p>\n<p>O cardeal-patriarca de Lisboa defendeu no \u00faltimo domingo, 16 de junho, que \u00e9 preciso \u201crecriar a estabilidade familiar, da qual tudo depende\u201d.<\/p>\n<p>O desafio foi lan\u00e7ado por D. Manuel Clemente na Festa da Fam\u00edlia organizada pelo setor da Pastoral Familiar do Patriarcado de Lisboa, e na qual foram homenageados os casais que celebraram o anivers\u00e1rio do seu matrim\u00f4nio, a partir dos 10, 25, 50 e mais anos.<\/p>\n<p>\u2018Fam\u00edlia: Lugar de Encontro com Deus\u2019 foi o tema da 6.\u00aa edi\u00e7\u00e3o da Festa da Fam\u00edlia, que contou com cerca de 20 stands, testemunhos e atua\u00e7\u00f5es da fadista Cuca Roseta e do grupo familiar Figo Maduro.<\/p>\n<p>Na sua interven\u00e7\u00e3o, o Cardeal-patriarca de Lisboa sublinhou algumas das preocupa\u00e7\u00f5es da igreja na \u00e1rea da fam\u00edlia, nomeadamente \u201ca sobrecarga da vida laboral em que as pessoas ficam muito desacompanhadas\u201d.<\/p>\n<p>\u201cH\u00e1 muita solid\u00e3o. As nossas cidades s\u00e3o imensas solid\u00f5es acumuladas\u201d, alertou D. Manuel Clemente que pediu \u00e0s comunidades para serem \u201cfam\u00edlias de fam\u00edlias\u201d.<\/p>\n<p>\u201cSe Deus n\u00e3o desiste, a gente tamb\u00e9m n\u00e3o\u201d, disse depois o Patriarca de Lisboa na homilia da eucaristia de encerramento da Festa da Fam\u00edlia onde lembrou que \u201co amor de Deus \u00e9 maior do que as nossas divis\u00f5es\u201d.<\/p>\n<p>No pr\u00f3ximo ano pastoral, em 2020, o Patriarcado de Lisboa vai viver esta festa diocesana em \u00d3bidos, na Vigararia das Caldas da Rainha.<\/p>\n<div>\n<div class=\"article__embed article__embed--unwrap article__embed--dark\">\n<div class=\"article__innerTitle\">Ou\u00e7a!<\/div>\n<div>\n<!--[if lt IE 9]><script>document.createElement('audio');<\/script><![endif]-->\n<audio class=\"wp-audio-shortcode\" id=\"audio-50299-1\" preload=\"none\" style=\"width: 100%;\" controls=\"controls\"><source type=\"audio\/mpeg\" src=\"https:\/\/media.vaticannews.va\/media\/audio\/s1\/2019\/06\/18\/15\/135092283_F135092283.mp3?_=1\" \/><a href=\"https:\/\/media.vaticannews.va\/media\/audio\/s1\/2019\/06\/18\/15\/135092283_F135092283.mp3\">https:\/\/media.vaticannews.va\/media\/audio\/s1\/2019\/06\/18\/15\/135092283_F135092283.mp3<\/a><\/audio>\n<\/div>\n<\/div>\n<\/div>\n<p>&nbsp;<\/p>\n<\/div>\n","protected":false},"excerpt":{"rendered":"<p>D. Manuel Clemente presidiu ao Dia Diocesano da Fam\u00edlia, que decorreu no Parque Quinta das Conchas, na capital portuguesa. Domingos Pinto \u2013 Lisboa O cardeal-patriarca de Lisboa defendeu no \u00faltimo domingo, 16 de junho, que \u00e9 preciso \u201crecriar a estabilidade familiar, da qual tudo depende\u201d. O desafio foi lan\u00e7ado por D. Manuel Clemente na Festa [&hellip;]<\/p>\n","protected":false},"author":1,"featured_media":50300,"comment_status":"open","ping_status":"closed","sticky":false,"template":"","format":"standard","meta":{"footnotes":""},"categories":[3],"tags":[],"class_list":["post-50299","post","type-post","status-publish","format-standard","has-post-thumbnail","hentry","category-vaticano"],"_links":{"self":[{"href":"https:\/\/catolicanet.net\/wp-cnet\/wp-json\/wp\/v2\/posts\/50299","targetHints":{"allow":["GET"]}}],"collection":[{"href":"https:\/\/catolicanet.net\/wp-cnet\/wp-json\/wp\/v2\/posts"}],"about":[{"href":"https:\/\/catolicanet.net\/wp-cnet\/wp-json\/wp\/v2\/types\/post"}],"author":[{"embeddable":true,"href":"https:\/\/catolicanet.net\/wp-cnet\/wp-json\/wp\/v2\/users\/1"}],"replies":[{"embeddable":true,"href":"https:\/\/catolicanet.net\/wp-cnet\/wp-json\/wp\/v2\/comments?post=50299"}],"version-history":[{"count":3,"href":"https:\/\/catolicanet.net\/wp-cnet\/wp-json\/wp\/v2\/posts\/50299\/revisions"}],"predecessor-version":[{"id":50304,"href":"https:\/\/catolicanet.net\/wp-cnet\/wp-json\/wp\/v2\/posts\/50299\/revisions\/50304"}],"wp:featuredmedia":[{"embeddable":true,"href":"https:\/\/catolicanet.net\/wp-cnet\/wp-json\/wp\/v2\/media\/50300"}],"wp:attachment":[{"href":"https:\/\/catolicanet.net\/wp-cnet\/wp-json\/wp\/v2\/media?parent=50299"}],"wp:term":[{"taxonomy":"category","embeddable":true,"href":"https:\/\/catolicanet.net\/wp-cnet\/wp-json\/wp\/v2\/categories?post=50299"},{"taxonomy":"post_tag","embeddable":true,"href":"https:\/\/catolicanet.net\/wp-cnet\/wp-json\/wp\/v2\/tags?post=50299"}],"curies":[{"name":"wp","href":"https:\/\/api.w.org\/{rel}","templated":true}]}}