{"id":5029,"date":"2014-08-25T14:43:37","date_gmt":"2014-08-25T17:43:37","guid":{"rendered":"http:\/\/catolicanet.net\/wp-cnet\/quem-e-jesus-3\/"},"modified":"2017-04-06T13:22:58","modified_gmt":"2017-04-06T16:22:58","slug":"quem-e-jesus-3","status":"publish","type":"post","link":"https:\/\/catolicanet.net\/wp-cnet\/quem-e-jesus-3\/","title":{"rendered":"Quem \u00e9 Jesus?"},"content":{"rendered":"<p style=\"text-align: justify;\">Jesus \u00e9 o Messias, aquele que se p\u00f4s a servi\u00e7o do Pai para comunicar a vida. Seu projeto \u00e9 realizar o desejo do Pai, que \u00e9 fazer-nos conquistar a salva\u00e7\u00e3o. Os que assumem com Ele esse projeto recebem o poder de ligar-desligar, isto \u00e9, de provocar um julgamento em torno do que favorece ou impede a vida. Esse poder delegado, em aberto conflito com as for\u00e7as da morte, se traduz em servi\u00e7o para o bem comum.<br \/>Sim\u00e3o Pedro atreve-se a colocar um nome em Jesus, a dizer-lhe quem Ele \u00e9, a defini-lo: \u201cTu \u00e9s o Messias, o filho de Deus vivo!\u201d<br \/>Mas, o que significam essas palavras? O que \u00e9 que elas significaram para Pedro? Podemos supor que Messias recordava a Pedro as velhas hist\u00f3rias de liberta\u00e7\u00e3o de seu povo. Para um povo como o judeu, que vivia, naquela \u00e9poca, sob a domina\u00e7\u00e3o romana, liberta\u00e7\u00e3o n\u00e3o poderia ter outro sentido que o de liberta\u00e7\u00e3o pol\u00edtica. Finalmente, Deus se manifestava claramente a favor de seu povo. Isto n\u00e3o significa que Pedro sentisse \u00f3dio pelos romanos, mas n\u00e3o seria uma leg\u00edtima aspira\u00e7\u00e3o a busca da liberdade tanto das pessoas como dos povos?<br \/>Ao dizer que Jesus era o Messias, Pedro estava expressando a sua f\u00e9 em um Deus libertador, um Deus que apoiava a liberdade do seu povo para tomar as suas pr\u00f3prias decis\u00f5es e ser, assim, dono de seu destino.<br \/>Pedro, no entanto, disse tamb\u00e9m que Jesus era \u201co filho de Deus vivo\u201d Ele n\u00e3o tinha clareza sobre o significado de Filho de Deus. Provavelmente, o que Pedro procurou sublinhar foi a especial rela\u00e7\u00e3o que percebia entre Jesus e Deus, aquele a quem Jesus chamava de seu Ab\u00e1, seu Papai. Tratava-se de uma rela\u00e7\u00e3o especial de amor, de carinho e de m\u00fatua entrega. Mas, al\u00e9m disso, Pedro diz que Jesus \u00e9 o Filho de Deus vivo. Esta \u00e9 outra informa\u00e7\u00e3o importante para ser assinalada. A vida \u00e9 o que n\u00f3s, humanos, temos de melhor. \u00c9, possivelmente a \u00fanica coisa que temos. Quando pensamos em Deus, pensamos na vida, mas n\u00e3o na nossa, sempre cercada pela morte, mas na vida plena, para sempre verdadeira. Jesus \u00e9 o Filho de Deus vivo porque, desta maneira, Pedro o via. Era capaz de comunicar a vida aos que estavam ao seu redor, aos que encontrava, a seus amigos.<br \/>No final, Pedro confessou que Jesus preenchia totalmente suas expectativas de liberta\u00e7\u00e3o e de vida, que em Jesus encontrava uma oportunidade de sair desse c\u00edrculo fatal de escravid\u00e3o e morte em que n\u00f3s nos vemos envoltos.<br \/>Perguntemos a n\u00f3s mesmos: Ser\u00e1 que j\u00e1 refletimos sobre isto? Cabe a cada um de n\u00f3s refletir e colocar Jesus no seu devido lugar em nossa vida.<\/p>\n","protected":false},"excerpt":{"rendered":"<p>Jesus \u00e9 o Messias, aquele que se p\u00f4s a servi\u00e7o do Pai para comunicar a vida. Seu projeto \u00e9 realizar o desejo do Pai, que \u00e9 fazer-nos conquistar a salva\u00e7\u00e3o. Os que assumem com Ele esse projeto recebem o poder de ligar-desligar, isto \u00e9, de provocar um julgamento em torno do que favorece ou impede [&hellip;]<\/p>\n","protected":false},"author":10,"featured_media":0,"comment_status":"closed","ping_status":"closed","sticky":false,"template":"","format":"standard","meta":{"footnotes":""},"categories":[9],"tags":[],"class_list":["post-5029","post","type-post","status-publish","format-standard","hentry","category-artigos"],"_links":{"self":[{"href":"https:\/\/catolicanet.net\/wp-cnet\/wp-json\/wp\/v2\/posts\/5029","targetHints":{"allow":["GET"]}}],"collection":[{"href":"https:\/\/catolicanet.net\/wp-cnet\/wp-json\/wp\/v2\/posts"}],"about":[{"href":"https:\/\/catolicanet.net\/wp-cnet\/wp-json\/wp\/v2\/types\/post"}],"author":[{"embeddable":true,"href":"https:\/\/catolicanet.net\/wp-cnet\/wp-json\/wp\/v2\/users\/10"}],"replies":[{"embeddable":true,"href":"https:\/\/catolicanet.net\/wp-cnet\/wp-json\/wp\/v2\/comments?post=5029"}],"version-history":[{"count":1,"href":"https:\/\/catolicanet.net\/wp-cnet\/wp-json\/wp\/v2\/posts\/5029\/revisions"}],"predecessor-version":[{"id":9925,"href":"https:\/\/catolicanet.net\/wp-cnet\/wp-json\/wp\/v2\/posts\/5029\/revisions\/9925"}],"wp:attachment":[{"href":"https:\/\/catolicanet.net\/wp-cnet\/wp-json\/wp\/v2\/media?parent=5029"}],"wp:term":[{"taxonomy":"category","embeddable":true,"href":"https:\/\/catolicanet.net\/wp-cnet\/wp-json\/wp\/v2\/categories?post=5029"},{"taxonomy":"post_tag","embeddable":true,"href":"https:\/\/catolicanet.net\/wp-cnet\/wp-json\/wp\/v2\/tags?post=5029"}],"curies":[{"name":"wp","href":"https:\/\/api.w.org\/{rel}","templated":true}]}}