{"id":5027,"date":"2014-08-25T14:41:03","date_gmt":"2014-08-25T17:41:03","guid":{"rendered":"http:\/\/catolicanet.net\/wp-cnet\/missao-da-comunidade\/"},"modified":"2017-04-06T13:22:05","modified_gmt":"2017-04-06T16:22:05","slug":"missao-da-comunidade","status":"publish","type":"post","link":"https:\/\/catolicanet.net\/wp-cnet\/missao-da-comunidade\/","title":{"rendered":"Miss\u00e3o da comunidade"},"content":{"rendered":"<p style=\"text-align: justify;\">Tomando comunidade como um \u201cagrupamento de pessoas\u201d que alvejam objetivos comuns, \u00e9 fundamental que as realiza\u00e7\u00f5es n\u00e3o sejam imediatas, mas fruto de reflex\u00f5es e compromissos aut\u00eanticos. A coer\u00eancia \u00e9 entendida como testemunho de fidelidade aos objetivos assumidos individual e coletivamente. Para os crist\u00e3os, a f\u00e9 \u00e9 base para sua conduta de vida e de constru\u00e7\u00e3o social e comunit\u00e1ria.<br \/>Na pr\u00e1tica normal da vida as pessoas s\u00e3o seduzidas pelas circunst\u00e2ncias que as cercam. S\u00e3o sedu\u00e7\u00f5es para fazer o bem, construir situa\u00e7\u00f5es que elevam a qualidade de vida do povo, ou que alienam e enfraquecem os objetivos de vida. A sedu\u00e7\u00e3o pode ser destinada ao individualismo e a privil\u00e9gio de poucos, dificultando o aspecto coletivo e o bem de todos.<br \/>Na diversidade e riqueza que constituem os novos tempos e o individualismo reinante, fica at\u00e9 muito dif\u00edcil falar de miss\u00e3o da comunidade e, assim, construir a unidade. A escolha de novos l\u00edderes para o exerc\u00edcio de uma caminhada mais comum deveria favorecer a constru\u00e7\u00e3o de uma sociedade mais comprometida, mais respons\u00e1vel e com objetivos comuns. Mas isto n\u00e3o tem acontecido.<br \/>Uma comunidade s\u00f3 consegue produzir frutos de vida mais saud\u00e1vel quando suas lideran\u00e7as n\u00e3o est\u00e3o preocupadas apenas com sucesso, mas com enfrentamento corajoso e determinado. No conceito crist\u00e3o, \u00e9 ser capaz de enfrentar a via da cruz, como o fez Jesus Cristo. O l\u00edder tem que identificar-se com os anseios do povo.<br \/>N\u00e3o \u00e9 f\u00e1cil renunciar aos pr\u00f3prios anseios para defender as causas da comunidade. Para isto \u00e9 preciso arriscar a vida e agir com fidelidade na constru\u00e7\u00e3o daquilo \u201cque conta\u201d para a coletividade. Isto sup\u00f5e verdade e sensibilidade para com as necessidades mais prementes da atualidade. Deve ser a preocupa\u00e7\u00e3o de cada l\u00edder.<br \/>\u00c9 importante construir consci\u00eancia cr\u00edtica diante da cultura moderna e n\u00e3o ser conivente com pr\u00e1ticas que mais destroem do que constroem. Ao pensar em categorias humanas na comunidade, elas n\u00e3o podem estar em contradi\u00e7\u00e3o com o projeto de Deus. Do contr\u00e1rio, tornamo-nos pedras de trope\u00e7o para as pessoas, dificultando a plenitude da vida.<\/p>\n","protected":false},"excerpt":{"rendered":"<p>Tomando comunidade como um \u201cagrupamento de pessoas\u201d que alvejam objetivos comuns, \u00e9 fundamental que as realiza\u00e7\u00f5es n\u00e3o sejam imediatas, mas fruto de reflex\u00f5es e compromissos aut\u00eanticos. A coer\u00eancia \u00e9 entendida como testemunho de fidelidade aos objetivos assumidos individual e coletivamente. Para os crist\u00e3os, a f\u00e9 \u00e9 base para sua conduta de vida e de constru\u00e7\u00e3o [&hellip;]<\/p>\n","protected":false},"author":11,"featured_media":0,"comment_status":"closed","ping_status":"closed","sticky":false,"template":"","format":"standard","meta":{"footnotes":""},"categories":[9],"tags":[],"class_list":["post-5027","post","type-post","status-publish","format-standard","hentry","category-artigos"],"_links":{"self":[{"href":"https:\/\/catolicanet.net\/wp-cnet\/wp-json\/wp\/v2\/posts\/5027","targetHints":{"allow":["GET"]}}],"collection":[{"href":"https:\/\/catolicanet.net\/wp-cnet\/wp-json\/wp\/v2\/posts"}],"about":[{"href":"https:\/\/catolicanet.net\/wp-cnet\/wp-json\/wp\/v2\/types\/post"}],"author":[{"embeddable":true,"href":"https:\/\/catolicanet.net\/wp-cnet\/wp-json\/wp\/v2\/users\/11"}],"replies":[{"embeddable":true,"href":"https:\/\/catolicanet.net\/wp-cnet\/wp-json\/wp\/v2\/comments?post=5027"}],"version-history":[{"count":1,"href":"https:\/\/catolicanet.net\/wp-cnet\/wp-json\/wp\/v2\/posts\/5027\/revisions"}],"predecessor-version":[{"id":9923,"href":"https:\/\/catolicanet.net\/wp-cnet\/wp-json\/wp\/v2\/posts\/5027\/revisions\/9923"}],"wp:attachment":[{"href":"https:\/\/catolicanet.net\/wp-cnet\/wp-json\/wp\/v2\/media?parent=5027"}],"wp:term":[{"taxonomy":"category","embeddable":true,"href":"https:\/\/catolicanet.net\/wp-cnet\/wp-json\/wp\/v2\/categories?post=5027"},{"taxonomy":"post_tag","embeddable":true,"href":"https:\/\/catolicanet.net\/wp-cnet\/wp-json\/wp\/v2\/tags?post=5027"}],"curies":[{"name":"wp","href":"https:\/\/api.w.org\/{rel}","templated":true}]}}