{"id":50263,"date":"2019-06-18T09:56:37","date_gmt":"2019-06-18T12:56:37","guid":{"rendered":"http:\/\/catolicanet.net\/wp-cnet\/?p=50263"},"modified":"2019-06-18T09:56:37","modified_gmt":"2019-06-18T12:56:37","slug":"morre-dom-moacyr-grechi-bispo-emerito-de-porto-velho-ro-aos-83-anos","status":"publish","type":"post","link":"https:\/\/catolicanet.net\/wp-cnet\/morre-dom-moacyr-grechi-bispo-emerito-de-porto-velho-ro-aos-83-anos\/","title":{"rendered":"Morre dom Moacyr Grechi, bispo em\u00e9rito de Porto Velho (RO), aos 83 anos"},"content":{"rendered":"<p>O arcebispo em\u00e9rito de Porto Velho (RO), dom Moacyr Grechi faleceu na tarde desta segunda-feira (17), na capital do Estado de Rond\u00f4nia. Dom Moacir foi arcebispo de Rio Branco de 1972 a 1998.<\/p>\n<p>Seu lema episcopal era: \u201cO \u00faltimo de todos e o servo de todos\u201d!<\/p>\n<p>Sempre sens\u00edvel \u00e0 causa dos que sofrem, assumiu a defesa dos ind\u00edgenas, dos seringueiros e dos trabalhadores rurais. Foi um dos criadores do Conselho Indigenista Mission\u00e1rio (CIMI) e da Comiss\u00e3o Pastoral da Terra (CPT), entidade que presidiu por oito anos.<\/p>\n<p>Al\u00e9m disso, participou da cria\u00e7\u00e3o da Faculdade Cat\u00f3lica de Rond\u00f4nia, bem como da Comiss\u00e3o Justi\u00e7a e Paz.<\/p>\n<p>Atuou ainda como delegado da Confer\u00eancia Nacional dos Bispos do Brasil (CNBB) na Confer\u00eancia de Aparecida que aconteceu em maio de 2007. Dom Moacir tamb\u00e9m era membro da Comiss\u00e3o da Amaz\u00f4nia, embora nos \u00faltimos tempos estivesse afastado por raz\u00f5es de sa\u00fade.<\/p>\n<blockquote><p><strong>Nota de Condol\u00eancias da CNBB pelo falecimento de Moacyr Grechi<\/strong><\/p>\n<p>Bras\u00edlia, 18 de junho de 2019<\/p>\n<p>Prezado irm\u00e3o, dom Roque Paloschi, arcebispo de Porto velho (RO)<\/p>\n<p>A Confer\u00eancia Nacional dos Bispos do Brasil (CNBB), com o olhar fixo em Cristo Ressuscitado e na certeza de que a vida \u00e9 mais forte que a morte, se solidariza com o Arcebispo de Porto velho (RO) dom Roque Paloschi, com os familiares de dom Moacyr e com a comunidade de Porto Velho, que o teve como zeloso pastor por longos e fecundos anos.<\/p>\n<p>Que o seu testemunho de amor aos mais vulner\u00e1veis permane\u00e7a gravado, de modo indel\u00e9vel, em cada cora\u00e7\u00e3o. Que o legado mission\u00e1rio deste nosso irm\u00e3o no episcopado nos anime na constru\u00e7\u00e3o do Reino de Deus.<\/p>\n<p>Em Cristo,<\/p>\n<p>Dom Walmor Oliveira de Azevedo<br \/>\nArcebispo de Belo Horizonte (MG)<br \/>\nPresidente da CNBB<\/p>\n<p>Dom Jaime Spengler<br \/>\nArcebispo de Porto Alegre (RS)<br \/>\nPrimeiro Vice-Presidente da CNBB<\/p>\n<p>Dom M\u00e1rio Ant\u00f4nio da Silva<br \/>\nBispo de Roraima (RR)<br \/>\nSegundo Vice-Presidente da CNBB<\/p>\n<p>Dom Joel Portella Amado<br \/>\nBispo auxiliar da arquidiocese de S\u00e3o Sebasti\u00e3o do Rio de Janeiro (RJ)<br \/>\nSecret\u00e1rio-geral da CNBB<\/p><\/blockquote>\n","protected":false},"excerpt":{"rendered":"<p>O arcebispo em\u00e9rito de Porto Velho (RO), dom Moacyr Grechi faleceu na tarde desta segunda-feira (17), na capital do Estado de Rond\u00f4nia. Dom Moacir foi arcebispo de Rio Branco de 1972 a 1998. Seu lema episcopal era: \u201cO \u00faltimo de todos e o servo de todos\u201d! Sempre sens\u00edvel \u00e0 causa dos que sofrem, assumiu a [&hellip;]<\/p>\n","protected":false},"author":1,"featured_media":50264,"comment_status":"open","ping_status":"closed","sticky":false,"template":"","format":"standard","meta":{"footnotes":""},"categories":[7],"tags":[],"class_list":["post-50263","post","type-post","status-publish","format-standard","has-post-thumbnail","hentry","category-cnbb"],"_links":{"self":[{"href":"https:\/\/catolicanet.net\/wp-cnet\/wp-json\/wp\/v2\/posts\/50263","targetHints":{"allow":["GET"]}}],"collection":[{"href":"https:\/\/catolicanet.net\/wp-cnet\/wp-json\/wp\/v2\/posts"}],"about":[{"href":"https:\/\/catolicanet.net\/wp-cnet\/wp-json\/wp\/v2\/types\/post"}],"author":[{"embeddable":true,"href":"https:\/\/catolicanet.net\/wp-cnet\/wp-json\/wp\/v2\/users\/1"}],"replies":[{"embeddable":true,"href":"https:\/\/catolicanet.net\/wp-cnet\/wp-json\/wp\/v2\/comments?post=50263"}],"version-history":[{"count":1,"href":"https:\/\/catolicanet.net\/wp-cnet\/wp-json\/wp\/v2\/posts\/50263\/revisions"}],"predecessor-version":[{"id":50265,"href":"https:\/\/catolicanet.net\/wp-cnet\/wp-json\/wp\/v2\/posts\/50263\/revisions\/50265"}],"wp:featuredmedia":[{"embeddable":true,"href":"https:\/\/catolicanet.net\/wp-cnet\/wp-json\/wp\/v2\/media\/50264"}],"wp:attachment":[{"href":"https:\/\/catolicanet.net\/wp-cnet\/wp-json\/wp\/v2\/media?parent=50263"}],"wp:term":[{"taxonomy":"category","embeddable":true,"href":"https:\/\/catolicanet.net\/wp-cnet\/wp-json\/wp\/v2\/categories?post=50263"},{"taxonomy":"post_tag","embeddable":true,"href":"https:\/\/catolicanet.net\/wp-cnet\/wp-json\/wp\/v2\/tags?post=50263"}],"curies":[{"name":"wp","href":"https:\/\/api.w.org\/{rel}","templated":true}]}}