{"id":5025,"date":"2014-08-25T13:29:36","date_gmt":"2014-08-25T16:29:36","guid":{"rendered":"http:\/\/catolicanet.net\/wp-cnet\/papa-escolhe-tema-para-o-dia-mundial-da-paz-2015\/"},"modified":"2017-04-06T13:21:12","modified_gmt":"2017-04-06T16:21:12","slug":"papa-escolhe-tema-para-o-dia-mundial-da-paz-2015","status":"publish","type":"post","link":"https:\/\/catolicanet.net\/wp-cnet\/papa-escolhe-tema-para-o-dia-mundial-da-paz-2015\/","title":{"rendered":"Papa escolhe tema para o Dia Mundial da Paz 2015"},"content":{"rendered":"<p><img decoding=\"async\" src=\"http:\/\/catolicanet.com.br\/images\/stories\/papafranc.jpg\" border=\"0\" align=\"left\" \/>A luta contra a escravid\u00e3o no mundo contempor\u00e2neo \u00e9 a tem\u00e1tica escolhida pelo papa Francisco para reflex\u00e3o do Dia Mundial da Paz, que ser\u00e1 celebrado em 1\u00ba de janeiro de 2015. <\/p>\n<p>Em um comunicado, o Vaticano tamb\u00e9m informou o lema \u201cN\u00e3o mais escravos, mas irm\u00e3os&#8221;. A proposta \u00e9 promover a\u00e7\u00f5es contra o tr\u00e1fico de seres humanos. <\/p>\n<p>Em v\u00e1rias ocasi\u00f5es, Francisco classificou esta pr\u00e1tica como uma praga do s\u00e9culo XXI, convocando especialistas para discutir a quest\u00e3o e elaborar a\u00e7\u00f5es de combate ao tr\u00e1fico humano.<\/p>\n<p>De acordo com o texto divulgado pela Santa S\u00e9, a realidade da escravid\u00e3o n\u00e3o \u00e9 algo do passado, mas um flagelo social muito presente. &#8220;A escravid\u00e3o tem muitos rostos abomin\u00e1veis: o tr\u00e1fico de seres humanos, o tr\u00e1fico de imigrantes e a prostitui\u00e7\u00e3o, a escravid\u00e3o no trabalho, a explora\u00e7\u00e3o do homem pelo homem (&#8230;). Os indiv\u00edduos e os grupos especulam sobre esta escravid\u00e3o, beneficiando-se dos conflitos no mundo, do contexto de crise econ\u00f4mica e da corrup\u00e7\u00e3o&#8221;, afirma o texto.<\/p>\n<p>\u00a0<\/p>\n<p>Fonte: CNBB<\/p>\n","protected":false},"excerpt":{"rendered":"<p>A luta contra a escravid\u00e3o no mundo contempor\u00e2neo \u00e9 a tem\u00e1tica escolhida pelo papa Francisco para reflex\u00e3o do Dia Mundial da Paz, que ser\u00e1 celebrado em 1\u00ba de janeiro de 2015. Em um comunicado, o Vaticano tamb\u00e9m informou o lema \u201cN\u00e3o mais escravos, mas irm\u00e3os&#8221;. A proposta \u00e9 promover a\u00e7\u00f5es contra o tr\u00e1fico de seres [&hellip;]<\/p>\n","protected":false},"author":1,"featured_media":0,"comment_status":"closed","ping_status":"closed","sticky":false,"template":"","format":"standard","meta":{"footnotes":""},"categories":[3],"tags":[],"class_list":["post-5025","post","type-post","status-publish","format-standard","hentry","category-vaticano"],"_links":{"self":[{"href":"https:\/\/catolicanet.net\/wp-cnet\/wp-json\/wp\/v2\/posts\/5025","targetHints":{"allow":["GET"]}}],"collection":[{"href":"https:\/\/catolicanet.net\/wp-cnet\/wp-json\/wp\/v2\/posts"}],"about":[{"href":"https:\/\/catolicanet.net\/wp-cnet\/wp-json\/wp\/v2\/types\/post"}],"author":[{"embeddable":true,"href":"https:\/\/catolicanet.net\/wp-cnet\/wp-json\/wp\/v2\/users\/1"}],"replies":[{"embeddable":true,"href":"https:\/\/catolicanet.net\/wp-cnet\/wp-json\/wp\/v2\/comments?post=5025"}],"version-history":[{"count":1,"href":"https:\/\/catolicanet.net\/wp-cnet\/wp-json\/wp\/v2\/posts\/5025\/revisions"}],"predecessor-version":[{"id":9921,"href":"https:\/\/catolicanet.net\/wp-cnet\/wp-json\/wp\/v2\/posts\/5025\/revisions\/9921"}],"wp:attachment":[{"href":"https:\/\/catolicanet.net\/wp-cnet\/wp-json\/wp\/v2\/media?parent=5025"}],"wp:term":[{"taxonomy":"category","embeddable":true,"href":"https:\/\/catolicanet.net\/wp-cnet\/wp-json\/wp\/v2\/categories?post=5025"},{"taxonomy":"post_tag","embeddable":true,"href":"https:\/\/catolicanet.net\/wp-cnet\/wp-json\/wp\/v2\/tags?post=5025"}],"curies":[{"name":"wp","href":"https:\/\/api.w.org\/{rel}","templated":true}]}}