{"id":50248,"date":"2019-06-18T09:26:13","date_gmt":"2019-06-18T12:26:13","guid":{"rendered":"http:\/\/catolicanet.net\/wp-cnet\/?p=50248"},"modified":"2019-06-18T09:27:27","modified_gmt":"2019-06-18T12:27:27","slug":"papa-opor-se-a-logica-do-mundo-que-busca-o-sucesso-e-construir-a-paz","status":"publish","type":"post","link":"https:\/\/catolicanet.net\/wp-cnet\/papa-opor-se-a-logica-do-mundo-que-busca-o-sucesso-e-construir-a-paz\/","title":{"rendered":"Papa: opor-se \u00e0 l\u00f3gica do mundo que busca o sucesso e construir a paz"},"content":{"rendered":"<div class=\"article__subTitle\">Francisco de Assis &#8220;pede a voc\u00eas para serem menores, seguindo o exemplo de Jesus que n\u00e3o veio para ser servido, mas para servir&#8221;, disse o Papa aos Frades Menores Conventuais.<\/div>\n<div class=\"title__separator\"><\/div>\n<div class=\"article__text\">\n<p><b>Mariangela Jaguraba &#8211; Cidade do Vaticano<\/b><\/p>\n<p>O Papa Francisco recebeu em audi\u00eancia, nesta segunda-feira (17\/06), na Sala Clementina, no Vaticano, os participantes do <b>Cap\u00edtulo Geral da Ordem dos Frades Menores Conventuais.<\/b><\/p>\n<p>O Pont\u00edfice lembrou que, recentemente, a Santa S\u00e9 aprovou as Constitui\u00e7\u00f5es renovadas da ordem. \u201cAs Constitui\u00e7\u00f5es s\u00e3o um instrumento necess\u00e1rio para defender o patrim\u00f4nio carism\u00e1tico de um Instituto e garantir a transmiss\u00e3o futura. As Constitui\u00e7\u00f5es expressam a modalidade concreta da sequela de Cristo proposta pelo Evangelho, regra absoluta de vida para todos os consagrados e particularmente para os seguidores de S\u00e3o Francisco de Assis, que na profiss\u00e3o, se comprometem a \u00abviver segundo o santo Evangelho\u00bb\u201d, sublinhou o Papa.<\/p>\n<div>\n<div class=\"article__embed article__embed--unwrap article__embed--dark\">\n<div class=\"article__innerTitle\">Ou\u00e7a a reportagem<\/div>\n<!--[if lt IE 9]><script>document.createElement('audio');<\/script><![endif]-->\n<audio class=\"wp-audio-shortcode\" id=\"audio-50248-1\" preload=\"none\" style=\"width: 100%;\" controls=\"controls\"><source type=\"audio\/mpeg\" src=\"https:\/\/media.vaticannews.va\/media\/audio\/s1\/2019\/06\/17\/13\/135089843_F135089843.mp3?_=1\" \/><a href=\"https:\/\/media.vaticannews.va\/media\/audio\/s1\/2019\/06\/17\/13\/135089843_F135089843.mp3\">https:\/\/media.vaticannews.va\/media\/audio\/s1\/2019\/06\/17\/13\/135089843_F135089843.mp3<\/a><\/audio>\n<\/div>\n<\/div>\n<p>\u201cO Evangelho \u00e9 para voc\u00eas, queridos irm\u00e3os, regra e vida. A miss\u00e3o de voc\u00eas \u00e9 ser evangelho vivo, \u00abexegese viva da Palavra\u00bb\u201d, disse ainda o Pont\u00edfice.<\/p>\n<div>\n<div class=\"article__embed article__embed--border embed_style\">\n<blockquote><p>\u201c Este caminho de sequela se destaca pela fraternidade, que Francisco sentia como um dom. \u201d<\/p><\/blockquote>\n<\/div>\n<\/div>\n<p>\u00abO Senhor me concedeu irm\u00e3os\u00bb. <b>A fraternidade \u00e9 um dom que deve ser acolhido com gratid\u00e3o.<\/b> \u00c9 uma realidade sempre em caminho, em constru\u00e7\u00e3o e pede a contribui\u00e7\u00e3o de todos, sem que ningu\u00e9m se exclua ou seja exclu\u00eddo\u201d, uma realidade \u201cem que n\u00e3o h\u00e1 consumidores, mas construtores. Uma realidade em que podem ser vividos percursos de aprendizagem cont\u00ednua, de abertura ao outro, de interc\u00e2mbio, uma realidade acolhedora, disposta e dispon\u00edvel a acompanhar, uma realidade em que \u00e9 poss\u00edvel fazer uma pausa na vida cotidiana para cultivar o sil\u00eancio e o olhar contemplativo e reconhecer nela a marca de Deus, uma realidade em que todos se consideram irm\u00e3os, seja os ministros seja outros membros da fraternidade, uma experi\u00eancia em que cada um \u00e9 chamado a amar e nutrir o seu irm\u00e3o, como uma m\u00e3e que ama e alimenta o pr\u00f3prio filho.\u201d<\/p>\n<h2>Alimentar a fraternidade<\/h2>\n<p>O Papa convidou os Frades Menores Conventuais a alimentar a fraternidade com o esp\u00edrito da santa ora\u00e7\u00e3o e devo\u00e7\u00e3o, \u201cao qual todas as outras coisas temporais devem servir\u201d. \u201cDessa forma, a sua vida fraterna em comunidade se torna uma forma de profecia na Igreja e no mundo; e se torna uma escola de comunh\u00e3o, que deve ser praticada, seguindo o exemplo de S\u00e3o Francisco, em rela\u00e7\u00e3o de amor e obedi\u00eancia aos Pastores\u201d.<\/p>\n<p>A seguir, o Papa destacou <b>outra caracter\u00edstica da forma de vida dos Frades Menores Conventuais:<\/b> <b>a minoria.<\/b><\/p>\n<div>\n<div class=\"article__embed article__embed--border embed_style\">\n<blockquote><p>\u201c Esta \u00e9 uma escolha dif\u00edcil porque se op\u00f5e \u00e0 l\u00f3gica do mundo que busca o sucesso a todo custo, deseja ocupar os primeiros lugares e ser considerado como senhores. \u201d<\/p><\/blockquote>\n<\/div>\n<\/div>\n<p>\u201cFrancisco pede a voc\u00eas para serem menores, seguindo o exemplo de Jesus que n\u00e3o veio para ser servido, mas para servir e nos diz: \u00abQuem de voc\u00eas quiser ser grande, deve tornar-se o servidor de voc\u00eas, e quem de voc\u00eas quiser ser o primeiro, dever\u00e1 tornar-se o servo de todos\u00bb. Que esta seja a \u00fanica ambi\u00e7\u00e3o de voc\u00eas: ser servos, servir uns aos outros. Se voc\u00eas viverem assim, a sua exist\u00eancia ser\u00e1 uma profecia neste mundo em que a ambi\u00e7\u00e3o do poder \u00e9 uma grande tenta\u00e7\u00e3o.\u201d<\/p>\n<h2>Paz e reconcilia\u00e7\u00e3o<\/h2>\n<p>\u201cPreguem a paz. A sauda\u00e7\u00e3o franciscana que os distingue \u00e9 \u2018Paz e bem\u2019! \u201cShalom we tob\u201d, disse o Papa em hebraico, ressaltando que a tradu\u00e7\u00e3o \u00e9 \u201creconcilia\u00e7\u00e3o, reconcilia\u00e7\u00e3o com si mesmo, com Deus, com os outros e com as criaturas, ou seja, viver em harmonia: paz que leva \u00e0 harmonia\u201d.<\/p>\n<p>\u201c\u00c9 uma reconcilia\u00e7\u00e3o em c\u00edrculos conc\u00eantricos, que parte do cora\u00e7\u00e3o e se estende ao universo, mas na realidade tem in\u00edcio do cora\u00e7\u00e3o de Deus, do cora\u00e7\u00e3o de Cristo.&#8221;<\/p>\n<div>\n<div class=\"article__embed article__embed--border embed_style\">\n<blockquote><p>\u201c A reconcilia\u00e7\u00e3o \u00e9 o prel\u00fadio da paz que Jesus nos deixou. Uma paz que n\u00e3o \u00e9 aus\u00eancia de problemas, mas que vem com a presen\u00e7a de Deus em n\u00f3s e se manifesta em tudo o que somos, fazemos e dizemos. \u201d<\/p><\/blockquote>\n<\/div>\n<\/div>\n<p>&#8220;Que voc\u00eas sejam mensageiros da paz, primeiramente com a vida e depois com as palavras. <b>Que voc\u00eas sejam instrumentos de perd\u00e3o e miseric\u00f3rdia em todos os momentos.<\/b> Somente quem tem o cora\u00e7\u00e3o reconciliado pode ser \u201cministro\u201d da miseric\u00f3rdia, construtor da paz.\u201d<\/p>\n<h2>Forma\u00e7\u00e3o adequada<\/h2>\n<p>Segundo o Papa, para tudo isso \u00e9 necess\u00e1ria uma forma\u00e7\u00e3o adequada. \u201cUm caminho de forma\u00e7\u00e3o que favore\u00e7a nos irm\u00e3os a plena conforma\u00e7\u00e3o a Cristo. Uma forma\u00e7\u00e3o integral que envolva todos as dimens\u00f5es da pessoa. Uma forma\u00e7\u00e3o personalizada e permanente, como um itiner\u00e1rio que dura a vida toda. Uma forma\u00e7\u00e3o do cora\u00e7\u00e3o que muda a nossa maneira de pensar, sentir e se comportar.&#8221;<\/p>\n<div>\n<div class=\"article__embed article__embed--border embed_style\">\n<blockquote><p>\u201c Uma forma\u00e7\u00e3o \u00e0 fidelidade, bem consciente de que hoje estamos vivendo na cultura do provis\u00f3rio, em que o \u2018para sempre\u2019 \u00e9 muito dif\u00edcil e as escolhas definitivas n\u00e3o est\u00e3o na moda. \u201d<\/p><\/blockquote>\n<\/div>\n<\/div>\n<p>Nesse contexto, Francisco sublinhou \u201ca necessidade de formadores s\u00f3lidos e experientes na escuta e nos caminhos que levam a Deus, capazes de acompanhar os outros ao longo deste caminho\u201d.<\/p>\n<p>\u201cFormadores que conhecem a arte do discernimento e do acompanhamento. S\u00f3 assim poderemos conter, pelo menos em parte, a hemorragia dos abandonos que afeta a vida sacerdotal e consagrada\u201d, concluiu o Papa.<\/p>\n<\/div>\n","protected":false},"excerpt":{"rendered":"<p>Francisco de Assis &#8220;pede a voc\u00eas para serem menores, seguindo o exemplo de Jesus que n\u00e3o veio para ser servido, mas para servir&#8221;, disse o Papa aos Frades Menores Conventuais. Mariangela Jaguraba &#8211; Cidade do Vaticano O Papa Francisco recebeu em audi\u00eancia, nesta segunda-feira (17\/06), na Sala Clementina, no Vaticano, os participantes do Cap\u00edtulo Geral [&hellip;]<\/p>\n","protected":false},"author":1,"featured_media":50249,"comment_status":"open","ping_status":"closed","sticky":false,"template":"","format":"standard","meta":{"footnotes":""},"categories":[3],"tags":[],"class_list":["post-50248","post","type-post","status-publish","format-standard","has-post-thumbnail","hentry","category-vaticano"],"_links":{"self":[{"href":"https:\/\/catolicanet.net\/wp-cnet\/wp-json\/wp\/v2\/posts\/50248","targetHints":{"allow":["GET"]}}],"collection":[{"href":"https:\/\/catolicanet.net\/wp-cnet\/wp-json\/wp\/v2\/posts"}],"about":[{"href":"https:\/\/catolicanet.net\/wp-cnet\/wp-json\/wp\/v2\/types\/post"}],"author":[{"embeddable":true,"href":"https:\/\/catolicanet.net\/wp-cnet\/wp-json\/wp\/v2\/users\/1"}],"replies":[{"embeddable":true,"href":"https:\/\/catolicanet.net\/wp-cnet\/wp-json\/wp\/v2\/comments?post=50248"}],"version-history":[{"count":1,"href":"https:\/\/catolicanet.net\/wp-cnet\/wp-json\/wp\/v2\/posts\/50248\/revisions"}],"predecessor-version":[{"id":50250,"href":"https:\/\/catolicanet.net\/wp-cnet\/wp-json\/wp\/v2\/posts\/50248\/revisions\/50250"}],"wp:featuredmedia":[{"embeddable":true,"href":"https:\/\/catolicanet.net\/wp-cnet\/wp-json\/wp\/v2\/media\/50249"}],"wp:attachment":[{"href":"https:\/\/catolicanet.net\/wp-cnet\/wp-json\/wp\/v2\/media?parent=50248"}],"wp:term":[{"taxonomy":"category","embeddable":true,"href":"https:\/\/catolicanet.net\/wp-cnet\/wp-json\/wp\/v2\/categories?post=50248"},{"taxonomy":"post_tag","embeddable":true,"href":"https:\/\/catolicanet.net\/wp-cnet\/wp-json\/wp\/v2\/tags?post=50248"}],"curies":[{"name":"wp","href":"https:\/\/api.w.org\/{rel}","templated":true}]}}