{"id":50231,"date":"2019-06-17T14:27:18","date_gmt":"2019-06-17T17:27:18","guid":{"rendered":"http:\/\/catolicanet.net\/wp-cnet\/?p=50231"},"modified":"2019-06-17T14:27:18","modified_gmt":"2019-06-17T17:27:18","slug":"dom-luigi-orione-pergunte-apenas-pela-sua-dor","status":"publish","type":"post","link":"https:\/\/catolicanet.net\/wp-cnet\/dom-luigi-orione-pergunte-apenas-pela-sua-dor\/","title":{"rendered":"Dom Luigi Orione: \u201cPergunte apenas pela sua dor\u201d"},"content":{"rendered":"<div class=\"post-content\">\n<p>Em suas anota\u00e7\u00f5es pessoais, a santa Madre Teresa conta: \u201cUm dia conversei com um sacerdote sobre amizades que nos afastam de Deus. Ele me confidenciou: \u2018Madre, para mim, Jesus \u00e9 tudo. Para outros apegos n\u00e3o me sobra tempo e nem espa\u00e7o\u2019. Isso foi para mim a explica\u00e7\u00e3o pela qual aquele sacerdote conduzia tantas pessoas a Deus: estava sempre em uni\u00e3o com Ele\u201d.<\/p>\n<p>\u00c9 esse o segredo dos santos. Eles est\u00e3o sempre em uni\u00e3o com Deus. E \u00e9 nesta rela\u00e7\u00e3o que eles realizam obras de miseric\u00f3rdia. Dom Luigi Orione, fundador da \u201cPequena Obra da Divina Provid\u00eancia\u201d, era, como dizia o Papa Jo\u00e3o Paulo I, \u201cum estrategista da miseric\u00f3rdia\u201d. Ele n\u00e3o falava muito; agia. Seu lema era: \u201cN\u00e3o pergunte quem \u00e9, o que \u00e9, ou se tem f\u00e9. Pergunte apenas pela sua dor\u201d. Com esse esp\u00edrito, ele fundou orfanatos e escolas profissionalizantes. Dizia que \u00e9 dessa forma\u00e7\u00e3o que depende o futuro dos jovens abandonados.<\/p>\n<h2 data-fontsize=\"30\" data-lineheight=\"39\">Levando Deus para o povo e o povo para Deus<\/h2>\n<p>A congrega\u00e7\u00e3o de Dom Orione mant\u00e9m h\u00e1 mais de 20 anos v\u00e1rios postos mission\u00e1rios que atendem centenas de fam\u00edlias cat\u00f3licas em Bardhaj, Alb\u00e2nia, na encosta das montanhas da diocese de Shkodra. Essas fam\u00edlias chegaram ao vale ap\u00f3s o fim da ditadura comunista, descendo do alto das montanhas, onde se escondiam do regime ateu. Vieram muito debilitadas, sem qualquer escolaridade, mas com Deus no cora\u00e7\u00e3o. Tr\u00eas mission\u00e1rios, Pe. Rolando, Pe. Dorian e Pe. Giuseppe dedicam-se a essas quatro mil pessoas, al\u00e9m de coordenarem mais quatro postos mission\u00e1rios na regi\u00e3o alta da montanha, que \u00e9 inacess\u00edvel sem um ve\u00edculo preparado. \u201cN\u00f3s rodamos cerca de 400 quil\u00f4metros por semana\u201d. N\u00e3o questionam; agem. Eles levam Deus para o povo e o povo para Deus.<\/p>\n<p>Dos quase tr\u00eas milh\u00f5es de albaneses, 60% s\u00e3o mu\u00e7ulmanos. Os cat\u00f3licos respondem por cerca de 10%, mas acima de tudo guardaram a f\u00e9 ao longo das d\u00e9cadas de ditadura ateia. Muitos n\u00e3o conhecem o catecismo. Eles aguardam com alegria os padres Rolando, Dorian e Giuseppe em suas aldeias nas montanhas. Quando a chegada deles atrasa muito, o povo j\u00e1 sabe que certamente o velho carro quebrou de novo, como tantas outras vezes aconteceu.<\/p>\n<p>O carro, na pr\u00e1tica, \u00e9 o que torna a miss\u00e3o poss\u00edvel, no entanto o tempo de uso deste ve\u00edculo p\u00f5e em risco o trabalho dos mission\u00e1rios. A ACN se comprometeu na compra de um novo ve\u00edculo. E para tanto, n\u00f3s contamos com voc\u00ea!<\/p>\n<\/div>\n","protected":false},"excerpt":{"rendered":"<p>Em suas anota\u00e7\u00f5es pessoais, a santa Madre Teresa conta: \u201cUm dia conversei com um sacerdote sobre amizades que nos afastam de Deus. Ele me confidenciou: \u2018Madre, para mim, Jesus \u00e9 tudo. Para outros apegos n\u00e3o me sobra tempo e nem espa\u00e7o\u2019. Isso foi para mim a explica\u00e7\u00e3o pela qual aquele sacerdote conduzia tantas pessoas a [&hellip;]<\/p>\n","protected":false},"author":1,"featured_media":50232,"comment_status":"open","ping_status":"closed","sticky":false,"template":"","format":"standard","meta":{"footnotes":""},"categories":[4],"tags":[],"class_list":["post-50231","post","type-post","status-publish","format-standard","has-post-thumbnail","hentry","category-cotidiano"],"_links":{"self":[{"href":"https:\/\/catolicanet.net\/wp-cnet\/wp-json\/wp\/v2\/posts\/50231","targetHints":{"allow":["GET"]}}],"collection":[{"href":"https:\/\/catolicanet.net\/wp-cnet\/wp-json\/wp\/v2\/posts"}],"about":[{"href":"https:\/\/catolicanet.net\/wp-cnet\/wp-json\/wp\/v2\/types\/post"}],"author":[{"embeddable":true,"href":"https:\/\/catolicanet.net\/wp-cnet\/wp-json\/wp\/v2\/users\/1"}],"replies":[{"embeddable":true,"href":"https:\/\/catolicanet.net\/wp-cnet\/wp-json\/wp\/v2\/comments?post=50231"}],"version-history":[{"count":1,"href":"https:\/\/catolicanet.net\/wp-cnet\/wp-json\/wp\/v2\/posts\/50231\/revisions"}],"predecessor-version":[{"id":50233,"href":"https:\/\/catolicanet.net\/wp-cnet\/wp-json\/wp\/v2\/posts\/50231\/revisions\/50233"}],"wp:featuredmedia":[{"embeddable":true,"href":"https:\/\/catolicanet.net\/wp-cnet\/wp-json\/wp\/v2\/media\/50232"}],"wp:attachment":[{"href":"https:\/\/catolicanet.net\/wp-cnet\/wp-json\/wp\/v2\/media?parent=50231"}],"wp:term":[{"taxonomy":"category","embeddable":true,"href":"https:\/\/catolicanet.net\/wp-cnet\/wp-json\/wp\/v2\/categories?post=50231"},{"taxonomy":"post_tag","embeddable":true,"href":"https:\/\/catolicanet.net\/wp-cnet\/wp-json\/wp\/v2\/tags?post=50231"}],"curies":[{"name":"wp","href":"https:\/\/api.w.org\/{rel}","templated":true}]}}