{"id":5021,"date":"2014-08-21T12:42:18","date_gmt":"2014-08-21T15:42:18","guid":{"rendered":"http:\/\/catolicanet.net\/wp-cnet\/congresso-de-catequese-do-regional-n2-aborda-os-desafios-da-nova-paroquia\/"},"modified":"2017-04-06T11:56:18","modified_gmt":"2017-04-06T14:56:18","slug":"congresso-de-catequese-do-regional-n2-aborda-os-desafios-da-nova-paroquia","status":"publish","type":"post","link":"https:\/\/catolicanet.net\/wp-cnet\/congresso-de-catequese-do-regional-n2-aborda-os-desafios-da-nova-paroquia\/","title":{"rendered":"Congresso de Catequese do regional N2 aborda os desafios da nova par\u00f3quia"},"content":{"rendered":"<p style=\"text-align: justify;\"><img decoding=\"async\" src=\"http:\/\/catolicanet.com.br\/images\/stories\/catequesen2.jpg\" border=\"0\" align=\"left\" \/>O 3\u00ba Congresso de Catequese do regional Norte 2 da Confer\u00eancia Nacional dos Bispos do Brasil (CNBB), ocorrido entre os dias 15 e 17 de agosto, no Centro de Forma\u00e7\u00e3o Laranjal, em Abaetetuba (PA), teve como tema \u201cA catequese frente ao desafio da nova par\u00f3quia: comunidade de comunidades\u201d. <\/p>\n<p>Aproximadamente 200 catequistas da arquidiocese, dioceses e prelazias foram ao encontro na expectativa de enriquecer a caminhada catequ\u00e9tica.<\/p>\n<p>A prepara\u00e7\u00e3o e a condu\u00e7\u00e3o dos trabalhos do Congresso estiveram sob a responsabilidade do bispo referencial do regional, dom Carlos Verzeletti; e da coordenadora, irm\u00e3 Adelaide Ata\u00edde; com a colabora\u00e7\u00e3o dos coordenadores diocesanos e o suporte da diocese que acolheu o evento.<\/p>\n<p>O encontro teve tamb\u00e9m a participa\u00e7\u00e3o do assessor da Comiss\u00e3o Episcopal Pastoral para a Anima\u00e7\u00e3o B\u00edblico-Catequ\u00e9tica da CNBB, padre D\u00e9cio Walker, al\u00e9m de outros assessores experientes que auxiliaram nas oficinas.<\/p>\n<p>Durante o Congresso,os participantes discutiram a catequese diante dos desafios da nova par\u00f3quia, como proposto pelo documento 100 da CNBB. A anima\u00e7\u00e3o, a liturgia e as apresenta\u00e7\u00f5es culturais reanimaram os catequistas para que prossigam na evangeliza\u00e7\u00e3o da Amaz\u00f4nia.<\/p>\n<p>De acordo com a coordena\u00e7\u00e3o de Anima\u00e7\u00e3o B\u00edblico- Catequ\u00e9tica do regional Norte 2, o encontro foi uma &#8220;bela e profunda experi\u00eancia com Deus, que os capacitou como catequistas para um ensinamento mais vivencial, experiencial, lit\u00fargico e b\u00edblico&#8221;<\/p>\n<p style=\"text-align: justify;\">Fonte: CNBB<\/p>\n","protected":false},"excerpt":{"rendered":"<p>O 3\u00ba Congresso de Catequese do regional Norte 2 da Confer\u00eancia Nacional dos Bispos do Brasil (CNBB), ocorrido entre os dias 15 e 17 de agosto, no Centro de Forma\u00e7\u00e3o Laranjal, em Abaetetuba (PA), teve como tema \u201cA catequese frente ao desafio da nova par\u00f3quia: comunidade de comunidades\u201d. Aproximadamente 200 catequistas da arquidiocese, dioceses e [&hellip;]<\/p>\n","protected":false},"author":1,"featured_media":0,"comment_status":"closed","ping_status":"closed","sticky":false,"template":"","format":"standard","meta":{"footnotes":""},"categories":[7],"tags":[],"class_list":["post-5021","post","type-post","status-publish","format-standard","hentry","category-cnbb"],"_links":{"self":[{"href":"https:\/\/catolicanet.net\/wp-cnet\/wp-json\/wp\/v2\/posts\/5021","targetHints":{"allow":["GET"]}}],"collection":[{"href":"https:\/\/catolicanet.net\/wp-cnet\/wp-json\/wp\/v2\/posts"}],"about":[{"href":"https:\/\/catolicanet.net\/wp-cnet\/wp-json\/wp\/v2\/types\/post"}],"author":[{"embeddable":true,"href":"https:\/\/catolicanet.net\/wp-cnet\/wp-json\/wp\/v2\/users\/1"}],"replies":[{"embeddable":true,"href":"https:\/\/catolicanet.net\/wp-cnet\/wp-json\/wp\/v2\/comments?post=5021"}],"version-history":[{"count":1,"href":"https:\/\/catolicanet.net\/wp-cnet\/wp-json\/wp\/v2\/posts\/5021\/revisions"}],"predecessor-version":[{"id":9917,"href":"https:\/\/catolicanet.net\/wp-cnet\/wp-json\/wp\/v2\/posts\/5021\/revisions\/9917"}],"wp:attachment":[{"href":"https:\/\/catolicanet.net\/wp-cnet\/wp-json\/wp\/v2\/media?parent=5021"}],"wp:term":[{"taxonomy":"category","embeddable":true,"href":"https:\/\/catolicanet.net\/wp-cnet\/wp-json\/wp\/v2\/categories?post=5021"},{"taxonomy":"post_tag","embeddable":true,"href":"https:\/\/catolicanet.net\/wp-cnet\/wp-json\/wp\/v2\/tags?post=5021"}],"curies":[{"name":"wp","href":"https:\/\/api.w.org\/{rel}","templated":true}]}}