{"id":5020,"date":"2014-08-21T12:30:56","date_gmt":"2014-08-21T15:30:56","guid":{"rendered":"http:\/\/catolicanet.net\/wp-cnet\/as-modernas-escravaturas-serao-tema-do-dia-mundial-da-paz\/"},"modified":"2017-04-06T11:55:55","modified_gmt":"2017-04-06T14:55:55","slug":"as-modernas-escravaturas-serao-tema-do-dia-mundial-da-paz","status":"publish","type":"post","link":"https:\/\/catolicanet.net\/wp-cnet\/as-modernas-escravaturas-serao-tema-do-dia-mundial-da-paz\/","title":{"rendered":"As modernas escravaturas ser\u00e3o tema do Dia Mundial da Paz"},"content":{"rendered":"<p style=\"text-align: justify;\"><img decoding=\"async\" src=\"http:\/\/catolicanet.com.br\/images\/stories\/diamundialdapaz.jpg\" border=\"0\" align=\"left\" \/>\u201cN\u00e3o mais escravos, mas irm\u00e3os\u201d. Este \u00e9 o t\u00edtulo da Mensagem para o 48\u00ba Dia Mundial da Paz, a segunda escrita pelo Papa Francisco. Na manh\u00e3 de quinta-feira, 21, o Pontif\u00edcio Conselho da Justi\u00e7a e da Paz divulgou o t\u00edtulo e a seguinte comunica\u00e7\u00e3o:<\/p>\n<p>Julga-se habitualmente que a escravatura seja um fato do passado. No entanto, esta praga social continua muito presente no mundo atual. A Mensagem para o 1\u00ba de Janeiro de 2014 era dedicada \u00e0 fraternidade: \u201cFraternidade, fundamento e caminho para a paz\u201d. De fato, uma vez que todos s\u00e3o filhos de Deus, os seres humanos s\u00e3o irm\u00e3os e irm\u00e3s com igual dignidade.<\/p>\n<p>A escravatura representa um golpe de morte para a fraternidade universal e, por conseguinte, para a paz. Na verdade, a paz existe quando o ser humano reconhece no outro um irm\u00e3o ou irm\u00e3 com a mesma dignidade.<\/p>\n<p>Persistem no mundo m\u00faltiplas formas abomin\u00e1veis de escravatura: o tr\u00e1fico de seres humanos, o com\u00e9rcio dos migrantes e da prostitui\u00e7\u00e3o, o trabalho-escravo, a explora\u00e7\u00e3o do ser humano pelo ser humano, a mentalidade escravagista para com as mulheres e as crian\u00e7as.<\/p>\n<p>H\u00e1 indiv\u00edduos e grupos que se aproveitam vergonhosamente desta escravatura, tirando partido dos muitos conflitos desencadeados no mundo, do contexto de crise econ\u00f4mica e da corrup\u00e7\u00e3o.<\/p>\n<p>A escravatura \u00e9 uma terr\u00edvel ferida aberta no corpo da sociedade contempor\u00e2nea, \u00e9 uma chaga grav\u00edssima na carne de Cristo! Para combat\u00ea-la eficazmente, deve-se reconhecer acima de tudo a inviol\u00e1vel dignidade de cada pessoa. Al\u00e9m disso, importa ancorar firmemente esse reconhecimento na fraternidade, que exige a supera\u00e7\u00e3o de todas as desigualdades, as quais permitem que uma pessoa escravize outra.<\/p>\n<p>\u00c9-nos ainda pedido que o nosso agir seja pr\u00f3ximo e gratuito para promover a liberta\u00e7\u00e3o e inclus\u00e3o para todos. O objetivo a alcan\u00e7ar \u00e9 a constru\u00e7\u00e3o de uma civiliza\u00e7\u00e3o fundada sobre a igual dignidade de todos os seres humanos, sem qualquer discrimina\u00e7\u00e3o. Para isso, \u00e9 necess\u00e1rio o compromisso da informa\u00e7\u00e3o, da educa\u00e7\u00e3o, da cultura em favor de uma sociedade renovada e que se assinale pela liberdade, pela justi\u00e7a e, logo, pela paz.<br \/>O Dia Mundial da Paz resultou da vontade de Paulo VI e \u00e9 celebrado todos os anos no primeiro dia de janeiro. A Mensagem do Papa \u00e9 enviada aos Ministros dos Neg\u00f3cios Estrangeiros de todo o mundo e indica tamb\u00e9m a linha diplom\u00e1tica da Santa S\u00e9 para o ano que se inicia.<\/p>\n<p>Fonte: R\u00e1dio Vaticano<br \/>Local: Cidade do Vaticano<\/p>\n","protected":false},"excerpt":{"rendered":"<p>\u201cN\u00e3o mais escravos, mas irm\u00e3os\u201d. Este \u00e9 o t\u00edtulo da Mensagem para o 48\u00ba Dia Mundial da Paz, a segunda escrita pelo Papa Francisco. Na manh\u00e3 de quinta-feira, 21, o Pontif\u00edcio Conselho da Justi\u00e7a e da Paz divulgou o t\u00edtulo e a seguinte comunica\u00e7\u00e3o: Julga-se habitualmente que a escravatura seja um fato do passado. No [&hellip;]<\/p>\n","protected":false},"author":1,"featured_media":0,"comment_status":"closed","ping_status":"closed","sticky":false,"template":"","format":"standard","meta":{"footnotes":""},"categories":[3],"tags":[],"class_list":["post-5020","post","type-post","status-publish","format-standard","hentry","category-vaticano"],"_links":{"self":[{"href":"https:\/\/catolicanet.net\/wp-cnet\/wp-json\/wp\/v2\/posts\/5020","targetHints":{"allow":["GET"]}}],"collection":[{"href":"https:\/\/catolicanet.net\/wp-cnet\/wp-json\/wp\/v2\/posts"}],"about":[{"href":"https:\/\/catolicanet.net\/wp-cnet\/wp-json\/wp\/v2\/types\/post"}],"author":[{"embeddable":true,"href":"https:\/\/catolicanet.net\/wp-cnet\/wp-json\/wp\/v2\/users\/1"}],"replies":[{"embeddable":true,"href":"https:\/\/catolicanet.net\/wp-cnet\/wp-json\/wp\/v2\/comments?post=5020"}],"version-history":[{"count":1,"href":"https:\/\/catolicanet.net\/wp-cnet\/wp-json\/wp\/v2\/posts\/5020\/revisions"}],"predecessor-version":[{"id":9916,"href":"https:\/\/catolicanet.net\/wp-cnet\/wp-json\/wp\/v2\/posts\/5020\/revisions\/9916"}],"wp:attachment":[{"href":"https:\/\/catolicanet.net\/wp-cnet\/wp-json\/wp\/v2\/media?parent=5020"}],"wp:term":[{"taxonomy":"category","embeddable":true,"href":"https:\/\/catolicanet.net\/wp-cnet\/wp-json\/wp\/v2\/categories?post=5020"},{"taxonomy":"post_tag","embeddable":true,"href":"https:\/\/catolicanet.net\/wp-cnet\/wp-json\/wp\/v2\/tags?post=5020"}],"curies":[{"name":"wp","href":"https:\/\/api.w.org\/{rel}","templated":true}]}}