{"id":50184,"date":"2019-06-17T08:43:11","date_gmt":"2019-06-17T11:43:11","guid":{"rendered":"http:\/\/catolicanet.net\/wp-cnet\/?p=50184"},"modified":"2019-06-17T08:43:11","modified_gmt":"2019-06-17T11:43:11","slug":"papa-o-espirito-santo-e-o-reconstrutor-da-esperanca","status":"publish","type":"post","link":"https:\/\/catolicanet.net\/wp-cnet\/papa-o-espirito-santo-e-o-reconstrutor-da-esperanca\/","title":{"rendered":"Papa: o Esp\u00edrito Santo \u00e9 o reconstrutor da esperan\u00e7a"},"content":{"rendered":"<div><\/div>\n<div class=\"article__subTitle\">\n<div id=\"fb-root\"><\/div>\n<p><script async=\"1\" defer=\"1\" crossorigin=\"anonymous\" src=\"https:\/\/connect.facebook.net\/pt_BR\/sdk.js#xfbml=1&amp;version=v3.3\"><\/script><\/p>\n<div class=\"fb-video\" data-href=\"https:\/\/www.facebook.com\/vaticannews.pt\/videos\/479120846230525\/\" data-width=\"696\">\n<blockquote cite=\"https:\/\/www.facebook.com\/vaticannews.pt\/videos\/479120846230525\/\" class=\"fb-xfbml-parse-ignore\"><p><a href=\"https:\/\/www.facebook.com\/vaticannews.pt\/videos\/479120846230525\/\">Apresenta\u00e7\u00e3o Instrumentum Laboris do S\u00ednodo Pan-Amaz\u00f4nico<\/a><\/p>\n<p>Direto da Sala de Imprensa da Santa S\u00e9, a apresenta\u00e7\u00e3o do Documento de Trabalho do S\u00ednodo: &quot;Amaz\u00f4nia pede \u00e0 Igreja que seja sua aliada&quot; (transmiss\u00e3o SEM dublagem em portugu\u00eas)<\/p>\n<p>Publicado por <a href=\"https:\/\/www.facebook.com\/vaticannews.pt\/\">Vatican News<\/a> em Segunda-feira, 17 de junho de 2019<\/p><\/blockquote>\n<\/div>\n<p>\u00c9 de esperan\u00e7a a mensagem do Papa Francisco aos habitantes da regi\u00e3o das Marcas atingidos pelos terremotos de 2016. &#8220;Para conseguirmos nos libertar do passado que retorna, das recorda\u00e7\u00f5es negativas que nos fazem prisioneiros, dos arrependimentos que paralisam, temos necessidade&#8221; do Esp\u00edrito Santo, que &#8220;unge as m\u00e1s recorda\u00e7\u00f5es com o b\u00e1lsamo da esperan\u00e7a, porque o Esp\u00edrito Santo \u00e9 o reconstrutor da esperan\u00e7a.\u201d<\/p><\/div>\n<div class=\"title__separator\"><\/div>\n<div class=\"article__text\">\n<p><b>Jackson Erpen \u2013 Cidade do Vaticano<\/b><\/p>\n<p>\u00abO que \u00e9 o homem para dele te lembrares?\u00bb. &#8220;Vieram-me \u00e0 mente estas palavras, pensando em voc\u00eas (&#8230;). recorda\u00e7\u00e3o \u00e9 uma palavra-chave para a vida.\u201d<\/p>\n<p>O vers\u00edculo 5 do Salmo 8 foi o ponto de partida da homilia do Papa Francisco na Missa celebrada na Pra\u00e7a Cavour em Camerino, regi\u00e3o das Marcas atingida pelos terremotos de 2016:<\/p>\n<div>\n<div class=\"article__embed article__embed--unwrap article__embed--dark\">\n<div class=\"article__innerTitle\">Ou\u00e7a e compartilhe!<\/div>\n<!--[if lt IE 9]><script>document.createElement('audio');<\/script><![endif]-->\n<audio class=\"wp-audio-shortcode\" id=\"audio-50184-1\" preload=\"none\" style=\"width: 100%;\" controls=\"controls\"><source type=\"audio\/mpeg\" src=\"https:\/\/media.vaticannews.va\/media\/audio\/s1\/2019\/06\/16\/16\/135089179_F135089179.mp3?_=1\" \/><a href=\"https:\/\/media.vaticannews.va\/media\/audio\/s1\/2019\/06\/16\/16\/135089179_F135089179.mp3\">https:\/\/media.vaticannews.va\/media\/audio\/s1\/2019\/06\/16\/16\/135089179_F135089179.mp3<\/a><\/audio>\n<\/div>\n<\/div>\n<p>\u201c<i>Diante do que voc\u00eas viram e sofreram, diante de casas desabadas e de pr\u00e9dios reduzidos a escombros, vem esta pergunta: o que \u00e9 o homem? O que \u00e9, se aquilo que constr\u00f3i pode ruir em um instante? O que \u00e9, \u00a0se a sua esperan\u00e7a pode acabar em p\u00f3? O que \u00e9 homem?\u201d<\/i><\/p>\n<h2>Recordar-se de Deus d\u00e1 for\u00e7a para n\u00e3o nos rendermos diante das contrariedades da vida<\/h2>\n<h2><\/h2>\n<p>A resposta \u2013 acrescenta \u00a0o Papa &#8211; parece vir da continua\u00e7\u00e3o da frase: &#8220;o que \u00e9 o homem para dele te lembrares? De n\u00f3s, assim como somos, com nossas fragilidades, Deus recorda-se. Na incerteza que sentimos por fora e por dentro, o Senhor nos d\u00e1 uma certeza: Ele recorda-se de n\u00f3s. \u201cRe-corda\u201d, isto \u00e9, retorna,\u00a0 retorna com seu cora\u00e7\u00e3o a n\u00f3s, porque estamos em seu cora\u00e7\u00e3o. E\u00a0enquanto aqui embaixo muitas coisas s\u00e3o rapidamente esquecidas, Deus n\u00e3o nos deixa no esquecimento. Ningu\u00e9m \u00e9 desprez\u00edvel aos seus olhos, cada um tem um valor infinito para ele: somos pequenos sob o c\u00e9u e impotentes quando a terra treme, mas para Deus somos mais preciosos que qualquer coisa\u201d.<\/p>\n<div>\n<div class=\"article__embed article__embed--border embed_style\">\n<blockquote><p>\u201c Enquanto aqui embaixo muitas coisas s\u00e3o rapidamente esquecidas, Deus n\u00e3o nos deixa no esquecimento \u201d<\/p><\/blockquote>\n<\/div>\n<\/div>\n<p>Francisco enfatiza a import\u00e2ncia de \u201crecordar\u201d de que \u201cn\u00e3o somos esquecidos por Deus, que somos seus filhos amados, \u00fanicos e insubstitu\u00edveis.\u201d E recordar d\u2019Ele, \u201cnos d\u00e1 for\u00e7a para n\u00e3o nos rendermos diante das contrariedades da vida\u201d:<\/p>\n<p>\u201c<i>Recordemos o quanto valemos, diante da tenta\u00e7\u00e3o de nos entristecer e de continuar a desenterrar aquele pior que parece nunca acabar. As m\u00e1s recorda\u00e7\u00f5es chegam, mesmo quando n\u00e3o pensamos nelas; mas pagam mal: deixam somente melancolia e nostalgia. Mas qu\u00e3o dif\u00edcil \u00e9 libertar-se das m\u00e1s recorda\u00e7\u00f5es! Vale aquele ditado, segundo o qual foi mais f\u00e1cil para Deus tirar Israel do Egito do que o Egito do cora\u00e7\u00e3o de Israel\u201d.<\/i><\/p>\n<h2>Esp\u00edrito Santo, reconstrutor da esperan\u00e7a<\/h2>\n<h2><\/h2>\n<p>E para conseguirmos nos libertar &#8220;do passado que retorna, das recorda\u00e7\u00f5es negativas que nos fazem prisioneiros, dos arrependimentos que paralisam&#8221;, temos necessidade de algu\u00e9m que nos ajude a carregar os pesos que temos dentro, diz o Papa.<\/p>\n<div>\n<div class=\"article__embed article__embed--border embed_style\">\n<blockquote><p>\u201c Ele unge as m\u00e1s recorda\u00e7\u00f5es com o b\u00e1lsamo da esperan\u00e7a, porque o Esp\u00edrito Santo \u00e9 o reconstrutor da esperan\u00e7a \u201d<\/p><\/blockquote>\n<\/div>\n<\/div>\n<p>Jesus n\u00e3o nos tira os pesos como gostar\u00edamos, pois \u201cestamos sempre em busca de solu\u00e7\u00f5es r\u00e1pidas e superficiais\u201d, mas\u00a0 Ele \u201cnos d\u00e1 o Esp\u00edrito Santo (&#8230;), o Consolador, Aquele que n\u00e3o nos deixa sozinhos sob os pesos da vida\u201d:<\/p>\n<p><i>\u201c\u00c9 Ele que transforma nossa mem\u00f3ria escrava em mem\u00f3ria livre, as feridas do passado em recorda\u00e7\u00f5es de salva\u00e7\u00e3o. Ele realiza em n\u00f3s o que fez por Jesus: as suas chagas, aquelas feridas feias escavadas pelo mal, pelo poder do Esp\u00edrito Santo, tornaram-se canais de miseric\u00f3rdia, chagas luminosas nas quais resplandece o amor de Deus, um amor que eleva, que faz ressurgir. \u00c9 isso que o Esp\u00edrito Santo faz quando o convidamos para as nossas feridas. Ele unge as m\u00e1s recorda\u00e7\u00f5es com o b\u00e1lsamo da esperan\u00e7a, porque o Esp\u00edrito Santo \u00e9 o reconstrutor da esperan\u00e7a.\u201d<\/i><\/p>\n<p>Mas, temos necessidade de uma esperan\u00e7a que n\u00e3o desiluda. As esperan\u00e7as terrenas s\u00e3o ef\u00eameras &#8211; afirma o Pont\u00edfice &#8211; t\u00eam sempre \u201cdata de vencimento\u201d, pois \u201cs\u00e3o feitas de ingredientes terrenos, que cedo ou tarde estragam\u201d, ao contr\u00e1rio da esperan\u00e7a do Esp\u00edrito:<\/p>\n<p>\u201c<i>A do Esp\u00edrito \u00e9 uma esperan\u00e7a duradoura. N\u00e3o expira, porque se baseia na fidelidade de Deus. A esperan\u00e7a do Esp\u00edrito tampouco \u00e9 otimismo. Nasce no mais profundo, reacende no fundo do cora\u00e7\u00e3o a certeza de sermos preciosos porque amados. Infunde a confian\u00e7a de n\u00e3o estarmos sozinhos. \u00c9 uma esperan\u00e7a que deixa a paz e a alegria por dentro, independentemente do que aconte\u00e7a fora. \u00c9 uma esperan\u00e7a que tem ra\u00edzes fortes, que nenhuma tempestade da vida pode desenraizar.\u201d<\/i><\/p>\n<div>\n<div class=\"article__embed article__embed--border embed_style\">\n<blockquote><p>\u201c O Esp\u00edrito nos alimenta de viva esperan\u00e7a. Convidamo-lo. Pe\u00e7amos a ele que venha a n\u00f3s e ele se aproximar\u00e1 \u201d<\/p><\/blockquote>\n<\/div>\n<\/div>\n<p>Se por um lado \u2013 observa Francisco &#8211; quando estamos perturbados ou feridos, somos levados a \u201cfazer o ninho&#8221; em torno \u00e0s nossas tristezas e nossos medos, por outro \u201co Esp\u00edrito liberta-nos de nossos ninhos, nos faz levantar voo, nos desvela um destino maravilhoso, destino para o qual nascemos.<\/p>\n<h2>Quem se aproxima de Deus n\u00e3o se abate<\/h2>\n<h2><\/h2>\n<p>A terceira e \u00faltima palavra que o Papa quis compartilhar com os fi\u00e9is foi \u201cproximidade\u201d. Para tal, recordou a Sant\u00edssima Trindade, \u00a0que \u201c\u00e9 um mist\u00e9rio da proximidade de Deus\u201d.<\/p>\n<p>\u201cA Trindade nos diz que n\u00e3o temos um Deus solit\u00e1rio l\u00e1 no alto, no c\u00e9u, distante e indiferente. N\u00e3o! \u00c9 Pai que nos deu o seu Filho, feito homem como n\u00f3s, e que para estar mais pr\u00f3ximo ainda, para nos ajudar a carregar os pesos da vida, nos envia seu pr\u00f3prio Esp\u00edrito. Ele, que \u00e9 Esp\u00edrito, vem em nosso esp\u00edrito e assim nos consola por dentro, leva a ternura de Deus ao nosso interior\u201d:<\/p>\n<div>\n<div class=\"article__embed article__embed--border embed_style\">\n<blockquote><p>\u201c Quem se aproxima de Deus n\u00e3o se abate, mas segue em frente: recome\u00e7a, tenta de novo, reconstr\u00f3i \u201d<\/p><\/blockquote>\n<\/div>\n<\/div>\n<p>\u201c<i>Com Deus, os fardos da vida n\u00e3o permanecem em nossos ombros: o Esp\u00edrito, a quem nomeamos toda vez que fazemos o sinal da Cruz, precisamente quando tocamos nossos ombros, vem nos dar for\u00e7a, encorajar-nos, sustentar nossos fardos. De fato, ele \u00e9 especialista em ressuscitar, em reerguer, em reconstruir. \u00c9 necess\u00e1ria mais for\u00e7a para reparar do que para construir, para recome\u00e7ar do que para iniciar, para reconciliar-se do que para concordar. Essa \u00e9 a for\u00e7a que Deus nos d\u00e1. Por isso, quem se aproxima de Deus n\u00e3o se abate, mas segue em frente: recome\u00e7a, tenta de novo, reconstr\u00f3i.\u201d<\/i><\/p>\n<h2>Que promessas n\u00e3o acabem no esquecimento<\/h2>\n<h2><\/h2>\n<p>\u201cQueridos irm\u00e3os e irm\u00e3s \u2013 disse o Santo Padre, encaminhando-se para o final de sua homilia &#8211;\u00a0 eu vim hoje para estar pr\u00f3ximo de voc\u00eas. Estou aqui para rezar com voc\u00eas a Deus que se recorda de n\u00f3s, para que ningu\u00e9m se esque\u00e7a de quem est\u00e1 em dificuldades. Rezo ao Deus da esperan\u00e7a, para que aquilo que \u00e9 inst\u00e1vel na terra n\u00e3o abale a certeza que temos dentro. Rezo ao Deus pr\u00f3ximo, para que suscite gestos concretos de proximidade. Quase tr\u00eas anos se passaram e o risco \u00e9 que, ap\u00f3s o primeiro envolvimento emocional e midi\u00e1tico, a aten\u00e7\u00e3o caia e as promessas acabem em segundo plano, aumentando a frustra\u00e7\u00e3o daqueles que veem o territ\u00f3rio cada vez mais despovoado. O Senhor, ao contr\u00e1rio, impele a recordar, reparar, reconstruir e a fazer isso juntos, sem nunca esquecer aqueles que sofrem.\u201d<\/p>\n<div>\n<div class=\"article__embed article__embed--border embed_style\">\n<blockquote><p>\u201c Rezo ao Deus da esperan\u00e7a, para que aquilo que \u00e9 inst\u00e1vel na terra n\u00e3o abale a certeza que temos dentro \u201d<\/p><\/blockquote>\n<\/div>\n<\/div>\n<p>\u201cO que \u00e9 o homem para dele te lembrares? Deus que se lembra de n\u00f3s, Deus que cura nossas mem\u00f3rias feridas ungindo-as de esperan\u00e7a, Deus que est\u00e1 perto de n\u00f3s para nos reerguer por dentro, nos ajude a sermos construtores de bem, consoladores de cora\u00e7\u00f5es\u201d, disse Francisco ao concluir.<\/p>\n<\/div>\n","protected":false},"excerpt":{"rendered":"<p>\u00c9 de esperan\u00e7a a mensagem do Papa Francisco aos habitantes da regi\u00e3o das Marcas atingidos pelos terremotos de 2016. &#8220;Para conseguirmos nos libertar do passado que retorna, das recorda\u00e7\u00f5es negativas que nos fazem prisioneiros, dos arrependimentos que paralisam, temos necessidade&#8221; do Esp\u00edrito Santo, que &#8220;unge as m\u00e1s recorda\u00e7\u00f5es com o b\u00e1lsamo da esperan\u00e7a, porque o [&hellip;]<\/p>\n","protected":false},"author":1,"featured_media":50188,"comment_status":"open","ping_status":"closed","sticky":false,"template":"","format":"standard","meta":{"footnotes":""},"categories":[13],"tags":[],"class_list":["post-50184","post","type-post","status-publish","format-standard","has-post-thumbnail","hentry","category-featured"],"_links":{"self":[{"href":"https:\/\/catolicanet.net\/wp-cnet\/wp-json\/wp\/v2\/posts\/50184","targetHints":{"allow":["GET"]}}],"collection":[{"href":"https:\/\/catolicanet.net\/wp-cnet\/wp-json\/wp\/v2\/posts"}],"about":[{"href":"https:\/\/catolicanet.net\/wp-cnet\/wp-json\/wp\/v2\/types\/post"}],"author":[{"embeddable":true,"href":"https:\/\/catolicanet.net\/wp-cnet\/wp-json\/wp\/v2\/users\/1"}],"replies":[{"embeddable":true,"href":"https:\/\/catolicanet.net\/wp-cnet\/wp-json\/wp\/v2\/comments?post=50184"}],"version-history":[{"count":1,"href":"https:\/\/catolicanet.net\/wp-cnet\/wp-json\/wp\/v2\/posts\/50184\/revisions"}],"predecessor-version":[{"id":50189,"href":"https:\/\/catolicanet.net\/wp-cnet\/wp-json\/wp\/v2\/posts\/50184\/revisions\/50189"}],"wp:featuredmedia":[{"embeddable":true,"href":"https:\/\/catolicanet.net\/wp-cnet\/wp-json\/wp\/v2\/media\/50188"}],"wp:attachment":[{"href":"https:\/\/catolicanet.net\/wp-cnet\/wp-json\/wp\/v2\/media?parent=50184"}],"wp:term":[{"taxonomy":"category","embeddable":true,"href":"https:\/\/catolicanet.net\/wp-cnet\/wp-json\/wp\/v2\/categories?post=50184"},{"taxonomy":"post_tag","embeddable":true,"href":"https:\/\/catolicanet.net\/wp-cnet\/wp-json\/wp\/v2\/tags?post=50184"}],"curies":[{"name":"wp","href":"https:\/\/api.w.org\/{rel}","templated":true}]}}