{"id":5016,"date":"2026-08-20T00:00:00","date_gmt":"2026-08-20T03:00:00","guid":{"rendered":"http:\/\/catolicanet.net\/wp-cnet\/sao-bernardo\/"},"modified":"2026-05-15T16:07:14","modified_gmt":"2026-05-15T19:07:14","slug":"sao-bernardo","status":"publish","type":"post","link":"https:\/\/catolicanet.net\/wp-cnet\/sao-bernardo\/","title":{"rendered":"S\u00e3o Bernardo"},"content":{"rendered":"<p style=\"text-align: justify;\">S\u00e3o Bernardo Com muita alegria celebramos a santidade do abade e doutor da Igreja: S\u00e3o Bernardo. Nascido no Castelo de Fontaine em 1094, perto de Dijon (Fran\u00e7a), pertencia a uma fam\u00edlia nobre, a qual se assustou com sua decis\u00e3o radical de seguir Jesus como monge cisterciense.<\/p>\n<p>S\u00e3o Bernardo \u00e9 considerado pela Fam\u00edlia Cisterciense um segundo fundador, pois atra\u00eda a tantos para a Ordem, que as m\u00e3es e esposas afastavam os filhos e maridos do santo; tamanho era real o poder de atra\u00e7\u00e3o de Bernardo que todos os irm\u00e3os, primos e amigos o seguiram. Homem de ora\u00e7\u00e3o, destacou-se como pregador, prior, m\u00edstico, escritor, fundador de mosteiros, abade, conselheiro de Papas, Reis, Bispos e tamb\u00e9m polemista, pol\u00edtico e pacificador.<\/p>\n<p>Aconteceu que S\u00e3o Bernardo, mesmo sendo contemplativo, entrou no concreto da realidade da sua \u00e9poca, a ponto de participar de v\u00e1rias pol\u00eamicas internas e externas da Igreja da \u00e9poca.<\/p>\n<p>No ano de 1115, o seu abade Estev\u00e3o mandou-o com doze companheiros fundar, no Vale do Abs\u00edntio, aquilo a que S\u00e3o Bernardo chamou Vale Claro (Claraval). Do Mosteiro de Claraval, o santo irradiava a luz do Cristianismo, isto tamb\u00e9m pelos escritos, como o Tratado do Amor de Deus e o Coment\u00e1rio ao C\u00e2ntico dos C\u00e2nticos; a invoca\u00e7\u00e3o \u00e9 fruto de sua profunda e s\u00f3lida devo\u00e7\u00e3o a Nossa Senhora: \u201c\u00d3 clemente, \u00f3 piedosa, \u00f3 doce e sempre Virgem Maria\u201d. Pela M\u00e3e do C\u00e9u, foi acolhido na eternidade em 1153.<\/p>\n<p>Escreveu numerosas obras, milhares de cartas, mais de 300 serm\u00f5es; interveio em todas as disputas doutrinais, em todas as grandes quest\u00f5es religiosas e seculares da \u00e9poca. Por ordem de tempo, considera-se o \u00faltimo dos Padres da Igreja. Um seu editor, falecido em 1707, Mabillon, escreveu sobre ele: \u201c\u00c9 o \u00faltimo dos Padres mas iguala os maiores\u201d.<\/p>\n<p>S\u00e3o Bernardo, rogai por n\u00f3s!<\/p>\n","protected":false},"excerpt":{"rendered":"<p>S\u00e3o Bernardo Com muita alegria celebramos a santidade do abade e doutor da Igreja: S\u00e3o Bernardo. Nascido no Castelo de Fontaine em 1094, perto de Dijon (Fran\u00e7a), pertencia a uma fam\u00edlia nobre, a qual se assustou com sua decis\u00e3o radical de seguir Jesus como monge cisterciense. S\u00e3o Bernardo \u00e9 considerado pela Fam\u00edlia Cisterciense um segundo [&hellip;]<\/p>\n","protected":false},"author":1,"featured_media":22683,"comment_status":"closed","ping_status":"closed","sticky":false,"template":"","format":"standard","meta":{"footnotes":""},"categories":[32],"tags":[],"class_list":["post-5016","post","type-post","status-publish","format-standard","has-post-thumbnail","hentry","category-santo-do-dia"],"_links":{"self":[{"href":"https:\/\/catolicanet.net\/wp-cnet\/wp-json\/wp\/v2\/posts\/5016","targetHints":{"allow":["GET"]}}],"collection":[{"href":"https:\/\/catolicanet.net\/wp-cnet\/wp-json\/wp\/v2\/posts"}],"about":[{"href":"https:\/\/catolicanet.net\/wp-cnet\/wp-json\/wp\/v2\/types\/post"}],"author":[{"embeddable":true,"href":"https:\/\/catolicanet.net\/wp-cnet\/wp-json\/wp\/v2\/users\/1"}],"replies":[{"embeddable":true,"href":"https:\/\/catolicanet.net\/wp-cnet\/wp-json\/wp\/v2\/comments?post=5016"}],"version-history":[{"count":3,"href":"https:\/\/catolicanet.net\/wp-cnet\/wp-json\/wp\/v2\/posts\/5016\/revisions"}],"predecessor-version":[{"id":22684,"href":"https:\/\/catolicanet.net\/wp-cnet\/wp-json\/wp\/v2\/posts\/5016\/revisions\/22684"}],"wp:featuredmedia":[{"embeddable":true,"href":"https:\/\/catolicanet.net\/wp-cnet\/wp-json\/wp\/v2\/media\/22683"}],"wp:attachment":[{"href":"https:\/\/catolicanet.net\/wp-cnet\/wp-json\/wp\/v2\/media?parent=5016"}],"wp:term":[{"taxonomy":"category","embeddable":true,"href":"https:\/\/catolicanet.net\/wp-cnet\/wp-json\/wp\/v2\/categories?post=5016"},{"taxonomy":"post_tag","embeddable":true,"href":"https:\/\/catolicanet.net\/wp-cnet\/wp-json\/wp\/v2\/tags?post=5016"}],"curies":[{"name":"wp","href":"https:\/\/api.w.org\/{rel}","templated":true}]}}