{"id":50135,"date":"2019-06-13T16:01:31","date_gmt":"2019-06-13T19:01:31","guid":{"rendered":"http:\/\/catolicanet.net\/wp-cnet\/?p=50135"},"modified":"2019-06-13T16:01:31","modified_gmt":"2019-06-13T19:01:31","slug":"vaticano-aprova-criacao-da-federacao-regnum-christi","status":"publish","type":"post","link":"https:\/\/catolicanet.net\/wp-cnet\/vaticano-aprova-criacao-da-federacao-regnum-christi\/","title":{"rendered":"Vaticano aprova cria\u00e7\u00e3o da Federa\u00e7\u00e3o Regnum Christi"},"content":{"rendered":"<p>O Vaticano aprovou a constitui\u00e7\u00e3o da Federa\u00e7\u00e3o Regnum Christi, formada e governada de forma colegial pelos Legion\u00e1rios de Cristo, as Consagradas e os Leigos Consagrados do Regnum Christi.<\/p>\n<p>Al\u00e9m disso, os leigos, associados individualmente \u00e0 Federa\u00e7\u00e3o, t\u00eam um voto consultivo.<\/p>\n<p>Atrav\u00e9s de um decreto emitido em 31 de maio, a Congrega\u00e7\u00e3o para os Institutos de <a href=\"https:\/\/www.acidigital.com\/vida\/index.html\">Vida<\/a> Consagrada e Sociedades de Vida Apost\u00f3lica da Santa S\u00e9 aprovou o pedido das tr\u00eas institui\u00e7\u00f5es, buscando &#8220;aprofundar e promover o carisma comum, de favorecer a colabora\u00e7\u00e3o no apostolado e de gozar de uma estrutura can\u00f4nica comum que expresse a unidade e a comunh\u00e3o fraterna dos componentes da fam\u00edlia espiritual&#8221;.<\/p>\n<p>Al\u00e9m disso, o Dicast\u00e9rio do Vaticano aprovou e confirmou &#8220;ad experimentum&#8221; por um per\u00edodo de cinco anos os Estatutos da Federa\u00e7\u00e3o.<\/p>\n<p>Os diretores gerais da Federa\u00e7\u00e3o s\u00e3o Pe. Eduardo Robles-Gil, dos Legion\u00e1rios de Cristo; Gloria Rodr\u00edguez, das consagradas do Regnum Christi; e Jorge L\u00f3pez, dos leigos consagrados do Regnum Christi.<\/p>\n<p>Em um comunicado conjunto, os diretores gerais destacaram que a aprova\u00e7\u00e3o do Vaticano &#8220;\u00e9 uma confirma\u00e7\u00e3o do discernimento que fizemos entre todos, e dos Estatutos como um instrumento v\u00e1lido para dar continuidade e uma nova proje\u00e7\u00e3o ao plano de Deus para nossa fam\u00edlia espiritual&#8221;.<\/p>\n<p>Tamb\u00e9m agradeceram a todos aqueles que tornaram poss\u00edvel essa aprova\u00e7\u00e3o, a igreja e ao Assistente Pontif\u00edcio do Regnum Christi, Pe. Gianfranco Ghirlanda.<\/p>\n<p>Com o decreto do Vaticano, indicaram os diretores, &#8220;encerra-se uma etapa importante de nossa hist\u00f3ria. Nestes anos temos buscado compreender mais profundamente a identidade do Regnum Christi para poder encontrar uma estrutura can\u00f4nica que ajude a custodiar o esp\u00edrito e viver a miss\u00e3o que brotam do nosso carisma&#8221;.<\/p>\n<p>Regnum Christi surgiu como um movimento eclesial no final dos anos 1950, fundado por Marcial Maciel Degollado, tamb\u00e9m fundador dos Legion\u00e1rios de Cristo.<\/p>\n<p>Depois dos diversos esc\u00e2ndalos sexuais descobertos na vida de Maciel Degollado, Bento XVI encomendou entre 2009 e 2010 uma visita apost\u00f3lica aos Legion\u00e1rios de Cristo e Regnum Christi. Mais tarde, nomeou o falecido Cardeal Velasio de Paolis como delegado pontif\u00edcio.<\/p>\n<p>Pe. Ghirlanda sucedeu o Cardeal De Paolis.<\/p>\n<p>Regnum Christi explicou em um comunicado que o seu &#8220;caminho de renova\u00e7\u00e3o&#8221; nas m\u00e3os da Santa S\u00e9 &#8220;come\u00e7ou h\u00e1 8 anos, depois de conhecer os esc\u00e2ndalos e crimes do Pe. Marcial Maciel. Durante este tempo, os Legion\u00e1rios de Cristo elaboraram novas Constitui\u00e7\u00f5es; as Consagradas e os Leigos Consagrados foram reconhecidos canonicamente como Sociedades de Vida Apost\u00f3lica de Direito Pontif\u00edcio com as suas respectivas Constitui\u00e7\u00f5es, e os leigos fizeram seu Regulamento, um c\u00f3digo secund\u00e1rio, que junto com os Estatutos rec\u00e9m-aprovados da Federa\u00e7\u00e3o Regnum Christi, entrar\u00e1 em vigor em 15 de setembro de 2019&#8221;.<\/p>\n<p>Com a cria\u00e7\u00e3o da Federa\u00e7\u00e3o, Regnum Christi se define como &#8220;uma realidade da Igreja formada por quatro voca\u00e7\u00f5es: legion\u00e1rios de Cristo, consagradas, leigos consagrados e leigos&#8221;.<\/p>\n<p>Al\u00e9m disso, a figura da Federa\u00e7\u00e3o, explicaram, sup\u00f5e que cada uma destas quatro voca\u00e7\u00f5es &#8220;\u00e9 correspons\u00e1vel pela cust\u00f3dia do carisma comum&#8221;, ao mesmo tempo &#8220;reconhece-se o valor da autonomia de cada uma e a import\u00e2ncia de sua adequada express\u00e3o can\u00f4nica&#8221;.<\/p>\n<p>Para o Regnum Christi, &#8220;a colegialidade do governo da Federa\u00e7\u00e3o \u00e9 outra das grandes novidades na forma de se organizar&#8221;, porque &#8220;representa avan\u00e7o e \u00e9 express\u00e3o de uma forma renovada do exerc\u00edcio da autoridade ao servi\u00e7o da miss\u00e3o comum&#8221;.<\/p>\n<p>Implica tamb\u00e9m que a Legi\u00e3o de Cristo pertence &#8220;de forma insepar\u00e1vel&#8221; ao Regnum Christi.<\/p>\n<p>O novo estatuto, acrescentam, &#8220;cont\u00e9m uma express\u00e3o renovada e compartilhada da espiritualidade e dos princ\u00edpios da a\u00e7\u00e3o apost\u00f3lica, e delineia claramente os fundamentos espirituais do Regnum Christi. Seus membros buscam \u2018dar gl\u00f3ria a Deus e tornar presente o Reino de Deus nos cora\u00e7\u00f5es dos homens e na sociedade\u2019 atrav\u00e9s de sua pr\u00f3pria santifica\u00e7\u00e3o e a\u00e7\u00e3o apost\u00f3lica &#8220;.<\/p>\n<p>At\u00e9 o final de 2018, Regnum Christi era formado por 22.652 membros leigos, 523 consagradas, 59 leigos consagrados e 1.501 Legion\u00e1rios de Cristo.<\/p>\n","protected":false},"excerpt":{"rendered":"<p>O Vaticano aprovou a constitui\u00e7\u00e3o da Federa\u00e7\u00e3o Regnum Christi, formada e governada de forma colegial pelos Legion\u00e1rios de Cristo, as Consagradas e os Leigos Consagrados do Regnum Christi. Al\u00e9m disso, os leigos, associados individualmente \u00e0 Federa\u00e7\u00e3o, t\u00eam um voto consultivo. Atrav\u00e9s de um decreto emitido em 31 de maio, a Congrega\u00e7\u00e3o para os Institutos de [&hellip;]<\/p>\n","protected":false},"author":1,"featured_media":50136,"comment_status":"open","ping_status":"closed","sticky":false,"template":"","format":"standard","meta":{"footnotes":""},"categories":[4],"tags":[],"class_list":["post-50135","post","type-post","status-publish","format-standard","has-post-thumbnail","hentry","category-cotidiano"],"_links":{"self":[{"href":"https:\/\/catolicanet.net\/wp-cnet\/wp-json\/wp\/v2\/posts\/50135","targetHints":{"allow":["GET"]}}],"collection":[{"href":"https:\/\/catolicanet.net\/wp-cnet\/wp-json\/wp\/v2\/posts"}],"about":[{"href":"https:\/\/catolicanet.net\/wp-cnet\/wp-json\/wp\/v2\/types\/post"}],"author":[{"embeddable":true,"href":"https:\/\/catolicanet.net\/wp-cnet\/wp-json\/wp\/v2\/users\/1"}],"replies":[{"embeddable":true,"href":"https:\/\/catolicanet.net\/wp-cnet\/wp-json\/wp\/v2\/comments?post=50135"}],"version-history":[{"count":1,"href":"https:\/\/catolicanet.net\/wp-cnet\/wp-json\/wp\/v2\/posts\/50135\/revisions"}],"predecessor-version":[{"id":50137,"href":"https:\/\/catolicanet.net\/wp-cnet\/wp-json\/wp\/v2\/posts\/50135\/revisions\/50137"}],"wp:featuredmedia":[{"embeddable":true,"href":"https:\/\/catolicanet.net\/wp-cnet\/wp-json\/wp\/v2\/media\/50136"}],"wp:attachment":[{"href":"https:\/\/catolicanet.net\/wp-cnet\/wp-json\/wp\/v2\/media?parent=50135"}],"wp:term":[{"taxonomy":"category","embeddable":true,"href":"https:\/\/catolicanet.net\/wp-cnet\/wp-json\/wp\/v2\/categories?post=50135"},{"taxonomy":"post_tag","embeddable":true,"href":"https:\/\/catolicanet.net\/wp-cnet\/wp-json\/wp\/v2\/tags?post=50135"}],"curies":[{"name":"wp","href":"https:\/\/api.w.org\/{rel}","templated":true}]}}