{"id":50131,"date":"2019-06-13T15:25:15","date_gmt":"2019-06-13T18:25:15","guid":{"rendered":"http:\/\/catolicanet.net\/wp-cnet\/?p=50131"},"modified":"2019-06-13T15:25:15","modified_gmt":"2019-06-13T18:25:15","slug":"secretario-de-estado-vaticano-a-nuncios-nossa-conduta-deve-ser-cristalina","status":"publish","type":"post","link":"https:\/\/catolicanet.net\/wp-cnet\/secretario-de-estado-vaticano-a-nuncios-nossa-conduta-deve-ser-cristalina\/","title":{"rendered":"Secret\u00e1rio de Estado Vaticano a n\u00fancios: Nossa conduta deve ser cristalina"},"content":{"rendered":"<p>O Secret\u00e1rio de Estado do Vaticano, Cardeal Pietro Parolin, afirmou que os representantes pontif\u00edcios devem sempre trabalhar de maneira exemplar a servi\u00e7o do Evangelho, mantendo tamb\u00e9m uma conduta cristalina.<\/p>\n<p>Assim indicou o Cardeal na missa que presidiu na quarta-feira, na Bas\u00edlica de S\u00e3o Pedro, que contou com a participa\u00e7\u00e3o dos representantes pontif\u00edcios, os quais participam de uma reuni\u00e3o organizada pelo Vaticano at\u00e9 s\u00e1bado, 15 de junho.<\/p>\n<p>&#8220;Devemos ser os primeiros cust\u00f3dios e observantes da lei: nossa atua\u00e7\u00e3o de Representantes da Santa S\u00e9 deve ser sempre exemplar e a nossa conduta deve ser sempre cristalina&#8221;, destacou o Cardeal.<\/p>\n<p>&#8220;Nosso servi\u00e7o a todos os sistemas jur\u00eddicos presentes no mundo s\u00e3o (ou deveriam ser) endere\u00e7ados ao bem do homem e de todo homem: ao respeito por seus direitos, \u00e0 constru\u00e7\u00e3o de uma sociedade mais justa, a uma conviv\u00eancia na paz. Ali\u00e1s, esse \u00e9 o \u00e2mbito da a\u00e7\u00e3o diplom\u00e1tica da Santa S\u00e9. A lei deve ser sempre e unicamente a servi\u00e7o da humanidade!&#8221;, continuou.<\/p>\n<p>O Secret\u00e1rio de Estado disse que, embora &#8220;a a\u00e7\u00e3o da igreja poder\u00e1 ser favorecida em algum lugar, ou mesmo fortemente contrastada em outras&#8221;, \u00e9 necess\u00e1rio lembrar que &#8220;nada e ningu\u00e9m poder\u00e1 nos impedir de amar. Um amor apaixonado por\u00a0 Cristo e por sua Igreja, um amor generoso pelos homens, pelas popula\u00e7\u00f5es \u00e0s quais somos enviados e, sobretudo, pelos pobres&#8221;.<\/p>\n<p>&#8220;Todo minist\u00e9rio na Igreja, inclusive o da representa\u00e7\u00e3o pontif\u00edcia, n\u00e3o goza de uma gl\u00f3ria pr\u00f3pria, mas deve refletir unicamente a da Nova alian\u00e7a em Cristo&#8221;, destacou o Cardeal Parolin.<\/p>\n<p>Depois de incentivar o servi\u00e7o \u00e0 &#8220;diplomacia do Evangelho&#8221;, o Cardeal animou a deixar-se transformar &#8220;pelo nosso dever: se os mensageiros devem formar \u00fanico corpo com a mensagem que anunciam, tamb\u00e9m os Representantes Pontif\u00edcios s\u00e3o chamados de algum modo a deixar-se transfigurar pelo an\u00fancio que portam consigo&#8221;.<\/p>\n<p>&#8220;N\u00e3o somente deve tornar-se presente em n\u00f3s o estilo pastoral do Santo Padre, que representamos e nos Estados nos quais somos acreditados, mas o nosso cora\u00e7\u00e3o de pastores e de bispos deve identificar-se sempre mais com o pr\u00f3prio Evangelho e com a Nova Alian\u00e7a de Jesus&#8221;, assinalou.<\/p>\n<p>Deste modo, indicou o Cardeal Parolin, &#8220;isso far\u00e1 de n\u00f3s homens de grande f\u00e9, de humildade aut\u00eantica, de amor apaixonado pelo Senhor e pelos homens e de dedica\u00e7\u00e3o incondicionada pela Igreja , esposa de Cristo. Estas ser\u00e3o as mais belas credenciais que tornar\u00e3o o seu minist\u00e9rio glorioso\u201d.<\/p>\n<p>Para concluir, o Cardeal os incentivou a rezar &#8220;a fim de que o nosso servi\u00e7o de Representantes Pontif\u00edcios nos mantenha \u2018cingidos\u2019 ao Evangelho de Jesus de modo irrevers\u00edvel, de modo a tornar-nos tamb\u00e9m n\u00f3s alegres e corajosos \u2018embaixadores cingidos\u2019, \u2018prisioneiros\u2019 para sempre da lei do amor&#8221;.<\/p>\n<p>A celebra\u00e7\u00e3o de ontem iniciou a reuni\u00e3o dos representantes pontif\u00edcios, convocada pelo Papa Francisco at\u00e9 s\u00e1bado, 15 de junho. Esta assembleia \u00e9 realizada a cada tr\u00eas anos.<\/p>\n<p>Participam da reuni\u00e3o 103 representantes pontif\u00edcios, dos quais, 98 s\u00e3o n\u00fancios apost\u00f3licos e 5 observadores permanentes.<\/p>\n<p>Para o encerramento do dia 15 de junho, 46 \u200b\u200bn\u00fancios apost\u00f3licos aposentados tamb\u00e9m foram convidados. Nesta quinta-feira, ocorreu uma audi\u00eancia com o Papa Francisco e, nos pr\u00f3ximos dias, haver\u00e1 reuni\u00f5es com os Chefes de Dicast\u00e9rio da C\u00faria Romana e com os embaixadores acreditados junto \u00e0 Santa S\u00e9, residentes em Roma.<\/p>\n<p>No s\u00e1bado de manh\u00e3, ser\u00e1 celebrada Missa na capela da Casa Santa Marta e um momento de ora\u00e7\u00e3o na Capela Sistina.<\/p>\n","protected":false},"excerpt":{"rendered":"<p>O Secret\u00e1rio de Estado do Vaticano, Cardeal Pietro Parolin, afirmou que os representantes pontif\u00edcios devem sempre trabalhar de maneira exemplar a servi\u00e7o do Evangelho, mantendo tamb\u00e9m uma conduta cristalina. Assim indicou o Cardeal na missa que presidiu na quarta-feira, na Bas\u00edlica de S\u00e3o Pedro, que contou com a participa\u00e7\u00e3o dos representantes pontif\u00edcios, os quais participam [&hellip;]<\/p>\n","protected":false},"author":1,"featured_media":50132,"comment_status":"open","ping_status":"closed","sticky":false,"template":"","format":"standard","meta":{"footnotes":""},"categories":[4],"tags":[],"class_list":["post-50131","post","type-post","status-publish","format-standard","has-post-thumbnail","hentry","category-cotidiano"],"_links":{"self":[{"href":"https:\/\/catolicanet.net\/wp-cnet\/wp-json\/wp\/v2\/posts\/50131","targetHints":{"allow":["GET"]}}],"collection":[{"href":"https:\/\/catolicanet.net\/wp-cnet\/wp-json\/wp\/v2\/posts"}],"about":[{"href":"https:\/\/catolicanet.net\/wp-cnet\/wp-json\/wp\/v2\/types\/post"}],"author":[{"embeddable":true,"href":"https:\/\/catolicanet.net\/wp-cnet\/wp-json\/wp\/v2\/users\/1"}],"replies":[{"embeddable":true,"href":"https:\/\/catolicanet.net\/wp-cnet\/wp-json\/wp\/v2\/comments?post=50131"}],"version-history":[{"count":1,"href":"https:\/\/catolicanet.net\/wp-cnet\/wp-json\/wp\/v2\/posts\/50131\/revisions"}],"predecessor-version":[{"id":50134,"href":"https:\/\/catolicanet.net\/wp-cnet\/wp-json\/wp\/v2\/posts\/50131\/revisions\/50134"}],"wp:featuredmedia":[{"embeddable":true,"href":"https:\/\/catolicanet.net\/wp-cnet\/wp-json\/wp\/v2\/media\/50132"}],"wp:attachment":[{"href":"https:\/\/catolicanet.net\/wp-cnet\/wp-json\/wp\/v2\/media?parent=50131"}],"wp:term":[{"taxonomy":"category","embeddable":true,"href":"https:\/\/catolicanet.net\/wp-cnet\/wp-json\/wp\/v2\/categories?post=50131"},{"taxonomy":"post_tag","embeddable":true,"href":"https:\/\/catolicanet.net\/wp-cnet\/wp-json\/wp\/v2\/tags?post=50131"}],"curies":[{"name":"wp","href":"https:\/\/api.w.org\/{rel}","templated":true}]}}