{"id":50128,"date":"2019-06-13T15:03:04","date_gmt":"2019-06-13T18:03:04","guid":{"rendered":"http:\/\/catolicanet.net\/wp-cnet\/?p=50128"},"modified":"2019-06-13T15:03:04","modified_gmt":"2019-06-13T18:03:04","slug":"relicario-com-restos-mortais-de-beato-portugues-e-roubado-de-igreja-em-viana-do-castelo","status":"publish","type":"post","link":"https:\/\/catolicanet.net\/wp-cnet\/relicario-com-restos-mortais-de-beato-portugues-e-roubado-de-igreja-em-viana-do-castelo\/","title":{"rendered":"Relic\u00e1rio com restos mortais de beato portugu\u00eas \u00e9 roubado de Igreja em Viana do Castelo"},"content":{"rendered":"<p>O relic\u00e1rio com os restos mortais do Beato Bartolomeu dos M\u00e1rtires foi roubado na tarde de ter\u00e7a-feira, 11 de junho, da igreja de S\u00e3o Domingos, em Viana do Castelo (Portugal).<\/p>\n<p>De acordo com a imprensa portuguesa, o caso aconteceu por volta das 16h30 e a Pol\u00edcia de Seguran\u00e7a P\u00fablica Portuguesa (PSP) foi acionada, mas, por se tratar de uma pe\u00e7a de arte sacra, ficou sob responsabilidade da Pol\u00edcia Judici\u00e1ria de Braga.<\/p>\n<p>Para o Bispo de Viana do Castelo, Dom Anacleto Oliveira, este roubo \u00e9 um \u201catentado \u00e0 sensibilidade\u201d dos cat\u00f3licos. Em entrevista \u00e0 Ag\u00eancia Ecclesia, do episcopado portugu\u00eas, o Prelado lamentou o ocorrido \u00e9 expressou a necessidade de descobrir \u201cquem, o porqu\u00ea e com que fim foi feito o roubo do relic\u00e1rio\u201d.<\/p>\n<p>\u201c\u00c9 mais uma ofensa \u00e0 Igreja do que \u00e0 figura de t\u00e3o insigne\u201d bispo, disse o Prelado, segundo o qual, os cat\u00f3licos da regi\u00e3o t\u00eam uma \u201cvenera\u00e7\u00e3o muito grande\u201d pelo arcebispo portugu\u00eas do s\u00e9culo XVI.<\/p>\n<p>Por sua vez, o p\u00e1roco de S\u00e3o Domingos, Pe. Vasco Gon\u00e7alves, assinalou que o \u201cdourado do relic\u00e1rio deve ter encantado\u201d quem cometeu o ato.<\/p>\n<p>Em declara\u00e7\u00f5es ao site \u2018Correio da Manh\u00e3\u2019, o sacerdote disse que o relic\u00e1rio roubado \u201cn\u00e3o tem valor comercial nenhum\u201d, por\u00e9m, ressaltou que \u201cpara n\u00f3s \u00e9 um tesouro que nos roubaram pela devo\u00e7\u00e3o que temos ao Frei Bartolomeu\u201d.<\/p>\n<p>Conforme recorda o mesmo site, j\u00e1 na segunda-feira \u00e0 tarde, a mesma igreja havia sofrido uma tentativa de assalto. \u201cUsaram a espada da imagem de Nossa Senhora das Dores e tentaram arrombar a caixa de esmolas\u201d, contou o p\u00e1roco.<\/p>\n<p><strong>Beato Bartolomeu dos M\u00e1rtires<\/strong><\/p>\n<p>O Beato Bartolomeu dos M\u00e1rtires nasceu em Lisboa, em 3 de maio de 1514, e entrou na Ordem Dominicana em 11 de novembro de 1528. Em 1559, foi nomeado arcebispo de Braga, sendo respons\u00e1vel pelo territ\u00f3rio que hoje compreende as dioceses de Braga, Viana do Castelo, Bragan\u00e7a-Miranda e Vila Real.<\/p>\n<p>Em Viana do Castelo, onde morreu em 16 de julho de 1590, ficou conhecido por ter mandado construir o Convento de Santa Cruz \u2013 depois designado de S\u00e3o Domingos, tal como a igreja cont\u00edgua \u2013, e, sobretudo, pela sua dedica\u00e7\u00e3o aos pobres.<\/p>\n<p>Sempre foi considerado pelo povo como \u201carcebispo santo, pai dos pobres e dos enfermos\u201d. Al\u00e9m disso, em vida, insistiu que seus restos mortais fossem depositados no Convento de S\u00e3o Domingos que ele pr\u00f3prio mandou construir e onde se recolheu at\u00e9 \u00e0 sua morte.<\/p>\n<p>Foi declarado vener\u00e1vel em 23 de mar\u00e7o de 1845, pelo Papa Greg\u00f3rio XVI, e beato em 4 de novembro de 2001, por Jo\u00e3o Paulo II.<\/p>\n<p>Em 2016, indica a Ag\u00eancia Ecclesia o Papa Francisco autorizou a \u2018canoniza\u00e7\u00e3o equipolente\u2019 de Frei Bartolomeu dos M\u00e1rtires, isto \u00e9, sem necessidade de um novo milagre atribu\u00eddo \u00e0 intercess\u00e3o do futuro santo portugu\u00eas.<\/p>\n<p>O Bispo de Viana do Castelo, Dom Anacleto Oliveira, afirmou ter indica\u00e7\u00f5es que a canoniza\u00e7\u00e3o \u201cest\u00e1 para muito breve\u201d.<\/p>\n","protected":false},"excerpt":{"rendered":"<p>O relic\u00e1rio com os restos mortais do Beato Bartolomeu dos M\u00e1rtires foi roubado na tarde de ter\u00e7a-feira, 11 de junho, da igreja de S\u00e3o Domingos, em Viana do Castelo (Portugal). De acordo com a imprensa portuguesa, o caso aconteceu por volta das 16h30 e a Pol\u00edcia de Seguran\u00e7a P\u00fablica Portuguesa (PSP) foi acionada, mas, por [&hellip;]<\/p>\n","protected":false},"author":1,"featured_media":50129,"comment_status":"open","ping_status":"closed","sticky":false,"template":"","format":"standard","meta":{"footnotes":""},"categories":[13],"tags":[],"class_list":["post-50128","post","type-post","status-publish","format-standard","has-post-thumbnail","hentry","category-featured"],"_links":{"self":[{"href":"https:\/\/catolicanet.net\/wp-cnet\/wp-json\/wp\/v2\/posts\/50128","targetHints":{"allow":["GET"]}}],"collection":[{"href":"https:\/\/catolicanet.net\/wp-cnet\/wp-json\/wp\/v2\/posts"}],"about":[{"href":"https:\/\/catolicanet.net\/wp-cnet\/wp-json\/wp\/v2\/types\/post"}],"author":[{"embeddable":true,"href":"https:\/\/catolicanet.net\/wp-cnet\/wp-json\/wp\/v2\/users\/1"}],"replies":[{"embeddable":true,"href":"https:\/\/catolicanet.net\/wp-cnet\/wp-json\/wp\/v2\/comments?post=50128"}],"version-history":[{"count":1,"href":"https:\/\/catolicanet.net\/wp-cnet\/wp-json\/wp\/v2\/posts\/50128\/revisions"}],"predecessor-version":[{"id":50130,"href":"https:\/\/catolicanet.net\/wp-cnet\/wp-json\/wp\/v2\/posts\/50128\/revisions\/50130"}],"wp:featuredmedia":[{"embeddable":true,"href":"https:\/\/catolicanet.net\/wp-cnet\/wp-json\/wp\/v2\/media\/50129"}],"wp:attachment":[{"href":"https:\/\/catolicanet.net\/wp-cnet\/wp-json\/wp\/v2\/media?parent=50128"}],"wp:term":[{"taxonomy":"category","embeddable":true,"href":"https:\/\/catolicanet.net\/wp-cnet\/wp-json\/wp\/v2\/categories?post=50128"},{"taxonomy":"post_tag","embeddable":true,"href":"https:\/\/catolicanet.net\/wp-cnet\/wp-json\/wp\/v2\/tags?post=50128"}],"curies":[{"name":"wp","href":"https:\/\/api.w.org\/{rel}","templated":true}]}}