{"id":50118,"date":"2019-06-13T13:07:52","date_gmt":"2019-06-13T16:07:52","guid":{"rendered":"http:\/\/catolicanet.net\/wp-cnet\/?p=50118"},"modified":"2019-06-13T13:52:20","modified_gmt":"2019-06-13T16:52:20","slug":"o-papa-francisco-assinou-o-decreto-do-martirio-das-servas-de-deus-maria-pilar-gullon-yturriaga-e-duas-companheiras-sao-conhecidas-como-as-enfermeiras-martires-de-astorga-sua-cidade-natal-as-tres-e","status":"publish","type":"post","link":"https:\/\/catolicanet.net\/wp-cnet\/o-papa-francisco-assinou-o-decreto-do-martirio-das-servas-de-deus-maria-pilar-gullon-yturriaga-e-duas-companheiras-sao-conhecidas-como-as-enfermeiras-martires-de-astorga-sua-cidade-natal-as-tres-e\/","title":{"rendered":"O Papa Francisco assinou o decreto do mart\u00edrio das Servas de Deus, Mar\u00eda Pilar Gull\u00f3n Yturriaga e duas companheiras. S\u00e3o conhecidas como as enfermeiras m\u00e1rtires de Astorga, sua cidade natal. As tr\u00eas eram leigas e foram assassinadas por \u00f3dio \u00e0 f\u00e9 em Pola de Somiedo, Ast\u00farias (Espanha), em 28 de outubro de 1936.  Mar\u00eda Pilar Gull\u00f3n, Octavia Iglesias e Olga P\u00e9rez eram enfermeiras da Cruz Vermelha. Foram estupradas e depois executadas por mulheres milicianas que se ofereceram como volunt\u00e1rias para assassin\u00e1-las.  Este foi um dos primeiros assassinatos de enfermeiras da Cruz Vermelha, j\u00e1 que at\u00e9 ent\u00e3o o fato de ser profissionais da sa\u00fade lhes proporcionava certa imunidade. No entanto, as tr\u00eas se declaravam abertamente cat\u00f3licas e pertenciam \u00e0s Filhas de Maria, \u00e0s Confer\u00eancias de S\u00e3o Vicente de Paulo e \u00e0 A\u00e7\u00e3o Cat\u00f3lica.  Manuel Gull\u00f3n, sobrinho de Mar\u00eda Pilar, que agora ser\u00e1 nomeada beata m\u00e1rtir, concedeu uma entrevista em 2006 para \u2018El Diario de Le\u00f3n\u2019, na qual explica que ele e seus cinco irm\u00e3os iniciaram os procedimentos necess\u00e1rios para a causa do mart\u00edrio destas tr\u00eas enfermeiras.  Segundo conta, &#8220;as enfermeiras volunt\u00e1rias da Cruz Vermelha revezavam a cada quinze dias, e elas tiveram a oportunidade de voltar a Astorga e revezar com outras jovens para cuidar dos feridos da guerra civil no Hospital de Sangue Pola de Somiedo, mas tamb\u00e9m pediram para ficar no segundo turno. Foi quando os milicianos republicanos atacaram&#8221;.  &#8220;Levaram-nas algemadas e amarradas ao povoado. O chefe da expedi\u00e7\u00e3o, apelidado de \u2018El Patas\u2019, ofereceu deixa-las livres e deixar que voltassem a Astorga caso negassem a sua f\u00e9 e se juntassem ao partido. Como se recusaram, foram presas em uma casa de Pola, que ainda existe, e \u2018El Patas\u2019 disse para os milicianos fazerem o que quisessem com elas durante a noite. Estes as estupraram e seu chefe mandou circular um carro de boi no povoado para que o barulho de seus eixos n\u00e3o permitisse escutar os gritos das enfermeiras. No dia seguinte, 28 de outubro de 1936, ao meio-dia, foram fuziladas nuas\u201d, relatou na entrevista.  Posteriormente, o chefe da expedi\u00e7\u00e3o, conhecido como &#8220;El Patas&#8221; foi preso e, no julgamento sumar\u00edssimo ao qual foi submetido, declarou as circunst\u00e2ncias da morte das tr\u00eas enfermeiras e &#8220;um grupo de vizinhos de Astorga trouxe, tamb\u00e9m por escrito, testemunhos dos habitantes do povoado. \u00c9 prova suficiente para o mart\u00edrio&#8221;.  Manuel Gull\u00f3n explicou tamb\u00e9m que n\u00e3o constava nenhum milagre alcan\u00e7ado por intercess\u00e3o destas tr\u00eas jovens, mas recordou a melhora de sa\u00fade de sua m\u00e3e, depois que seu pai, irm\u00e3o de Pilar Gull\u00f3n que foi m\u00e1rtir, comp\u00f4s uma ora\u00e7\u00e3o para as enfermeiras. Seu pai rezou esta ora\u00e7\u00e3o por nove dias, depois dos quais sua m\u00e3e se \u201crecomp\u00f4s completamente\u201d. \u201cN\u00e3o aprofundamos mais, temos documentos m\u00e9dicos que atestam que antes esteve doente, mas n\u00e3o morreu at\u00e9 o ano passado. N\u00e3o fizemos nada com este caso porque queremos acabar com a primeira fase antes, mas iremos incorpor\u00e1-lo ao processo\u201d.     Nesse sentido, tamb\u00e9m ressaltou que n\u00e3o s\u00e3o movidos por nenhuma &#8220;motiva\u00e7\u00e3o pol\u00edtica ou de revanche&#8221;, mas &#8220;apenas por dar testemunho de sua f\u00e9, do quanto as tr\u00eas foram corajosas\u201d."},"content":{"rendered":"<p>A Confer\u00eancia do Episcopado Mexicano (CEM) expressou, em 10 de junho, sua preocupa\u00e7\u00e3o com o acordo sobre as tarifas e pol\u00edtica migrat\u00f3ria realizado entre os governos dos Estados Unidos e do M\u00e9xico.<\/p>\n<p>Nas \u00faltimas semanas, o governo dos Estados Unidos amea\u00e7ou o M\u00e9xico com a imposi\u00e7\u00e3o de uma s\u00e9rie de tarifas \u00e0s exporta\u00e7\u00f5es que afetariam seriamente a economia mexicana, devido aos supostos fracassos deste pa\u00eds para deter as ondas de migrantes da Am\u00e9rica Central e de outros pa\u00edses.<\/p>\n<p>Ap\u00f3s dias de intensas negocia\u00e7\u00f5es, o vice-presidente dos Estados Unidos, Mike Pence, anunciou que o M\u00e9xico concordou em designar 6.000 agentes da Guarda Nacional para a fronteira sul do pa\u00eds, assim como postos de controle migrat\u00f3rios em todo o seu territ\u00f3rio.<\/p>\n<p>Al\u00e9m disso, de acordo com Pence, o M\u00e9xico permitir\u00e1 que &#8220;todos os imigrantes ilegais da Am\u00e9rica Central permane\u00e7am no pa\u00eds enquanto seus pedidos de asilo forem resolvidos&#8221;.<\/p>\n<p>Por sua vez, Marcelo Ebrard, secret\u00e1rio de Rela\u00e7\u00f5es Exteriores do M\u00e9xico, disse em 10 de junho que \u00e9 &#8220;inexato&#8221; dizer que &#8220;vamos militarizar a fronteira sul&#8221; com a Guarda Nacional.<\/p>\n<p>Segundo Ebrard, &#8220;a Guarda Nacional Mexicana vai cobrir todo o territ\u00f3rio nacional e tamb\u00e9m a fronteira sul. Isso n\u00e3o \u00e9 resultado do acordo com os Estados Unidos, j\u00e1 estava estabelecido&#8221;.<\/p>\n<p>O compromisso do M\u00e9xico com os Estados Unidos, disse, foi &#8220;tornar a implanta\u00e7\u00e3o mais r\u00e1pida, isso sim, mas nada mais&#8221;.<\/p>\n<p>Em um comunicado publicado em 10 de junho, a CEM expressou sua &#8220;preocupa\u00e7\u00e3o com a falta de acolhida verdadeiramente humanit\u00e1ria aos nossos irm\u00e3os migrantes que reflete nossas convic\u00e7\u00f5es em rela\u00e7\u00e3o ao reconhecimento e prote\u00e7\u00e3o dos direitos de todos os seres humanos por igual&#8221;.<\/p>\n<p>&#8220;Mobilizar seis mil soldados da Guarda Nacional na fronteira sul n\u00e3o \u00e9 uma solu\u00e7\u00e3o de fundo que atenda \u00e0s verdadeiras causas do fen\u00f4meno migrat\u00f3rio. O combate \u00e0 pobreza e \u00e0 desigualdade no M\u00e9xico e na Am\u00e9rica Central parece ser substitu\u00eddo pelo temor diante do outro, nosso irm\u00e3o&#8221;, expressaram os bispos.<\/p>\n<p>&#8220;Se, como mexicanos, rejeitamos a constru\u00e7\u00e3o de um muro, n\u00e3o podemos nos converter nesse muro&#8221;, acrescentaram.<\/p>\n<p>Para a CEM, &#8220;\u00e9 totalmente leg\u00edtimo e necess\u00e1rio tomar decis\u00f5es corajosas para evitar a imposi\u00e7\u00e3o de tarifas sobre produtos mexicanos comercializados com os Estados Unidos&#8221;. No entanto, ressaltaram os bispos, &#8220;nossos irm\u00e3os migrantes nunca devem ser uma moeda de troca&#8221;.<\/p>\n<p>Por sua vez, a igreja continuar\u00e1 comprometida &#8220;sem hesita\u00e7\u00f5es, proporcionando aos migrantes a ajuda humanit\u00e1ria de que necessitam em sua passagem pelo nosso territ\u00f3rio nacional. Por isso, manifestamos nosso respeito e reconhecimento aos milhares de homens e mulheres da Igreja Cat\u00f3lica, de outras igrejas e da sociedade civil, que h\u00e1 d\u00e9cadas defenderam, colocando a pr\u00f3pria vida em risco, os direitos fundamentais dos migrantes no M\u00e9xico, Estados Unidos e Am\u00e9rica Central\u201d.<\/p>\n<p>Em di\u00e1logo com o Grupo ACI, Dom Alfonso Miranda, secret\u00e1rio-geral da CEM, destacou que a aten\u00e7\u00e3o da Igreja aos migrantes continua, &#8220;tanto em Tapachula, particularmente na entrada para o M\u00e9xico, como no norte e em todas as casas de migrantes que temos, gra\u00e7as a Deus, organizadas em todo o territ\u00f3rio nacional&#8221;.<\/p>\n<p>&#8220;Continuam cheias, saturadas e o atendimento continua a cada dia&#8221;, assinalou.<\/p>\n<p>O Bispo Auxiliar de Monterrey tamb\u00e9m lamentou que &#8220;tenha despertado em muitos mexicanos este sentimento de xenofobia, de rejei\u00e7\u00e3o do migrante&#8221;.<\/p>\n<p>&#8220;Desperta-se em muitos locais do M\u00e9xico um clima antimigrante ou um clima de criminaliza\u00e7\u00e3o do migrante, como se todos fossem ladr\u00f5es ou realizassem o mal\u201d.<\/p>\n<p>Para o Prelado, \u00e9 claro que de um pa\u00eds &#8220;sai todos os tipos de pessoas, mas h\u00e1 um fator de origem que tem a ver com a viol\u00eancia, a pobreza, a falta de oportunidade, o n\u00edvel de trabalho educativo, e tamb\u00e9m impulsionado por amea\u00e7as de grupos criminosos&#8221;.<\/p>\n<p>Para a Igreja, recordou, cuidar dos migrantes \u00e9 seguir &#8220;o mandato direto de Jesus&#8221;.<\/p>\n<p>&#8220;Hoje mesmo, na missa deste dia, est\u00e3o as Bem-aventuran\u00e7as. Esse \u00e9 o nosso credo, essa \u00e9 a nossa doutrina, com a qual regemos nossas a\u00e7\u00f5es: dar de comer ao faminto, \u00e1gua ao sedento, roupa ao nu, abrigo ao que n\u00e3o o tem, sem importar se \u00e9 um migrante, se \u00e9 um mexicano&#8221;.<\/p>\n<p>&#8220;\u00c9 uma pessoa que sofre necessidade, n\u00f3s estendemos nossa m\u00e3o&#8221;, disse.<\/p>\n<p>Dom Miranda disse que as causas da migra\u00e7\u00e3o e como os governos as abordam &#8220;n\u00e3o diz respeito diretamente \u00e0 Igreja, isto \u00e9 responsabilidade dos governos e organismos internacionais&#8221;.<\/p>\n<p>&#8220;A Igreja, os crist\u00e3os, quando vemos um irm\u00e3o que sofre, n\u00e3o podemos ser indiferentes, n\u00e3o podemos priv\u00e1-lo de direitos&#8221;.<\/p>\n<p>Al\u00e9m disso, o Secret\u00e1rio Geral da CEM enfatizou que nem o M\u00e9xico nem os Estados Unidos s\u00e3o pa\u00edses isolados que enfrentam o problema da migra\u00e7\u00e3o e encorajou &#8220;um di\u00e1logo, uma negocia\u00e7\u00e3o, acordos internacionais, onde se busquem solu\u00e7\u00f5es macro&#8221;.<\/p>\n<p>Se n\u00e3o forem resolvidos em n\u00edvel global, disse, &#8220;faremos apenas curativos nos problemas, mas n\u00e3o solu\u00e7\u00f5es de fundo&#8221;.<\/p>\n<p>No que diz respeito \u00e0 Igreja, acrescentou, &#8220;n\u00e3o deixar\u00e1 de fazer o seu trabalho em n\u00edvel individual, da fam\u00edlia, das pessoas. Mas a pol\u00edtica, no sentido mais elevado do termo, n\u00e3o olha s\u00f3 para o bem comum nacional, mas tamb\u00e9m para o bem comum global e internacional&#8221;.<\/p>\n<p>&#8220;Mais cedo ou mais tarde, as repercuss\u00f5es ser\u00e3o globais e, mais cedo ou mais tarde, qualquer pa\u00eds que se feche sofrer\u00e1 consequ\u00eancias inevit\u00e1veis, porque estamos todos conectados&#8221;, concluiu.<\/p>\n","protected":false},"excerpt":{"rendered":"<p>A Confer\u00eancia do Episcopado Mexicano (CEM) expressou, em 10 de junho, sua preocupa\u00e7\u00e3o com o acordo sobre as tarifas e pol\u00edtica migrat\u00f3ria realizado entre os governos dos Estados Unidos e do M\u00e9xico. Nas \u00faltimas semanas, o governo dos Estados Unidos amea\u00e7ou o M\u00e9xico com a imposi\u00e7\u00e3o de uma s\u00e9rie de tarifas \u00e0s exporta\u00e7\u00f5es que afetariam [&hellip;]<\/p>\n","protected":false},"author":1,"featured_media":50119,"comment_status":"open","ping_status":"closed","sticky":false,"template":"","format":"standard","meta":{"footnotes":""},"categories":[4],"tags":[],"class_list":["post-50118","post","type-post","status-publish","format-standard","has-post-thumbnail","hentry","category-cotidiano"],"_links":{"self":[{"href":"https:\/\/catolicanet.net\/wp-cnet\/wp-json\/wp\/v2\/posts\/50118","targetHints":{"allow":["GET"]}}],"collection":[{"href":"https:\/\/catolicanet.net\/wp-cnet\/wp-json\/wp\/v2\/posts"}],"about":[{"href":"https:\/\/catolicanet.net\/wp-cnet\/wp-json\/wp\/v2\/types\/post"}],"author":[{"embeddable":true,"href":"https:\/\/catolicanet.net\/wp-cnet\/wp-json\/wp\/v2\/users\/1"}],"replies":[{"embeddable":true,"href":"https:\/\/catolicanet.net\/wp-cnet\/wp-json\/wp\/v2\/comments?post=50118"}],"version-history":[{"count":1,"href":"https:\/\/catolicanet.net\/wp-cnet\/wp-json\/wp\/v2\/posts\/50118\/revisions"}],"predecessor-version":[{"id":50120,"href":"https:\/\/catolicanet.net\/wp-cnet\/wp-json\/wp\/v2\/posts\/50118\/revisions\/50120"}],"wp:featuredmedia":[{"embeddable":true,"href":"https:\/\/catolicanet.net\/wp-cnet\/wp-json\/wp\/v2\/media\/50119"}],"wp:attachment":[{"href":"https:\/\/catolicanet.net\/wp-cnet\/wp-json\/wp\/v2\/media?parent=50118"}],"wp:term":[{"taxonomy":"category","embeddable":true,"href":"https:\/\/catolicanet.net\/wp-cnet\/wp-json\/wp\/v2\/categories?post=50118"},{"taxonomy":"post_tag","embeddable":true,"href":"https:\/\/catolicanet.net\/wp-cnet\/wp-json\/wp\/v2\/tags?post=50118"}],"curies":[{"name":"wp","href":"https:\/\/api.w.org\/{rel}","templated":true}]}}