{"id":50081,"date":"2019-06-12T14:16:10","date_gmt":"2019-06-12T17:16:10","guid":{"rendered":"http:\/\/catolicanet.net\/wp-cnet\/?p=50081"},"modified":"2019-06-12T14:16:10","modified_gmt":"2019-06-12T17:16:10","slug":"estado-islamico-reivindica-pela-primeira-vez-acao-armada-em-mocambique","status":"publish","type":"post","link":"https:\/\/catolicanet.net\/wp-cnet\/estado-islamico-reivindica-pela-primeira-vez-acao-armada-em-mocambique\/","title":{"rendered":"Estado Isl\u00e2mico reivindica pela primeira vez a\u00e7\u00e3o armada em Mo\u00e7ambique"},"content":{"rendered":"<p>O norte de Mo\u00e7ambique tem sido palco de ataques desde outubro de 2017, mas, pela primeira vez, o autoproclamado Estado Isl\u00e2mico (SIS) assumiu a sua presen\u00e7a na regi\u00e3o reivindicando uma a\u00e7\u00e3o armada contra uma coluna do ex\u00e9rcito na regi\u00e3o de Moc\u00edmboa.<\/p>\n<p>Segundo informa a Funda\u00e7\u00e3o pontif\u00edcia Ajuda \u00e0 igreja que Sofre (ACN), a a\u00e7\u00e3o reivindicada pelos jihadistas aconteceu em 3 de junho. Os terroristas afirmam ter conseguido repelir um ataque dos \u201ccruzados\u201d do ex\u00e9rcito na localidade de Metubi, no norte de Mo\u00e7ambique, tendo \u201cmatado e ferido\u201d v\u00e1rios elementos.<\/p>\n<p>Em comunicado, o ISIS declara que \u201cos mujahideen capturaram armas, muni\u00e7\u00f5es e rockets\u201d. Al\u00e9m disso, no mesmo dia, os jihadistas reivindicaram a responsabilidade por outro ataque noturno na Rep\u00fablica Democr\u00e1tica do Congo.<\/p>\n<p>Em um v\u00eddeo divulgado no in\u00edcio de maio deste ano, o l\u00edder do Estado Isl\u00e2mico, Abu Bakr al-Baghdadi, afirmou que o grupo terrorista estava recebendo novos juramentos de lealdade em alguns pa\u00edses de \u00c1frica, como Mali e Burkina Faso, aludindo \u00e0 inten\u00e7\u00e3o da cria\u00e7\u00e3o de um califado neste continente fazendo refer\u00eancia \u00e0 \u201cprov\u00edncia da \u00c1frica Central\u201d.<\/p>\n<p>At\u00e9 o momento, assinala ACN, estima-se que cerca de duas centenas de pessoas tenham sido assassinadas e milhares foram for\u00e7ados a fugir de suas casas por causa de ataques que muitos observadores consideram estar relacionados, provavelmente, com grupos extremistas isl\u00e2micos.<\/p>\n<p><strong>Fundamentalismo isl\u00e2mico em Mo\u00e7ambique<\/strong><\/p>\n<p>A exist\u00eancia de um novo \u201cproblema\u201d no norte de Mo\u00e7ambique relacionado ao \u201cfundamentalismo isl\u00e2mico\u201d j\u00e1 havia sido alertada pelo novo Bispo de Tete, Dom Diamantino Antunes, no \u00faltimo m\u00eas de mar\u00e7o, durante um encontro promovido em Leiria (Portugal) pela Funda\u00e7\u00e3o ACN, quando foi apresentado o Relat\u00f3rio sobre a Liberdade Religiosa no Mundo.<\/p>\n<p>Segundo este relat\u00f3rio, \u201capesar de os mu\u00e7ulmanos mo\u00e7ambicanos serem considerados moderados, pregadores radicais est\u00e3o a ganhar seguidores h\u00e1 v\u00e1rios anos\u201d.<\/p>\n<p>\u201cDado o compromisso da Igreja Cat\u00f3lica com os direitos humanos, o seu recente papel construtivo no processo de paz do pa\u00eds e a sua posi\u00e7\u00e3o forte na sociedade auguram bem para a prote\u00e7\u00e3o da liberdade religiosa. Contudo, o crescimento do Islamismo, importado por pregadores que estudaram no estrangeiro, sugere que a intoler\u00e2ncia religiosa pode tornar-se um problema crescente em Mo\u00e7ambique, \u00e0 semelhan\u00e7a do que j\u00e1 acontece m outras partes da \u00c1frica Oriental\u201d, afirma o relat\u00f3rio em rela\u00e7\u00e3o \u00e0s perspectivas para a liberdade religiosa no pa\u00eds.<\/p>\n<p>No encontro em Leiria, Dom Diamantino explicou que os problemas com os extremistas isl\u00e2micos come\u00e7aram a se fazer sentir h\u00e1 cerca de 15 anos, quando \u201cchegaram pregadores isl\u00e2micos\u201d oriundos de pa\u00edses como o \u201cPaquist\u00e3o, Egito, e da vizinha Tanz\u00e2nia\u201d, e que traziam um \u201cisl\u00e3 radicalizado\u201d.<\/p>\n<p>De acordo com o Bispo, estes pregadores querem \u201cimpor a lei isl\u00e2mica, a sharia\u201d, e esta \u00e9 uma quest\u00e3o sens\u00edvel que n\u00e3o deve ser escamoteada.<\/p>\n<p>\u201cH\u00e1 uma tenaz do radicalismo isl\u00e2mico que est\u00e1 apertando o continente africano\u201d, diz o Prelado, acrescentando que essa tenaz j\u00e1 se faz sentir em pa\u00edses como o Mali, Nig\u00e9ria, Burkina Faso, Costa do Marfim, ou, por exemplo, a Rep\u00fablica Centro-Africana.<\/p>\n<p>Para Dom Diamantino Antunes, esta corrente de radicalismo isl\u00e2mico \u201cpossivelmente j\u00e1 est\u00e1 infiltrada em Mo\u00e7ambique\u201d.<\/p>\n","protected":false},"excerpt":{"rendered":"<p>O norte de Mo\u00e7ambique tem sido palco de ataques desde outubro de 2017, mas, pela primeira vez, o autoproclamado Estado Isl\u00e2mico (SIS) assumiu a sua presen\u00e7a na regi\u00e3o reivindicando uma a\u00e7\u00e3o armada contra uma coluna do ex\u00e9rcito na regi\u00e3o de Moc\u00edmboa. Segundo informa a Funda\u00e7\u00e3o pontif\u00edcia Ajuda \u00e0 igreja que Sofre (ACN), a a\u00e7\u00e3o reivindicada [&hellip;]<\/p>\n","protected":false},"author":1,"featured_media":50082,"comment_status":"open","ping_status":"closed","sticky":false,"template":"","format":"standard","meta":{"footnotes":""},"categories":[4],"tags":[],"class_list":["post-50081","post","type-post","status-publish","format-standard","has-post-thumbnail","hentry","category-cotidiano"],"_links":{"self":[{"href":"https:\/\/catolicanet.net\/wp-cnet\/wp-json\/wp\/v2\/posts\/50081","targetHints":{"allow":["GET"]}}],"collection":[{"href":"https:\/\/catolicanet.net\/wp-cnet\/wp-json\/wp\/v2\/posts"}],"about":[{"href":"https:\/\/catolicanet.net\/wp-cnet\/wp-json\/wp\/v2\/types\/post"}],"author":[{"embeddable":true,"href":"https:\/\/catolicanet.net\/wp-cnet\/wp-json\/wp\/v2\/users\/1"}],"replies":[{"embeddable":true,"href":"https:\/\/catolicanet.net\/wp-cnet\/wp-json\/wp\/v2\/comments?post=50081"}],"version-history":[{"count":1,"href":"https:\/\/catolicanet.net\/wp-cnet\/wp-json\/wp\/v2\/posts\/50081\/revisions"}],"predecessor-version":[{"id":50083,"href":"https:\/\/catolicanet.net\/wp-cnet\/wp-json\/wp\/v2\/posts\/50081\/revisions\/50083"}],"wp:featuredmedia":[{"embeddable":true,"href":"https:\/\/catolicanet.net\/wp-cnet\/wp-json\/wp\/v2\/media\/50082"}],"wp:attachment":[{"href":"https:\/\/catolicanet.net\/wp-cnet\/wp-json\/wp\/v2\/media?parent=50081"}],"wp:term":[{"taxonomy":"category","embeddable":true,"href":"https:\/\/catolicanet.net\/wp-cnet\/wp-json\/wp\/v2\/categories?post=50081"},{"taxonomy":"post_tag","embeddable":true,"href":"https:\/\/catolicanet.net\/wp-cnet\/wp-json\/wp\/v2\/tags?post=50081"}],"curies":[{"name":"wp","href":"https:\/\/api.w.org\/{rel}","templated":true}]}}