{"id":50038,"date":"2019-06-11T15:43:05","date_gmt":"2019-06-11T18:43:05","guid":{"rendered":"http:\/\/catolicanet.net\/wp-cnet\/?p=50038"},"modified":"2019-06-11T15:43:05","modified_gmt":"2019-06-11T18:43:05","slug":"cardeal-sako-desejo-do-papa-de-vir-ao-iraque-e-um-apoio-extraordinario","status":"publish","type":"post","link":"https:\/\/catolicanet.net\/wp-cnet\/cardeal-sako-desejo-do-papa-de-vir-ao-iraque-e-um-apoio-extraordinario\/","title":{"rendered":"Cardeal Sako: desejo do Papa de vir ao Iraque \u00e9 um apoio extraordin\u00e1rio"},"content":{"rendered":"<div class=\"article__subTitle\">O patriarca de Babil\u00f4nia dos Caldeus, cardeal Louis Rapha\u00ebl I Sako, conta ao Vatican News a alegria de todos os habitantes do Iraque, crist\u00e3os e mu\u00e7ulmanos, quando o Papa manifestou o desejo de ir, no pr\u00f3ximo ano, ao Pa\u00eds do Golfo. A visita de Francisco abrir\u00e1 a porta para uma nova mentalidade de paz.<\/div>\n<div class=\"title__separator\"><\/div>\n<div class=\"article__text\">\n<p><b>Giada Aquilino\/Mariangela Jaguraba \u2013 Cidade do Vaticano<\/b><\/p>\n<p>\u201cTodos aqueles que encontramos pelas ruas, mu\u00e7ulmanos e crist\u00e3os, mostraram grande alegria.\u201d O patriarca de Babil\u00f4nia dos Caldeus, cardeal Louis Rapha\u00ebl I Sako, falou sobre a rea\u00e7\u00e3o das pessoas, no Iraque, depois do an\u00fancio do Papa Francisco, nesta segunda-feira (10\/06), aos participantes da plen\u00e1ria da Reuni\u00e3o das Obras de Ajuda \u00e0s Igrejas Orientais (Roaco), em que manifestou o desejo de ir ao Iraque, no pr\u00f3ximo ano.<\/p>\n<h2>A alegria dos iraquianos<\/h2>\n<p>Contatado telefonicamente em Erbil, onde participou do juramento do presidente do Curdist\u00e3o iraquiano, Netchirvan Barzani, o patriarca Sako disse que estava na inaugura\u00e7\u00e3o de um sal\u00e3o na diocese, em Ankawa, quando soube e comunicou a not\u00edcia aos presentes.<\/p>\n<p>\u201cHavia quase quinhentas pessoas\u201d que ao ouvirem o que o Papa Francisco disse, \u201caplaudiram \u00e0 maneira iraquiana, dizendo \u2018aleluia, aleluia\u2019. Para eles \u00e9 um apoio extraordin\u00e1rio\u201d a visita do Pont\u00edfice.<\/p>\n<p>\u201cNo pr\u00f3ximo domingo\u201d, disse o purpurado, \u201cpedirei a todos os nossos sacerdotes para rezar durante a missa por essa visita. \u00c9 a primeira vez na hist\u00f3ria que um Papa vem ao Iraque. O Governo tamb\u00e9m esperava essa visita, bem como a popula\u00e7\u00e3o\u201d, as pessoas comuns.<\/p>\n<h2>Uma nova mentalidade de paz<\/h2>\n<p>O Papa deseja que no Iraque haja uma participa\u00e7\u00e3o \u201cpac\u00edfica e partilhada\u201d na constru\u00e7\u00e3o do bem comum \u201cde todos as componentes religiosas\u201d da sociedade.<\/p>\n<p>\u201cO homem precisa ser constru\u00eddo\u201d, refletiu dom Sako: \u201cA constru\u00e7\u00e3o material vem depois\u201d. \u201cH\u00e1 necessidade\u201d, acrescentou ele, \u201cde uma forma\u00e7\u00e3o s\u00f3lida, de abertura e respeito rec\u00edprocos pela vida, a paz e a natureza. Acredito que a visita do Papa abrir\u00e1 a porta para uma nova mentalidade, uma nova cultura, conforme aconteceu quando ele foi \u00e0 Jord\u00e2nia, aos \u00a0Emirados \u00c1rabes Unidos, Egito e Marrocos. Acredito que a mensagem ser\u00e1 muito forte\u201d.<\/p>\n<h2>Superado o rancor<\/h2>\n<p>Embora ainda estejam ativas as c\u00e9lulas jihadistas do Estado isl\u00e2mico, a situa\u00e7\u00e3o no terreno \u201cmelhorou\u201d, relatou o patriarca. \u201cNo Curdist\u00e3o a seguran\u00e7a \u00e9 quase absoluta\u201d e tamb\u00e9m em Bagd\u00e1 \u201cas pessoas sofrem menos e levam uma vida normal\u201d. At\u00e9 mesmo para os crist\u00e3os, durante anos obrigados a fugir, as condi\u00e7\u00f5es s\u00e3o diferentes. O incentivo \u00e0 \u201cdiscrimina\u00e7\u00e3o contra eles cessou\u201d, frisou dom Sako. \u201cFormamos um comit\u00ea de di\u00e1logo entre crist\u00e3os e mu\u00e7ulmanos, xiitas e sunitas, e outros, trabalhando por dois anos. Esse discurso de ressentimento realmente desapareceu\u201d, sublinhou.<\/p>\n<h2>Tens\u00f5es entre Ir\u00e3 e EUA<\/h2>\n<p>Francisco reza para que o Iraque n\u00e3o caia em tens\u00f5es que v\u00eam dos \u201cintermin\u00e1veis conflitos das pot\u00eancias regionais\u201d. \u201cTeme-se\u201d, explicou o cardeal Sako, \u201cde que a tens\u00e3o entre o Ir\u00e3 e os Estados Unidos leve a uma guerra\u201d, com repercuss\u00f5es regionais.<\/p>\n<p>\u201cEsperamos que n\u00e3o\u201d, afirmou o patriarca, lembrando que \u201ca posi\u00e7\u00e3o do Governo iraquiano \u00e9 prudente\u201d e esperando que \u201cos iranianos escolham dialogar com os americanos, pois eles sabem muito bem o que significa uma guerra\u201d.<\/p>\n<\/div>\n","protected":false},"excerpt":{"rendered":"<p>O patriarca de Babil\u00f4nia dos Caldeus, cardeal Louis Rapha\u00ebl I Sako, conta ao Vatican News a alegria de todos os habitantes do Iraque, crist\u00e3os e mu\u00e7ulmanos, quando o Papa manifestou o desejo de ir, no pr\u00f3ximo ano, ao Pa\u00eds do Golfo. A visita de Francisco abrir\u00e1 a porta para uma nova mentalidade de paz. Giada [&hellip;]<\/p>\n","protected":false},"author":1,"featured_media":50039,"comment_status":"open","ping_status":"closed","sticky":false,"template":"","format":"standard","meta":{"footnotes":""},"categories":[3],"tags":[],"class_list":["post-50038","post","type-post","status-publish","format-standard","has-post-thumbnail","hentry","category-vaticano"],"_links":{"self":[{"href":"https:\/\/catolicanet.net\/wp-cnet\/wp-json\/wp\/v2\/posts\/50038","targetHints":{"allow":["GET"]}}],"collection":[{"href":"https:\/\/catolicanet.net\/wp-cnet\/wp-json\/wp\/v2\/posts"}],"about":[{"href":"https:\/\/catolicanet.net\/wp-cnet\/wp-json\/wp\/v2\/types\/post"}],"author":[{"embeddable":true,"href":"https:\/\/catolicanet.net\/wp-cnet\/wp-json\/wp\/v2\/users\/1"}],"replies":[{"embeddable":true,"href":"https:\/\/catolicanet.net\/wp-cnet\/wp-json\/wp\/v2\/comments?post=50038"}],"version-history":[{"count":1,"href":"https:\/\/catolicanet.net\/wp-cnet\/wp-json\/wp\/v2\/posts\/50038\/revisions"}],"predecessor-version":[{"id":50040,"href":"https:\/\/catolicanet.net\/wp-cnet\/wp-json\/wp\/v2\/posts\/50038\/revisions\/50040"}],"wp:featuredmedia":[{"embeddable":true,"href":"https:\/\/catolicanet.net\/wp-cnet\/wp-json\/wp\/v2\/media\/50039"}],"wp:attachment":[{"href":"https:\/\/catolicanet.net\/wp-cnet\/wp-json\/wp\/v2\/media?parent=50038"}],"wp:term":[{"taxonomy":"category","embeddable":true,"href":"https:\/\/catolicanet.net\/wp-cnet\/wp-json\/wp\/v2\/categories?post=50038"},{"taxonomy":"post_tag","embeddable":true,"href":"https:\/\/catolicanet.net\/wp-cnet\/wp-json\/wp\/v2\/tags?post=50038"}],"curies":[{"name":"wp","href":"https:\/\/api.w.org\/{rel}","templated":true}]}}