{"id":50032,"date":"2019-06-11T15:13:38","date_gmt":"2019-06-11T18:13:38","guid":{"rendered":"http:\/\/catolicanet.net\/wp-cnet\/?p=50032"},"modified":"2019-06-11T15:13:38","modified_gmt":"2019-06-11T18:13:38","slug":"como-a-fe-no-sagrado-coracao-evitou-a-destruicao-de-um-vilarejo","status":"publish","type":"post","link":"https:\/\/catolicanet.net\/wp-cnet\/como-a-fe-no-sagrado-coracao-evitou-a-destruicao-de-um-vilarejo\/","title":{"rendered":"Como a f\u00e9 no Sagrado Cora\u00e7\u00e3o evitou a destrui\u00e7\u00e3o de um vilarejo"},"content":{"rendered":"<h2 class=\"subtitle\">Uma erup\u00e7\u00e3o vulc\u00e2nica se aproximava do local. Os moradores correram para uma igreja e algo extraordin\u00e1rio aconteceu<\/h2>\n<div class=\"base-post-content\">No dia 8 de maio de 1902, uma grande erup\u00e7\u00e3o vulc\u00e2nica vinda do Monte Pel\u00e9e, na ilha de Martinica (Caribe) dizimou o vilarejo de Saint-Pierre e seguiu para o vilarejo de Morne Rouge.Era a festa da Ascens\u00e3o e os paroquianos locais reuniram-se na igreja cat\u00f3lica, assustados com a erup\u00e7\u00e3o. A popula\u00e7\u00e3o, ent\u00e3o, foi consagrada ao Sagrado Cora\u00e7\u00e3o de Jesus e o p\u00e1roco exp\u00f4s a Eucaristia para adora\u00e7\u00e3o no altar.<\/p>\n<p>Todos queriam fazer o que eles acreditavam ser a \u00faltima confiss\u00e3o. Enquanto rezavam fervorosamente por suas vidas, olharam para cima e notaram uma apari\u00e7\u00e3o do Sagrado Cora\u00e7\u00e3o.<\/p>\n<p>O Sagrado Cora\u00e7\u00e3o de Jesus estava coroado de espinhos e alguns viram seu precioso sangue pingando do cora\u00e7\u00e3o. A apari\u00e7\u00e3o durou v\u00e1rias horas, e um grande n\u00famero de pessoas testemunhou o acontecimento milagroso.<\/p>\n<p>Naquele dia, o vilarejo foi poupado da erup\u00e7\u00e3o vulc\u00e2nica e todos tiveram a chance de se reconciliar com Deus no sacramento da confiss\u00e3o.<\/p>\n<p>No entanto, alguns meses depois, em 30 de agosto, ocorreu outra erup\u00e7\u00e3o vulc\u00e2nica e muitos foram mortos na cidade de Morne Rouge. A popula\u00e7\u00e3o acredita que Deus os poupou em 8 de maio para que eles pudessem ter tempo extra para fazer as pazes com Deus antes que Ele os chamasse de volta para casa. Em vez de ver isso como um sinal da ira do Senhor, eles acreditavam que era um ato de miseric\u00f3rdia e permanecem comprometidos com o Sagrado Cora\u00e7\u00e3o mesmo ap\u00f3s um acontecimento t\u00e3o tr\u00e1gico.<\/p>\n<\/div>\n","protected":false},"excerpt":{"rendered":"<p>Uma erup\u00e7\u00e3o vulc\u00e2nica se aproximava do local. Os moradores correram para uma igreja e algo extraordin\u00e1rio aconteceu No dia 8 de maio de 1902, uma grande erup\u00e7\u00e3o vulc\u00e2nica vinda do Monte Pel\u00e9e, na ilha de Martinica (Caribe) dizimou o vilarejo de Saint-Pierre e seguiu para o vilarejo de Morne Rouge.Era a festa da Ascens\u00e3o e [&hellip;]<\/p>\n","protected":false},"author":1,"featured_media":50033,"comment_status":"open","ping_status":"closed","sticky":false,"template":"","format":"standard","meta":{"footnotes":""},"categories":[4],"tags":[],"class_list":["post-50032","post","type-post","status-publish","format-standard","has-post-thumbnail","hentry","category-cotidiano"],"_links":{"self":[{"href":"https:\/\/catolicanet.net\/wp-cnet\/wp-json\/wp\/v2\/posts\/50032","targetHints":{"allow":["GET"]}}],"collection":[{"href":"https:\/\/catolicanet.net\/wp-cnet\/wp-json\/wp\/v2\/posts"}],"about":[{"href":"https:\/\/catolicanet.net\/wp-cnet\/wp-json\/wp\/v2\/types\/post"}],"author":[{"embeddable":true,"href":"https:\/\/catolicanet.net\/wp-cnet\/wp-json\/wp\/v2\/users\/1"}],"replies":[{"embeddable":true,"href":"https:\/\/catolicanet.net\/wp-cnet\/wp-json\/wp\/v2\/comments?post=50032"}],"version-history":[{"count":1,"href":"https:\/\/catolicanet.net\/wp-cnet\/wp-json\/wp\/v2\/posts\/50032\/revisions"}],"predecessor-version":[{"id":50034,"href":"https:\/\/catolicanet.net\/wp-cnet\/wp-json\/wp\/v2\/posts\/50032\/revisions\/50034"}],"wp:featuredmedia":[{"embeddable":true,"href":"https:\/\/catolicanet.net\/wp-cnet\/wp-json\/wp\/v2\/media\/50033"}],"wp:attachment":[{"href":"https:\/\/catolicanet.net\/wp-cnet\/wp-json\/wp\/v2\/media?parent=50032"}],"wp:term":[{"taxonomy":"category","embeddable":true,"href":"https:\/\/catolicanet.net\/wp-cnet\/wp-json\/wp\/v2\/categories?post=50032"},{"taxonomy":"post_tag","embeddable":true,"href":"https:\/\/catolicanet.net\/wp-cnet\/wp-json\/wp\/v2\/tags?post=50032"}],"curies":[{"name":"wp","href":"https:\/\/api.w.org\/{rel}","templated":true}]}}