{"id":5003,"date":"2014-08-15T12:53:33","date_gmt":"2014-08-15T15:53:33","guid":{"rendered":"http:\/\/catolicanet.net\/wp-cnet\/papa-francisco-denuncia-qcancer-da-desesperancaq\/"},"modified":"2017-04-06T11:47:16","modified_gmt":"2017-04-06T14:47:16","slug":"papa-francisco-denuncia-qcancer-da-desesperancaq","status":"publish","type":"post","link":"https:\/\/catolicanet.net\/wp-cnet\/papa-francisco-denuncia-qcancer-da-desesperancaq\/","title":{"rendered":"Papa Francisco denuncia &#8220;c\u00e2ncer da desesperan\u00e7a&#8221;"},"content":{"rendered":"<p style=\"text-align: justify;\"><strong>Em missa na regi\u00e3o de Seul, o Santo Padre falou dos males provocados pelo materialismo e os modelos econ\u00f4micos desumanos<\/strong><\/p>\n<p><img decoding=\"async\" src=\"http:\/\/catolicanet.com.br\/images\/stories\/papas\/papacancerdesesperanca.jpg\" border=\"0\" align=\"left\" \/>O papa Francisco pronunciou nesta sexta-feira, diante de 45.000 fi\u00e9is reunidos em um est\u00e1dio na regi\u00e3o de Seul, um discurso intenso com cr\u00edticas aos males provocados pela sociedade de consumo, respons\u00e1vel em suas palavras pelo &#8220;c\u00e2ncer da desesperan\u00e7a&#8221;.<\/p>\n<p>No segundo dia da visita a Coreia do Sul, Francisco celebrou a missa da Assun\u00e7\u00e3o para milhares de devotos no &#8220;World Cup Stadium&#8221; de Daejeon.<\/p>\n<p>O dia sagrado coincide na Coreia com o anivers\u00e1rio da liberta\u00e7\u00e3o, em 1945, da pen\u00ednsula do dom\u00ednio colonial japon\u00eas.<\/p>\n<p>&#8220;A esperan\u00e7a oferecida pelo Evangelho \u00e9 o ant\u00eddoto para o esp\u00edrito de desesperan\u00e7a que parece crescer como um c\u00e2ncer na sociedade, que no exterior \u00e9 pr\u00f3spera, mas que frequentemente vive a experi\u00eancia da tristeza interior e o vazio&#8221;, disse o pont\u00edfice.<\/p>\n<p>&#8220;A quantos de nossos jovens esta desesperan\u00e7a fez pagar um tributo&#8221;, completou.<\/p>\n<p>&#8220;Possam os crist\u00e3os desta na\u00e7\u00e3o combater a atra\u00e7\u00e3o do materialismo que asfixia os aut\u00eanticos valores espirituais e culturais, assim como o esp\u00edrito de concorr\u00eancia desenfreado que gera ego\u00edsmo e conflitos. Que rejeitem tamb\u00e9m os modelos econ\u00f4micos desumanos que criam novas formas de pobreza e marginalizam os trabalhadores&#8221;, apelou o papa.<\/p>\n<p>Em uma forte cr\u00edtica ao modelo de sociedade competitiva que ganha cada vez mais espa\u00e7o na \u00c1sia, do Jap\u00e3o a Cingapura, de Taiwan at\u00e9 a Coreia, e inclusive a China, o l\u00edder da Igreja Cat\u00f3lica advertiu sobre &#8220;a cultura da morte que desvaloriza a imagem de Deus, o Deus da vida, e viola a dignidade de cada homem, mulher e crian\u00e7a&#8221;, em uma refer\u00eancia ao suic\u00eddio, ao aborto e \u00e0 eutan\u00e1sia.<\/p>\n<p>Na quinta-feira, o sumo pont\u00edfice convidou os 35 bispos sul-coreanos a reencontrar-se com o esp\u00edrito mission\u00e1rio, antes da boa gest\u00e3o.<\/p>\n<p>Um pa\u00eds em luto pela trag\u00e9dia do Sewol<\/p>\n<p>Antes da missa para a multid\u00e3o, Francisco se encontrou com 38 sobreviventes e parentes de v\u00edtimas do naufr\u00e1gio da balsa Sewol, que aconteceu no sul pa\u00eds em 16 de abril. A cat\u00e1strofe deixou quase 300 mortos, em sua maioria estudantes em viagem escolar.<\/p>\n<p>&#8220;Eu sou protestante, mas acredito que a visita do papa ajudar\u00e1 a curar as feridas do naufr\u00e1gio&#8221;, disse Kim Hyeong-Ki, pai de uma v\u00edtima.<\/p>\n<p>Durante a missa, o papa rezou pelas v\u00edtimas da trag\u00e9dia e recebeu em audi\u00eancia privada v\u00e1rias fam\u00edlias, que entregaram cartas com pedidos para que o pont\u00edfice utilize sua influ\u00eancia para obter uma investiga\u00e7\u00e3o independente.<\/p>\n<p>O papa tamb\u00e9m aceitou batizar o pai de um dos adolescentes mortos no naufr\u00e1gio.<\/p>\n<p>&#8220;\u00c9 altamente simb\u00f3lico que o papa batize um adulto em um pa\u00eds que registra 100.000 batizados cat\u00f3licos por ano&#8221;, afirmou o porta-voz da Santa S\u00e9, o padre Federico Lombardi.<\/p>\n<p>Milhares de fi\u00e9is saudaram Francisco nas ruas de Seul. O papa interrompeu o caminho at\u00e9 o est\u00e1dio v\u00e1rias vezes para aben\u00e7oar as crian\u00e7as.<\/p>\n<p>M\u00edsseis norte-coreanos<\/p>\n<p>Dentro do est\u00e1dio, a multid\u00e3o gritou &#8220;Viva o Papa!&#8221; e &#8220;Mansei!&#8221; (&#8220;vida longa&#8221; em coreano).<\/p>\n<p>A visita do papa desperta grande entusiasmo na Coreia do Sul, onde os crist\u00e3os &#8211; em sua maioria protestantes &#8211; s\u00e3o mais numerosos que os budistas. Os 5,3 milh\u00f5es de cat\u00f3licos (10,7% da popula\u00e7\u00e3o) integram uma Igreja din\u00e2mica, influente e em pleno desenvolvimento.<\/p>\n<p>A chegada do pont\u00edfice na quinta-feira em Seul foi marcada pelo lan\u00e7amento de teste de m\u00edsseis norte-coreanos, uma medida utilizada com frequ\u00eancia pelo regime de Pyongyang para demonstrar descontentamento e amea\u00e7ar a Coreia do Sul e seus aliados.<\/p>\n<p>Mas Pyongyang afirmou nesta sexta-feira que os disparos de m\u00edsseis a partir da costa, que coincidiram com a chegada do Papa Francisco \u00e0 Coreia do Sul na quinta-feira, foram realizados para comemorar o anivers\u00e1rio da liberta\u00e7\u00e3o do pa\u00eds do dom\u00ednio japon\u00eas.<\/p>\n<p>Em um breve comunicado, que n\u00e3o menciona a visita de cinco dias do Papa \u00e0 Coreia do Sul, a ag\u00eancia de not\u00edcias oficial KCNA assinalou que o l\u00edder norte-coreano, Kim Jong-Un, supervisionou pessoalmente os testes com um m\u00edssil t\u00e1tico de alta precis\u00e3o.<\/p>\n<p>O papa Francisco fez um apelo na quinta-feira \u00e0s duas Coreias para que superem as recrimina\u00e7\u00f5es e parem de recorrer \u00e0 mobiliza\u00e7\u00e3o de for\u00e7as.<\/p>\n<p>Fonte: Aleteia<\/p>\n","protected":false},"excerpt":{"rendered":"<p>Em missa na regi\u00e3o de Seul, o Santo Padre falou dos males provocados pelo materialismo e os modelos econ\u00f4micos desumanos O papa Francisco pronunciou nesta sexta-feira, diante de 45.000 fi\u00e9is reunidos em um est\u00e1dio na regi\u00e3o de Seul, um discurso intenso com cr\u00edticas aos males provocados pela sociedade de consumo, respons\u00e1vel em suas palavras pelo [&hellip;]<\/p>\n","protected":false},"author":1,"featured_media":0,"comment_status":"closed","ping_status":"closed","sticky":false,"template":"","format":"standard","meta":{"footnotes":""},"categories":[3],"tags":[],"class_list":["post-5003","post","type-post","status-publish","format-standard","hentry","category-vaticano"],"_links":{"self":[{"href":"https:\/\/catolicanet.net\/wp-cnet\/wp-json\/wp\/v2\/posts\/5003","targetHints":{"allow":["GET"]}}],"collection":[{"href":"https:\/\/catolicanet.net\/wp-cnet\/wp-json\/wp\/v2\/posts"}],"about":[{"href":"https:\/\/catolicanet.net\/wp-cnet\/wp-json\/wp\/v2\/types\/post"}],"author":[{"embeddable":true,"href":"https:\/\/catolicanet.net\/wp-cnet\/wp-json\/wp\/v2\/users\/1"}],"replies":[{"embeddable":true,"href":"https:\/\/catolicanet.net\/wp-cnet\/wp-json\/wp\/v2\/comments?post=5003"}],"version-history":[{"count":1,"href":"https:\/\/catolicanet.net\/wp-cnet\/wp-json\/wp\/v2\/posts\/5003\/revisions"}],"predecessor-version":[{"id":9897,"href":"https:\/\/catolicanet.net\/wp-cnet\/wp-json\/wp\/v2\/posts\/5003\/revisions\/9897"}],"wp:attachment":[{"href":"https:\/\/catolicanet.net\/wp-cnet\/wp-json\/wp\/v2\/media?parent=5003"}],"wp:term":[{"taxonomy":"category","embeddable":true,"href":"https:\/\/catolicanet.net\/wp-cnet\/wp-json\/wp\/v2\/categories?post=5003"},{"taxonomy":"post_tag","embeddable":true,"href":"https:\/\/catolicanet.net\/wp-cnet\/wp-json\/wp\/v2\/tags?post=5003"}],"curies":[{"name":"wp","href":"https:\/\/api.w.org\/{rel}","templated":true}]}}