{"id":50026,"date":"2019-06-11T14:01:20","date_gmt":"2019-06-11T17:01:20","guid":{"rendered":"http:\/\/catolicanet.net\/wp-cnet\/?p=50026"},"modified":"2019-06-11T14:01:20","modified_gmt":"2019-06-11T17:01:20","slug":"assembleia-regional-dos-bispos-do-sul-1-elegera-a-nova-presidencia","status":"publish","type":"post","link":"https:\/\/catolicanet.net\/wp-cnet\/assembleia-regional-dos-bispos-do-sul-1-elegera-a-nova-presidencia\/","title":{"rendered":"Assembleia Regional dos Bispos do Sul 1 eleger\u00e1 a nova Presid\u00eancia"},"content":{"rendered":"<p>A 82\u00aa Assembleia dos Bispos do Regional Sul 1 da Confer\u00eancia Nacional dos Bispos do Brasil (CNBB), que compreende as dioceses do Estado de S\u00e3o Paulo, acontece entre os dias 11 a 13 de junho, em Itaici, Indaiatuba (SP).<\/p>\n<p>Neste ano, a Assembleia anual ser\u00e1 eletiva e ter\u00e1 como tema central\u00a0 \u201cAs Diretrizes da A\u00e7\u00e3o Evangelizadora da Igreja no Brasil para 2019-2023\u201d, aprovadas pela Assembleia Geral da CNBB, e suas implica\u00e7\u00f5es para o Regional.<\/p>\n<p>A mat\u00e9ria completa est\u00e1 <a href=\"http:\/\/cnbbsul1.org.br\/assembleia-regional-dos-bispos-comeca-na-proxima-terca-feira-11-06-em-itaici-indaiatuba-e-elegera-a-nova-presidencia\/\">aqui<\/a> no site do Regional Sul 1 da CNBB<\/p>\n","protected":false},"excerpt":{"rendered":"<p>A 82\u00aa Assembleia dos Bispos do Regional Sul 1 da Confer\u00eancia Nacional dos Bispos do Brasil (CNBB), que compreende as dioceses do Estado de S\u00e3o Paulo, acontece entre os dias 11 a 13 de junho, em Itaici, Indaiatuba (SP). Neste ano, a Assembleia anual ser\u00e1 eletiva e ter\u00e1 como tema central\u00a0 \u201cAs Diretrizes da A\u00e7\u00e3o [&hellip;]<\/p>\n","protected":false},"author":1,"featured_media":50027,"comment_status":"open","ping_status":"closed","sticky":false,"template":"","format":"standard","meta":{"footnotes":""},"categories":[7],"tags":[],"class_list":["post-50026","post","type-post","status-publish","format-standard","has-post-thumbnail","hentry","category-cnbb"],"_links":{"self":[{"href":"https:\/\/catolicanet.net\/wp-cnet\/wp-json\/wp\/v2\/posts\/50026","targetHints":{"allow":["GET"]}}],"collection":[{"href":"https:\/\/catolicanet.net\/wp-cnet\/wp-json\/wp\/v2\/posts"}],"about":[{"href":"https:\/\/catolicanet.net\/wp-cnet\/wp-json\/wp\/v2\/types\/post"}],"author":[{"embeddable":true,"href":"https:\/\/catolicanet.net\/wp-cnet\/wp-json\/wp\/v2\/users\/1"}],"replies":[{"embeddable":true,"href":"https:\/\/catolicanet.net\/wp-cnet\/wp-json\/wp\/v2\/comments?post=50026"}],"version-history":[{"count":1,"href":"https:\/\/catolicanet.net\/wp-cnet\/wp-json\/wp\/v2\/posts\/50026\/revisions"}],"predecessor-version":[{"id":50028,"href":"https:\/\/catolicanet.net\/wp-cnet\/wp-json\/wp\/v2\/posts\/50026\/revisions\/50028"}],"wp:featuredmedia":[{"embeddable":true,"href":"https:\/\/catolicanet.net\/wp-cnet\/wp-json\/wp\/v2\/media\/50027"}],"wp:attachment":[{"href":"https:\/\/catolicanet.net\/wp-cnet\/wp-json\/wp\/v2\/media?parent=50026"}],"wp:term":[{"taxonomy":"category","embeddable":true,"href":"https:\/\/catolicanet.net\/wp-cnet\/wp-json\/wp\/v2\/categories?post=50026"},{"taxonomy":"post_tag","embeddable":true,"href":"https:\/\/catolicanet.net\/wp-cnet\/wp-json\/wp\/v2\/tags?post=50026"}],"curies":[{"name":"wp","href":"https:\/\/api.w.org\/{rel}","templated":true}]}}